{"id":284592,"date":"2026-09-03T11:59:13","date_gmt":"2026-09-03T11:59:13","guid":{"rendered":"https:\/\/www.europesays.com\/lv\/284592\/"},"modified":"2026-09-03T11:59:13","modified_gmt":"2026-09-03T11:59:13","slug":"macibu-gada-sakumu-brivdienas-un-eksamenu-norises-laikus-noteiks-izglitibas-ministrs","status":"publish","type":"post","link":"https:\/\/www.europesays.com\/lv\/284592\/","title":{"rendered":"M\u0101c\u012bbu gada s\u0101kumu, br\u012bvdienas un eks\u0101menu norises laikus noteiks izgl\u012bt\u012bbas ministrs"},"content":{"rendered":"<p>Groz\u012bjumi pie\u0146emti Izgl\u012bt\u012bbas likum\u0101, Visp\u0101r\u0113j\u0101s izgl\u012bt\u012bbas likum\u0101 un Profesion\u0101l\u0101s izgl\u012bt\u012bbas likum\u0101. Tiem bija noteikta steidzam\u012bba.<\/p>\n<p>L\u012bdz \u0161im sp\u0113k\u0101 eso\u0161\u0101 k\u0101rt\u012bba paredz\u0113ja, ka \u0161\u0101ds l\u0113mums katru gadu ir j\u0101pie\u0146em Ministru kabinetam (MK). T\u0101pat MK l\u0113ma par visp\u0101rizgl\u012btojo\u0161o m\u0101c\u012bbu priek\u0161metu valsts p\u0101rbaudes darbu norises laiku visp\u0101r\u0113j\u0101s izgl\u012bt\u012bbas un profesion\u0101l\u0101s vid\u0113j\u0101s izgl\u012bt\u012bbas programm\u0101s.<\/p>\n<p>Tagad \u0161o pien\u0101kumu dele\u0123\u0113s izgl\u012bt\u012bbas un zin\u0101tnes ministram, neiesaistot visu vald\u012bbu. Anot\u0101cij\u0101 skaidrots, ka izmai\u0146u m\u0113r\u0137is ir mazin\u0101t birokr\u0101tisko slogu.<\/p>\n<p>T\u0101pat izgl\u012bt\u012bbas un zin\u0101tnes ministrs turpm\u0101k b\u016bs tas, kur\u0161 pie\u0146ems gala l\u0113mumu valsts \u0123imn\u0101zijas statusa pie\u0161\u0137ir\u0161anu un anul\u0113\u0161anu izgl\u012bt\u012bbas iest\u0101d\u0113m.<\/p>\n<p>Izmai\u0146as st\u0101sies sp\u0113k\u0101 n\u0101kamaj\u0101 dien\u0101 p\u0113c likumu izsludin\u0101\u0161anas.<\/p>\n","protected":false},"excerpt":{"rendered":"Groz\u012bjumi pie\u0146emti Izgl\u012bt\u012bbas likum\u0101, Visp\u0101r\u0113j\u0101s izgl\u012bt\u012bbas likum\u0101 un Profesion\u0101l\u0101s izgl\u012bt\u012bbas likum\u0101. Tiem bija noteikta steidzam\u012bba. L\u012bdz \u0161im sp\u0113k\u0101&hellip;\n","protected":false},"author":2,"featured_media":284593,"comment_status":"","ping_status":"","sticky":false,"template":"","format":"standard","meta":{"footnotes":"","_share_on_mastodon":"0"},"categories":[12],"tags":[23,28,29,42086,32,33,22,3313,30,31,35,39,38,36,37,34,40,20,26,27,141,49,30230,24,25,21],"class_list":["post-284592","post","type-post","status-publish","format-standard","has-post-thumbnail","category-latvija","tag-aktualitates","tag-breaking-news","tag-breakingnews","tag-brivlaiks","tag-featured-news","tag-featurednews","tag-headlines","tag-izglitibas-un-zinatnes-ministrija","tag-latest-news","tag-latestnews","tag-latvia","tag-latvian","tag-latviesu","tag-latviesu-valoda","tag-latviesuvaloda","tag-latvija","tag-lv","tag-news","tag-popularakas-zinas","tag-popularakaszinas","tag-saeima","tag-skola","tag-skolenu-brivlaiks","tag-top-stories","tag-topstories","tag-zinas"],"share_on_mastodon":{"url":"https:\/\/pubeurope.com\/@lv\/117206998307489790","error":""},"_links":{"self":[{"href":"https:\/\/www.europesays.com\/lv\/wp-json\/wp\/v2\/posts\/284592","targetHints":{"allow":["GET"]}}],"collection":[{"href":"https:\/\/www.europesays.com\/lv\/wp-json\/wp\/v2\/posts"}],"about":[{"href":"https:\/\/www.europesays.com\/lv\/wp-json\/wp\/v2\/types\/post"}],"author":[{"embeddable":true,"href":"https:\/\/www.europesays.com\/lv\/wp-json\/wp\/v2\/users\/2"}],"replies":[{"embeddable":true,"href":"https:\/\/www.europesays.com\/lv\/wp-json\/wp\/v2\/comments?post=284592"}],"version-history":[{"count":0,"href":"https:\/\/www.europesays.com\/lv\/wp-json\/wp\/v2\/posts\/284592\/revisions"}],"wp:featuredmedia":[{"embeddable":true,"href":"https:\/\/www.europesays.com\/lv\/wp-json\/wp\/v2\/media\/284593"}],"wp:attachment":[{"href":"https:\/\/www.europesays.com\/lv\/wp-json\/wp\/v2\/media?parent=284592"}],"wp:term":[{"taxonomy":"category","embeddable":true,"href":"https:\/\/www.europesays.com\/lv\/wp-json\/wp\/v2\/categories?post=284592"},{"taxonomy":"post_tag","embeddable":true,"href":"https:\/\/www.europesays.com\/lv\/wp-json\/wp\/v2\/tags?post=284592"}],"curies":[{"name":"wp","href":"https:\/\/api.w.org\/{rel}","templated":true}]}}