{"id":284666,"date":"2026-09-03T13:01:11","date_gmt":"2026-09-03T13:01:11","guid":{"rendered":"https:\/\/www.europesays.com\/lv\/284666\/"},"modified":"2026-09-03T13:01:11","modified_gmt":"2026-09-03T13:01:11","slug":"vef-aizvadis-speli-saldu-rigas-zelli-atradisies-cesis-gulbene-un-rezekne-basketbols-sportacentrs-com","status":"publish","type":"post","link":"https:\/\/www.europesays.com\/lv\/284666\/","title":{"rendered":"VEF aizvad\u012bs sp\u0113li Sald\u016b, &#8220;R\u012bgas Ze\u013c\u013ci&#8221; atr\u0101d\u012bsies C\u0113s\u012bs, Gulben\u0113 un R\u0113zekn\u0113 \u2013 Basketbols \u2013 Sportacentrs.com"},"content":{"rendered":"<p>Turn\u012bra debitanti <a href=\"https:\/\/sportacentrs.com\/basketbols\/lbl\/02092026-razumovskis_par_ekselences_junioriem\" target=\"_blank\" rel=\"nofollow noopener\">&#8220;R\u012bgas Ekselences Juniori&#8221;<\/a> sezonu s\u0101ks ar ma\u010du pret valmierie\u0161iem, bet 1. oktobr\u012b Valda Razumovska tren\u0113tajai komandai gaid\u0101ma sp\u0113le pret &#8220;Latvijas Universit\u0101tes&#8221; basketbolistiem. Junioriem gandr\u012bz visam m\u0101jas sp\u0113les paredz\u0113tas Komandu sporta sp\u0113\u013cu hall\u0113. Viens iz\u0146\u0113mums gaid\u0101ms paredz\u0113ts 17. novembr\u012b, kad juniori dosies uz ielas otru pusi, lai pret &#8220;Ogri&#8221; sp\u0113li uz\u0146emtu Daugavas sporta nam\u0101.<\/p>\n<p>Jevg\u0113nija Kosu\u0161kina tren\u0113t\u0101 &#8220;VEF R\u012bga&#8221; sezonu viet\u0113j\u0101 l\u012bg\u0101 s\u0101ks 23. septembr\u012b, kad &#8220;Rimi&#8221; Olimpiskaj\u0101 centr\u0101 pandas sam\u0113ros sp\u0113kus ar &#8220;Latvijas Universit\u0101tes&#8221; studentiem. Vefi\u0146a l\u012bdzjut\u0113jiem sezonas gait\u0101 n\u0101ksies uzman\u012bgi sekot komandas m\u0101jas sp\u0113\u013cu norises viet\u0101m, jo r\u012bdzinieki diezgan bie\u017ei svaid\u012bsies no vienas halles uz otru.<\/p>\n<p>Pirm\u0101s \u010detras m\u0101jas sp\u0113les Latvijas &#8211; Igaunijas l\u012bg\u0101 melnbaltajiem paredz\u0113tas &#8220;Rimi&#8221; Olimpiskaj\u0101 centr\u0101, bet v\u0113l\u0101k lielu da\u013cu savu m\u0101jas sp\u0113\u013cu Vefi\u0146\u0161 aizvad\u012bs Komandu sporta sp\u0113\u013cu hall\u0113. Zin\u0101ms pamats spert zibe\u0146us ir &#8220;Viimsi&#8221; komandai, kas pret r\u012bdziniekiem sp\u0113l\u0113s 10. febru\u0101r\u012b. Ja citos gad\u012bjumos Latvijas klubi ir p\u0101rc\u0113lu\u0161i savas m\u0101jas sp\u0113les uz viet\u0101m, kur pretiniekiem b\u016btu j\u0101m\u0113ro tuv\u0101ks atstatums, tad &#8220;Viimsi&#8221; vien\u012bbai n\u0101ksies doties l\u012bdz Saldum.<\/p>\n<p>V\u0113l raib\u0101ks kalend\u0101rs gaid\u0101ms &#8220;R\u012bgas Ze\u013c\u013ciem&#8221;. Roz\u0101 komanda pirmo m\u0101jas sp\u0113li aizvad\u012bs 3. oktobr\u012b, KSSH uz\u0146emot ogr\u0113nie\u0161us. Tur pat Roka Kondratavi\u010da vad\u012bb\u0101 vien\u012bba uz\u0146ems ar\u012b n\u0101kam\u0101s tr\u012bs sp\u0113les, bet ar novembra vidu vella kalpi s\u0101ks akt\u012bvi ce\u013cot pa da\u017e\u0101d\u0101m hall\u0113m.<\/p>\n<p>14. novembr\u012b roz\u0101 komanda Daugavas sporta nam\u0101 sp\u0113l\u0113s pret &#8220;Viimsi&#8221;. 21. novembr\u012b &#8220;R\u012bgas Ze\u013c\u013ci&#8221; jau tradicion\u0101li C\u0113s\u012bs uz\u0146ems &#8220;Valmiera Glass\/ViA&#8221; basketbolistus. 6. decembra c\u012bni\u0146\u0161 par R\u012bgu starp &#8220;R\u012bgas Ze\u013c\u013ciem&#8221; un &#8220;VEF R\u012bga&#8221; komand\u0101m norisn\u0101sies galvaspils\u0113tas lielaj\u0101 ar\u0113n\u0101.<\/p>\n<p>5. marta sp\u0113le pret &#8220;Keila Basket&#8221; roz\u0101 vien\u012bbai iecer\u0113ta Gulben\u0113, bet dueli ar &#8220;Latvijas Universit\u0101ti&#8221; vienu dienu v\u0113l\u0101k ze\u013c\u013ci uz\u0146ems R\u0113zekn\u0113. Savuk\u0101rt regul\u0101r\u0101s sezonas p\u0113d\u0113jo sp\u0113li pret Tallinas &#8220;Bigbank\/Kalev&#8221; r\u012bdzinieki 13. mart\u0101 aizvad\u012bs Ar\u0113n\u0101.<\/p>\n<p>Ar\u012b &#8220;Latvijas Universit\u0101te&#8221; \u0161aj\u0101 sezon\u0101 neb\u016bs piesieta vienai m\u0101jvietai. Lai gan lei\u0101ko da\u013cu sp\u0113\u013cu studenti aizvad\u012bs Oskara Kalpaka R\u012bgas Tautas dai\u013camatu pamatskolas hall\u0113, tom\u0113r tr\u012bs reizes studenti gras\u0101s sp\u0113l\u0113t ar\u012b M\u0101rupes sporta centr\u0101. Pirm\u0101 no t\u0101m b\u016bs jau 28. septembr\u012b pret ventspilniekiem. 25. janv\u0101r\u012b studenti M\u0101rup\u0113 uz\u0146ems p\u0113rnavie\u0161us, bet 16. febur\u0101r\u012b tur sp\u0113l\u0113s pret &#8220;VEF R\u012bga&#8221; basketbolistiem.<\/p>\n<p>LU studentu sp\u0113les M\u0101rupes hall\u0113 d\u0101v\u0101s basketbola plato vakaru M\u0101rupes iedz\u012bvot\u0101jiem, jo t\u0101s b\u016bs dubultesp\u0113les, kuru ies\u0101kum\u0101 &#8220;M\u0101rupes&#8221; basketbolisti aizvad\u012bs savus ma\u010dus Nacion\u0101l\u0101s l\u012bgas turn\u012br\u0101, bet p\u0113c t\u0101 skat\u012bt\u0101ji tur pat z\u0101l\u0113 var\u0113s baud\u012bt ar\u012b augst\u0101k\u0101s l\u012bgas sac\u012bkstes.<\/p>\n<p>Latvijas &#8211; Igaunijas l\u012bgas septembra sp\u0113les<\/p>\n<tr>Dat.LaiksSp\u0113le<\/tr>\n<tr class=\"even\">\n<td>22.09.<\/td>\n<td class=\"ralign\">19:00<\/td>\n<td>Ekselences Juniori &#8211; Valmiera Glass\/ViA<\/td>\n<td\/><\/tr>\n<tr class=\"odd\">\n<td>23.09.<\/td>\n<td class=\"ralign\">19:30<\/td>\n<td>VEF R\u012bga &#8211; Latvijas Universit\u0101te<\/td>\n<td\/><\/tr>\n<tr class=\"even\">\n<td>24.09.<\/td>\n<td class=\"ralign\">19:00<\/td>\n<td>Tartu Universit\u0101te &#8211; Bigbank\/Kalev<\/td>\n<td\/><\/tr>\n<tr class=\"odd\">\n<td>25.09.<\/td>\n<td class=\"ralign\">19:00<\/td>\n<td>Valmiera Glass\/ViA &#8211; Ventspils<\/td>\n<td\/><\/tr>\n<tr class=\"even\">\n<td\/>\n<td class=\"ralign\">19:30<\/td>\n<td>Keila Basket &#8211; R\u012bgas Ze\u013c\u013ci<\/td>\n<td\/><\/tr>\n<tr class=\"odd\">\n<td>26.09.<\/td>\n<td class=\"ralign\">17:00<\/td>\n<td>TalTech\/Alexela &#8211; R\u012bgas Ze\u013c\u013ci<\/td>\n<td\/><\/tr>\n<tr class=\"even\">\n<td\/>\n<td class=\"ralign\">17:00<\/td>\n<td>P\u0113rnava &#8211; Liep\u0101ja<\/td>\n<td\/><\/tr>\n<tr class=\"odd\">\n<td\/>\n<td class=\"ralign\">17:00<\/td>\n<td>Ogre &#8211; VEF R\u012bga<\/td>\n<td\/><\/tr>\n<tr class=\"even\">\n<td>27.09.<\/td>\n<td class=\"ralign\">17:00<\/td>\n<td>Viimsi &#8211; Bigbank\/Kalev<\/td>\n<td\/><\/tr>\n<tr class=\"odd\">\n<td>28.09.<\/td>\n<td class=\"ralign\">20:30<\/td>\n<td>Latvijas Universit\u0101te &#8211; Ventspils<\/td>\n<td>* M\u0101rupes SC<\/td>\n<\/tr>\n<tr class=\"even\">\n<td>29.09.<\/td>\n<td class=\"ralign\">19:00<\/td>\n<td>Valmiera Glass\/ViA &#8211; Keila Basket<\/td>\n<td\/><\/tr>\n<tr class=\"odd\">\n<td\/>\n<td class=\"ralign\">19:00<\/td>\n<td>VEF R\u012bga &#8211; Keila KK<\/td>\n<td\/><\/tr>\n<tr class=\"even\">\n<td>30.09.<\/td>\n<td class=\"ralign\">19:00<\/td>\n<td>Liep\u0101ja &#8211; Tartu Universit\u0101te<\/td>\n<td\/><\/tr>\n<p>Izmantotie resursi:<br \/><a target=\"_blank\" href=\"https:\/\/www.estlatbl.com\/lv\/game-center\" rel=\"nofollow noopener\">https:\/\/www.estlatbl.com\/lv\/game-ce&#8230;<\/a><\/p>\n","protected":false},"excerpt":{"rendered":"Turn\u012bra debitanti &#8220;R\u012bgas Ekselences Juniori&#8221; sezonu s\u0101ks ar ma\u010du pret valmierie\u0161iem, bet 1. oktobr\u012b Valda Razumovska tren\u0113tajai komandai&hellip;\n","protected":false},"author":2,"featured_media":284667,"comment_status":"","ping_status":"","sticky":false,"template":"","format":"standard","meta":{"footnotes":"","_share_on_mastodon":"0"},"categories":[5],"tags":[23,145,28,29,32,33,22,30,31,35,39,38,36,37,34,1313,1314,1312,40,20,26,27,24,25,21],"class_list":["post-284666","post","type-post","status-publish","format-standard","has-post-thumbnail","category-aktualitates","tag-aktualitates","tag-basketbols","tag-breaking-news","tag-breakingnews","tag-featured-news","tag-featurednews","tag-headlines","tag-latest-news","tag-latestnews","tag-latvia","tag-latvian","tag-latviesu","tag-latviesu-valoda","tag-latviesuvaloda","tag-latvija","tag-latvijas-basketbola-liga","tag-latvijas-basketbols","tag-lbl","tag-lv","tag-news","tag-popularakas-zinas","tag-popularakaszinas","tag-top-stories","tag-topstories","tag-zinas"],"share_on_mastodon":{"url":"https:\/\/pubeurope.com\/@lv\/117207242361704594","error":""},"_links":{"self":[{"href":"https:\/\/www.europesays.com\/lv\/wp-json\/wp\/v2\/posts\/284666","targetHints":{"allow":["GET"]}}],"collection":[{"href":"https:\/\/www.europesays.com\/lv\/wp-json\/wp\/v2\/posts"}],"about":[{"href":"https:\/\/www.europesays.com\/lv\/wp-json\/wp\/v2\/types\/post"}],"author":[{"embeddable":true,"href":"https:\/\/www.europesays.com\/lv\/wp-json\/wp\/v2\/users\/2"}],"replies":[{"embeddable":true,"href":"https:\/\/www.europesays.com\/lv\/wp-json\/wp\/v2\/comments?post=284666"}],"version-history":[{"count":0,"href":"https:\/\/www.europesays.com\/lv\/wp-json\/wp\/v2\/posts\/284666\/revisions"}],"wp:featuredmedia":[{"embeddable":true,"href":"https:\/\/www.europesays.com\/lv\/wp-json\/wp\/v2\/media\/284667"}],"wp:attachment":[{"href":"https:\/\/www.europesays.com\/lv\/wp-json\/wp\/v2\/media?parent=284666"}],"wp:term":[{"taxonomy":"category","embeddable":true,"href":"https:\/\/www.europesays.com\/lv\/wp-json\/wp\/v2\/categories?post=284666"},{"taxonomy":"post_tag","embeddable":true,"href":"https:\/\/www.europesays.com\/lv\/wp-json\/wp\/v2\/tags?post=284666"}],"curies":[{"name":"wp","href":"https:\/\/api.w.org\/{rel}","templated":true}]}}