{"id":284668,"date":"2026-09-03T13:02:25","date_gmt":"2026-09-03T13:02:25","guid":{"rendered":"https:\/\/www.europesays.com\/lv\/284668\/"},"modified":"2026-09-03T13:02:25","modified_gmt":"2026-09-03T13:02:25","slug":"pec-diviem-gadiem-asv-liene-greifane-beidzot-uzzina-kur-meklet-pelekos-zirnus","status":"publish","type":"post","link":"https:\/\/www.europesays.com\/lv\/284668\/","title":{"rendered":"P\u0113c diviem gadiem ASV Liene Greif\u0101ne beidzot uzzina, kur mekl\u0113t pel\u0113kos zir\u0146us"},"content":{"rendered":"<p>&#8220;Latvie\u0161i, saprat\u012bsiet. Man \u013coti gar\u0161o pel\u0113kie zirn\u012b\u0161i,&#8221; dzied\u0101t\u0101ja Liene Greif\u0101ne saka &#8220;Instagram&#8221; st\u0101st\u0101. Vi\u0146a atkl\u0101j, ka nekad nav var\u0113jusi tos ieg\u0101d\u0101ties \u0101rzem\u0113s \u2013 gan iepriek\u0161 dz\u012bvojot Krievij\u0101, gan tagad ASV.<\/p>\n<p>&#8220;Jo tuv\u0101k Ziemassv\u0113tkiem, rodas t\u0101 saj\u016bta&#8230; Pel\u0113kie zirn\u012b\u0161i ar spe\u0137\u012bti vai \u0161\u0137i\u0146\u0137\u012bti \u2013 t\u0101 grib\u0113tos,&#8221; v\u0113sta Liene. &#8220;Divus gadus mekl\u0113ju vis\u0101dos veikalos \u2013 nav.&#8221;<\/p>\n<p>Tad dzied\u0101t\u0101ja pace\u013c un par\u0101da lielu zir\u0146u maisu, sakot: &#8220;Es atradu!&#8221;<\/p>\n<p><img decoding=\"async\" itemprop=\"image\" src=\"https:\/\/www.europesays.com\/lv\/wp-content\/uploads\/2026\/09\/f57745dd-4819-461c-8e7b-d7f6574443d2.jpg\" title=\"P\u0113c diviem gadiem ASV Liene Greif\u0101ne beidzot uzzina, kur mekl\u0113t pel\u0113kos zir\u0146us\" alt=\"P\u0113c diviem gadiem ASV Liene Greif\u0101ne beidzot uzzina, kur mekl\u0113t pel\u0113kos zir\u0146us\" class=\"img-fluid w-100\" data-v-5a653f67=\"\"\/>Foto: Instagram\/lienegreifane<\/p>\n<p>&#8220;J\u016bs netic\u0113siet \u2013 Amerik\u0101 pel\u0113kie zirn\u012b\u0161i ir putnu bar\u012bba. Tos var nopirkt veikalos, kuri lielos daudzumos tirgo putnu bar\u012bbu,&#8221; vi\u0146a st\u0101sta. Kad tos internetveikal\u0101 ieraudz\u012bja, Liene nodom\u0101ja, ka izskat\u0101s l\u012bdz\u012bgi pel\u0113kajiem zir\u0146iem, t\u0101d\u0113\u013c vi\u0146a tos pas\u016bt\u012bja. <\/p>\n<p>&#8220;Gaid\u012bju k\u0101das divas ned\u0113\u013cas. Un ir!&#8221; Greif\u0101ne priec\u0101jas. &#8220;Es t\u0101 ilgojos p\u0113c pel\u0113kajiem zirn\u012b\u0161iem!&#8221;<\/p>\n<p>Lasiet ar\u012b<\/p>\n<p><a href=\"https:\/\/www.delfi.lv\/life\/42051922\/sovbizness\/120100241\/liene-greifane-pence-kluvusi-par-dziednieci\" class=\"headline__image-link\" itemprop=\"url\" rel=\"nofollow noopener\" target=\"_blank\"><img decoding=\"async\" loading=\"lazy\" itemprop=\"image\" src=\"https:\/\/www.europesays.com\/lv\/wp-content\/uploads\/2026\/09\/813fdbd0-5b84-11ed-9398-073fcf901191.jpg\" alt=\"Liene Greif\u0101ne-Pence k\u013cuvusi par dziednieci\" title=\"Liene Greif\u0101ne-Pence k\u013cuvusi par dziednieci\" class=\"headline__image img-fluid w-100\"\/><\/a><a href=\"https:\/\/www.delfi.lv\/life\/42051922\/sovbizness\/120062790\/liene-greifane-amerika-apprecejusies-ar-augsti-novertetu-nesvilas-advokatu\" class=\"headline__image-link\" itemprop=\"url\" rel=\"nofollow noopener\" target=\"_blank\"><img decoding=\"async\" loading=\"lazy\" itemprop=\"image\" src=\"https:\/\/www.europesays.com\/lv\/wp-content\/uploads\/2026\/09\/735bd419-dc93-41e1-9764-58bf1ecb0918.jpg\" alt=\"Liene Greif\u0101ne Amerik\u0101 apprec\u0113jusies ar augsti nov\u0113rt\u0113tu Ne\u0161vilas advok\u0101tu\" title=\"Liene Greif\u0101ne Amerik\u0101 apprec\u0113jusies ar augsti nov\u0113rt\u0113tu Ne\u0161vilas advok\u0101tu\" class=\"headline__image img-fluid w-100\"\/><\/a><\/p>\n","protected":false},"excerpt":{"rendered":"&#8220;Latvie\u0161i, saprat\u012bsiet. Man \u013coti gar\u0161o pel\u0113kie zirn\u012b\u0161i,&#8221; dzied\u0101t\u0101ja Liene Greif\u0101ne saka &#8220;Instagram&#8221; st\u0101st\u0101. Vi\u0146a atkl\u0101j, ka nekad nav&hellip;\n","protected":false},"author":2,"featured_media":284669,"comment_status":"","ping_status":"","sticky":false,"template":"","format":"standard","meta":{"footnotes":"","_share_on_mastodon":"0"},"categories":[19],"tags":[5531,89,90,35,39,38,36,37,34,42370,40,21867],"class_list":["post-284668","post","type-post","status-publish","format-standard","has-post-thumbnail","category-izklaide","tag-amerika","tag-entertainment","tag-izklaide","tag-latvia","tag-latvian","tag-latviesu","tag-latviesu-valoda","tag-latviesuvaloda","tag-latvija","tag-liene-greifane-lienecandy","tag-lv","tag-pelekie-zirni"],"share_on_mastodon":{"url":"https:\/\/pubeurope.com\/@lv\/117207246518881192","error":""},"_links":{"self":[{"href":"https:\/\/www.europesays.com\/lv\/wp-json\/wp\/v2\/posts\/284668","targetHints":{"allow":["GET"]}}],"collection":[{"href":"https:\/\/www.europesays.com\/lv\/wp-json\/wp\/v2\/posts"}],"about":[{"href":"https:\/\/www.europesays.com\/lv\/wp-json\/wp\/v2\/types\/post"}],"author":[{"embeddable":true,"href":"https:\/\/www.europesays.com\/lv\/wp-json\/wp\/v2\/users\/2"}],"replies":[{"embeddable":true,"href":"https:\/\/www.europesays.com\/lv\/wp-json\/wp\/v2\/comments?post=284668"}],"version-history":[{"count":0,"href":"https:\/\/www.europesays.com\/lv\/wp-json\/wp\/v2\/posts\/284668\/revisions"}],"wp:featuredmedia":[{"embeddable":true,"href":"https:\/\/www.europesays.com\/lv\/wp-json\/wp\/v2\/media\/284669"}],"wp:attachment":[{"href":"https:\/\/www.europesays.com\/lv\/wp-json\/wp\/v2\/media?parent=284668"}],"wp:term":[{"taxonomy":"category","embeddable":true,"href":"https:\/\/www.europesays.com\/lv\/wp-json\/wp\/v2\/categories?post=284668"},{"taxonomy":"post_tag","embeddable":true,"href":"https:\/\/www.europesays.com\/lv\/wp-json\/wp\/v2\/tags?post=284668"}],"curies":[{"name":"wp","href":"https:\/\/api.w.org\/{rel}","templated":true}]}}