{"id":284712,"date":"2026-09-03T13:43:12","date_gmt":"2026-09-03T13:43:12","guid":{"rendered":"https:\/\/www.europesays.com\/lv\/284712\/"},"modified":"2026-09-03T13:43:12","modified_gmt":"2026-09-03T13:43:12","slug":"meklesana-izsludinatam-personam-ierobezo-dokumentu-un-e-identitates-izmantosanu","status":"publish","type":"post","link":"https:\/\/www.europesays.com\/lv\/284712\/","title":{"rendered":"Mekl\u0113\u0161an\u0101 izsludin\u0101t\u0101m person\u0101m ierobe\u017eo dokumentu un e-identit\u0101tes izmanto\u0161anu"},"content":{"rendered":"<p>\t\t\t(03.09.2026.)\n\t\t<\/p>\n<p>\t\t\t\t\t<img decoding=\"async\" src=\"https:\/\/www.europesays.com\/lv\/wp-content\/uploads\/2026\/09\/lZ9DHi.jpg\" alt=\"\"\/>\t\t\t\t<\/p>\n<p>Ceturtdien, 3.septembr\u012b, Saeima gal\u012bgaj\u0101 las\u012bjum\u0101 atbalst\u012bja <a href=\"https:\/\/titania.saeima.lv\/LIVS14\/saeimalivs14.nsf\/webSasaiste?OpenView&amp;restricttocategory=1333\/Lp14\" target=\"_blank\" rel=\"nofollow noopener\">groz\u012bjumus<\/a> Personu apliecino\u0161u dokumentu likum\u0101 un <a href=\"https:\/\/titania.saeima.lv\/LIVS14\/saeimalivs14.nsf\/webSasaiste?OpenView&amp;restricttocategory=1332\/Lp14\" target=\"_blank\" rel=\"nofollow noopener\">groz\u012bjumus<\/a> Fizisko personu elektronisk\u0101s identifik\u0101cijas likum\u0101. Tie ierobe\u017eos personu apliecino\u0161u dokumentu un elektronisk\u0101s identifik\u0101cijas l\u012bdzek\u013cu izmanto\u0161anu person\u0101m, kur\u0101m krimin\u0101lproces\u0101 piem\u0113rots ar br\u012bv\u012bbas at\u0146em\u0161anu saist\u012bts dro\u0161\u012bbas l\u012bdzeklis un kuras izsludin\u0101tas mekl\u0113\u0161an\u0101.<\/p>\n<p>\u201c\u0160ie groz\u012bjumi nav v\u0113rsti uz dokumentu at\u0146em\u0161anu, bet gan uz to izmanto\u0161anas ierobe\u017eo\u0161anu. Nav pie\u013caujams, ka mekl\u0113\u0161an\u0101 izsludin\u0101tas personas var br\u012bvi ce\u013cot, att\u0101lin\u0101ti parakst\u012bt dokumentus vai izmantot valsts pakalpojumus. Ar \u0161o regul\u0113jumu tiek stiprin\u0101ta tiesisk\u0101s atbild\u012bbas neizb\u0113gam\u012bba, veicin\u0101ta b\u0113gu\u013cojo\u0161o personu \u0101tr\u0101ka atra\u0161ana un liegtas iesp\u0113jas izvair\u012bties no krimin\u0101lprocesa vai soda izpildes,\u201d iepriek\u0161 nor\u0101d\u012bja par likumprojektu atbild\u012bg\u0101s Juridisk\u0101s komisijas priek\u0161s\u0113d\u0113t\u0101js Andrejs Judins.<\/p>\n<p>Groz\u012bjumi veido savstarp\u0113ji papildino\u0161u regul\u0113jumu, kas aptver gan personas identific\u0113\u0161anu kl\u0101tien\u0113, gan digit\u0101laj\u0101 vid\u0113. Personu apliecino\u0161u dokumentu likuma groz\u012bjumi ierobe\u017eos identifik\u0101cijas dokumentu izmanto\u0161anu mekl\u0113\u0161an\u0101 izsludin\u0101t\u0101m person\u0101m, kur\u0101m krimin\u0101lproces\u0101 piem\u0113rots ar br\u012bv\u012bbas at\u0146em\u0161anu saist\u012bts dro\u0161\u012bbas l\u012bdzeklis. Savuk\u0101rt Fizisko personu elektronisk\u0101s identifik\u0101cijas likuma groz\u012bjumi aptur\u0113s elektronisk\u0101s identifik\u0101cijas l\u012bdzek\u013cu darb\u012bbu mekl\u0113\u0161an\u0101 izsludin\u0101t\u0101m person\u0101m.<\/p>\n<p>\u00a0<\/p>\n<p>Saeimas Preses dienests<\/p>\n","protected":false},"excerpt":{"rendered":"(03.09.2026.) Ceturtdien, 3.septembr\u012b, Saeima gal\u012bgaj\u0101 las\u012bjum\u0101 atbalst\u012bja groz\u012bjumus Personu apliecino\u0161u dokumentu likum\u0101 un groz\u012bjumus Fizisko personu elektronisk\u0101s identifik\u0101cijas&hellip;\n","protected":false},"author":2,"featured_media":284713,"comment_status":"","ping_status":"","sticky":false,"template":"","format":"standard","meta":{"footnotes":"","_share_on_mastodon":"0"},"categories":[12],"tags":[23,28,29,32,33,22,30,31,35,39,38,36,37,34,40,20,26,27,24,25,21],"class_list":["post-284712","post","type-post","status-publish","format-standard","has-post-thumbnail","category-latvija","tag-aktualitates","tag-breaking-news","tag-breakingnews","tag-featured-news","tag-featurednews","tag-headlines","tag-latest-news","tag-latestnews","tag-latvia","tag-latvian","tag-latviesu","tag-latviesu-valoda","tag-latviesuvaloda","tag-latvija","tag-lv","tag-news","tag-popularakas-zinas","tag-popularakaszinas","tag-top-stories","tag-topstories","tag-zinas"],"share_on_mastodon":{"url":"https:\/\/pubeurope.com\/@lv\/117207407767677583","error":""},"_links":{"self":[{"href":"https:\/\/www.europesays.com\/lv\/wp-json\/wp\/v2\/posts\/284712","targetHints":{"allow":["GET"]}}],"collection":[{"href":"https:\/\/www.europesays.com\/lv\/wp-json\/wp\/v2\/posts"}],"about":[{"href":"https:\/\/www.europesays.com\/lv\/wp-json\/wp\/v2\/types\/post"}],"author":[{"embeddable":true,"href":"https:\/\/www.europesays.com\/lv\/wp-json\/wp\/v2\/users\/2"}],"replies":[{"embeddable":true,"href":"https:\/\/www.europesays.com\/lv\/wp-json\/wp\/v2\/comments?post=284712"}],"version-history":[{"count":0,"href":"https:\/\/www.europesays.com\/lv\/wp-json\/wp\/v2\/posts\/284712\/revisions"}],"wp:featuredmedia":[{"embeddable":true,"href":"https:\/\/www.europesays.com\/lv\/wp-json\/wp\/v2\/media\/284713"}],"wp:attachment":[{"href":"https:\/\/www.europesays.com\/lv\/wp-json\/wp\/v2\/media?parent=284712"}],"wp:term":[{"taxonomy":"category","embeddable":true,"href":"https:\/\/www.europesays.com\/lv\/wp-json\/wp\/v2\/categories?post=284712"},{"taxonomy":"post_tag","embeddable":true,"href":"https:\/\/www.europesays.com\/lv\/wp-json\/wp\/v2\/tags?post=284712"}],"curies":[{"name":"wp","href":"https:\/\/api.w.org\/{rel}","templated":true}]}}