{"id":284714,"date":"2026-09-03T13:44:09","date_gmt":"2026-09-03T13:44:09","guid":{"rendered":"https:\/\/www.europesays.com\/lv\/284714\/"},"modified":"2026-09-03T13:44:09","modified_gmt":"2026-09-03T13:44:09","slug":"ukrainas-arlietu-ministrs-es-22-sankciju-pakete-bus-arkartigi-postosa-krievijas-ekonomikai","status":"publish","type":"post","link":"https:\/\/www.europesays.com\/lv\/284714\/","title":{"rendered":"Ukrainas \u0101rlietu ministrs: ES 22. sankciju pakete b\u016bs \u0101rk\u0101rt\u012bgi posto\u0161a Krievijas ekonomikai"},"content":{"rendered":"<p>&#8220;M\u0113s nedaudz kori\u0123\u0113sim praksi, kad starp lielajiem sankciju pakotn\u0113m bija p\u0101rtraukumi. M\u0113s apspried\u0101m ar\u012b 22. sankciju paketi, kas b\u016bs \u013coti posto\u0161a Krievijas ekonomikai. Un m\u0113s jau zin\u0101m t\u0101s parametrus,&#8221; pav\u0113st\u012bja Sibiha.<\/p>\n<p>P\u0113c ministra teikt\u0101, san\u0101ksm\u0113 tika apspriesta ar\u012b nepiecie\u0161am\u012bba nepie\u013caut ilgsto\u0161as pauzes starp lielu sankciju k\u0101rtu ievie\u0161anu.<\/p>\n<p>Vi\u0146\u0161 paskaidroja, ka \u0161\u0101da pieeja ir nepiecie\u0161ama, lai liegtu Krievijai iesp\u0113ju izmantot laika posmus starp sankciju l\u0113mumiem, lai piel\u0101gotos jaunajiem ierobe\u017eojumiem. &#8220;Un tie\u0161i \u0161aj\u0101 laika posm\u0101, lai nedotu Krievijai atelpu piel\u0101go\u0161an\u0101s procesam, mums katru reizi ir j\u0101ievie\u0161 jaunas sankciju paketes,&#8221; sac\u012bja Sibiha.<\/p>\n","protected":false},"excerpt":{"rendered":"&#8220;M\u0113s nedaudz kori\u0123\u0113sim praksi, kad starp lielajiem sankciju pakotn\u0113m bija p\u0101rtraukumi. M\u0113s apspried\u0101m ar\u012b 22. sankciju paketi, kas&hellip;\n","protected":false},"author":2,"featured_media":284715,"comment_status":"","ping_status":"","sticky":false,"template":"","format":"standard","meta":{"footnotes":"","_share_on_mastodon":"0"},"categories":[5],"tags":[23,28,29,686,32,33,22,234,74,30,31,35,39,38,36,37,34,40,20,26,27,511,24,25,276,21],"class_list":["post-284714","post","type-post","status-publish","format-standard","has-post-thumbnail","category-aktualitates","tag-aktualitates","tag-breaking-news","tag-breakingnews","tag-es-sankcijas","tag-featured-news","tag-featurednews","tag-headlines","tag-krievija","tag-krievijas-iebrukums-ukraina","tag-latest-news","tag-latestnews","tag-latvia","tag-latvian","tag-latviesu","tag-latviesu-valoda","tag-latviesuvaloda","tag-latvija","tag-lv","tag-news","tag-popularakas-zinas","tag-popularakaszinas","tag-sankcijas","tag-top-stories","tag-topstories","tag-ukraina","tag-zinas"],"share_on_mastodon":{"url":"https:\/\/pubeurope.com\/@lv\/117207411565651344","error":""},"_links":{"self":[{"href":"https:\/\/www.europesays.com\/lv\/wp-json\/wp\/v2\/posts\/284714","targetHints":{"allow":["GET"]}}],"collection":[{"href":"https:\/\/www.europesays.com\/lv\/wp-json\/wp\/v2\/posts"}],"about":[{"href":"https:\/\/www.europesays.com\/lv\/wp-json\/wp\/v2\/types\/post"}],"author":[{"embeddable":true,"href":"https:\/\/www.europesays.com\/lv\/wp-json\/wp\/v2\/users\/2"}],"replies":[{"embeddable":true,"href":"https:\/\/www.europesays.com\/lv\/wp-json\/wp\/v2\/comments?post=284714"}],"version-history":[{"count":0,"href":"https:\/\/www.europesays.com\/lv\/wp-json\/wp\/v2\/posts\/284714\/revisions"}],"wp:featuredmedia":[{"embeddable":true,"href":"https:\/\/www.europesays.com\/lv\/wp-json\/wp\/v2\/media\/284715"}],"wp:attachment":[{"href":"https:\/\/www.europesays.com\/lv\/wp-json\/wp\/v2\/media?parent=284714"}],"wp:term":[{"taxonomy":"category","embeddable":true,"href":"https:\/\/www.europesays.com\/lv\/wp-json\/wp\/v2\/categories?post=284714"},{"taxonomy":"post_tag","embeddable":true,"href":"https:\/\/www.europesays.com\/lv\/wp-json\/wp\/v2\/tags?post=284714"}],"curies":[{"name":"wp","href":"https:\/\/api.w.org\/{rel}","templated":true}]}}