{"id":284722,"date":"2026-09-03T13:49:15","date_gmt":"2026-09-03T13:49:15","guid":{"rendered":"https:\/\/www.europesays.com\/lv\/284722\/"},"modified":"2026-09-03T13:49:15","modified_gmt":"2026-09-03T13:49:15","slug":"saeima-vertes-vai-laut-valsts-kontrolei-revidet-parlamenta-terinus-lr1-latvijas-radio","status":"publish","type":"post","link":"https:\/\/www.europesays.com\/lv\/284722\/","title":{"rendered":"Saeima v\u0113rt\u0113s, vai \u013caut Valsts kontrolei revid\u0113t parlamenta t\u0113ri\u0146us \/ LR1 \/ \/ Latvijas Radio"},"content":{"rendered":"<p><a href=\"https:\/\/mapp.latvijasradio.lv\/shared-broadcast?b=124&amp;url=http:\/\/latvijasradio.lsm.lv\/lv\/lr1\/raidijumi\/pecpusdiena\/\" target=\"_blank\" rel=\"nofollow noopener\"><img decoding=\"async\" alt=\"Latvijas Radio lietotnes logo\" src=\"https:\/\/www.europesays.com\/lv\/wp-content\/uploads\/2026\/09\/1788443355_685_LR_pod poga.png\" style=\"width: 150px; height: 41px;\"\/><\/a><\/p>\n<p>K\u0101rt\u0113jais priek\u0161v\u0113l\u0113\u0161anu sol\u012bjums vai ap\u0146em\u0161an\u0101s, kas \u0161oreiz tiks \u012bstenota? Saeima v\u0113rt\u0113s, vai \u013caut Valsts kontrolei revid\u0113t parlamenta t\u0113ri\u0146us. Deput\u0101ti \u0161odien, 3. septembr\u012b, nodeva komisij\u0101m divus l\u012bdz\u012bgus likumu groz\u012bjumu priek\u0161likumus, kurus atsevi\u0161\u0137i iesniegusi Za\u013co un Zemnieku savien\u012bba un \u201cProgres\u012bvie\u201d.<\/p>\n<p>Saeima ir vien\u012bg\u0101 valsts iest\u0101de, kuru Valsts kontrole nerevid\u0113. Par iesp\u0113ju to main\u012bt diskut\u0113ts gadiem, un l\u012bdz\u012bgi priek\u0161likumi parlament\u0101 iesniegti vair\u0101kk\u0101rt, ta\u010du l\u012bdz likumu groz\u012bjumu pie\u0146em\u0161anai nav non\u0101kts. Vai \u0161oreiz tas izdosies?<\/p>\n<p>Ieteikt<\/p>\n<p>    Latvijas Radio aicina izteikt savu viedokli par raid\u012bjum\u0101 dzird\u0113to un atbalsta diskusijas klaus\u012bt\u0101ju starp\u0101, tom\u0113r patur ties\u012bbas dz\u0113st koment\u0101rus, kas p\u0101rk\u0101pj cie\u0146pilnas attieksmes un \u0113tiskas r\u012bc\u012bbas robe\u017eas.<a name=\"comments\"\/><\/p>\n","protected":false},"excerpt":{"rendered":"K\u0101rt\u0113jais priek\u0161v\u0113l\u0113\u0161anu sol\u012bjums vai ap\u0146em\u0161an\u0101s, kas \u0161oreiz tiks \u012bstenota? Saeima v\u0113rt\u0113s, vai \u013caut Valsts kontrolei revid\u0113t parlamenta t\u0113ri\u0146us.&hellip;\n","protected":false},"author":2,"featured_media":284723,"comment_status":"","ping_status":"","sticky":false,"template":"","format":"standard","meta":{"footnotes":"","_share_on_mastodon":"0"},"categories":[12],"tags":[23,28,29,32,33,22,30,31,35,39,38,36,37,34,40,20,26,27,24,25,21],"class_list":["post-284722","post","type-post","status-publish","format-standard","has-post-thumbnail","category-latvija","tag-aktualitates","tag-breaking-news","tag-breakingnews","tag-featured-news","tag-featurednews","tag-headlines","tag-latest-news","tag-latestnews","tag-latvia","tag-latvian","tag-latviesu","tag-latviesu-valoda","tag-latviesuvaloda","tag-latvija","tag-lv","tag-news","tag-popularakas-zinas","tag-popularakaszinas","tag-top-stories","tag-topstories","tag-zinas"],"share_on_mastodon":{"url":"https:\/\/pubeurope.com\/@lv\/117207431423900759","error":""},"_links":{"self":[{"href":"https:\/\/www.europesays.com\/lv\/wp-json\/wp\/v2\/posts\/284722","targetHints":{"allow":["GET"]}}],"collection":[{"href":"https:\/\/www.europesays.com\/lv\/wp-json\/wp\/v2\/posts"}],"about":[{"href":"https:\/\/www.europesays.com\/lv\/wp-json\/wp\/v2\/types\/post"}],"author":[{"embeddable":true,"href":"https:\/\/www.europesays.com\/lv\/wp-json\/wp\/v2\/users\/2"}],"replies":[{"embeddable":true,"href":"https:\/\/www.europesays.com\/lv\/wp-json\/wp\/v2\/comments?post=284722"}],"version-history":[{"count":0,"href":"https:\/\/www.europesays.com\/lv\/wp-json\/wp\/v2\/posts\/284722\/revisions"}],"wp:featuredmedia":[{"embeddable":true,"href":"https:\/\/www.europesays.com\/lv\/wp-json\/wp\/v2\/media\/284723"}],"wp:attachment":[{"href":"https:\/\/www.europesays.com\/lv\/wp-json\/wp\/v2\/media?parent=284722"}],"wp:term":[{"taxonomy":"category","embeddable":true,"href":"https:\/\/www.europesays.com\/lv\/wp-json\/wp\/v2\/categories?post=284722"},{"taxonomy":"post_tag","embeddable":true,"href":"https:\/\/www.europesays.com\/lv\/wp-json\/wp\/v2\/tags?post=284722"}],"curies":[{"name":"wp","href":"https:\/\/api.w.org\/{rel}","templated":true}]}}