{"id":284782,"date":"2026-09-03T14:38:33","date_gmt":"2026-09-03T14:38:33","guid":{"rendered":"https:\/\/www.europesays.com\/lv\/284782\/"},"modified":"2026-09-03T14:38:33","modified_gmt":"2026-09-03T14:38:33","slug":"latvija-asi-nosoda-krievijas-tieso-iesaisti-dronu-uzbrukuma-meginajuma-leipcigas-lidosta-nosuta-protesta-notu","status":"publish","type":"post","link":"https:\/\/www.europesays.com\/lv\/284782\/","title":{"rendered":"Latvija asi nosoda Krievijas tie\u0161o iesaisti dronu uzbrukuma m\u0113\u0123in\u0101jum\u0101 Leipcigas lidost\u0101. Nos\u016bta protesta notu"},"content":{"rendered":"<p>Jau v\u0113st\u012bts, ka 4. august\u0101 Leipcigas lidost\u0101, kam ir noz\u012bm\u012bga loma milit\u0101rajos p\u0101rvad\u0101jumos, tika atrasts bezpilota lidapar\u0101ts ar spr\u0101gstviel\u0101m. Policija izmantoja robotu, lai neitraliz\u0113tu spr\u0101gstvielas dron\u0101, kas tika atrasts net\u0101lu no Ukrainas kravas lidma\u0161\u012bnas, un uzskata, ka otrs drons, iesp\u0113jams, sad\u016br\u0101s ar net\u0101lu eso\u0161u lo\u0123istikas komp\u0101nijas &#8220;DHL&#8221; lidma\u0161\u012bnu. Kop\u0161 t\u0101 laika ir atrasts tre\u0161ais drons, kas ar\u012b bija apr\u012bkots ar spr\u0101gstviel\u0101m.<\/p>\n<p>V\u0101cijas iek\u0161lietu ministrs Aleksandrs Dobrints otrdien nor\u0101d\u012bja, ka \u0161is uzbrukuma m\u0113\u0123in\u0101jums atbilst jau zin\u0101majam Krievijas hibr\u012bdoper\u0101ciju modelim. Vi\u0146\u0161 pazi\u0146oja, ka V\u0101cijas vald\u012bba &#8220;ir non\u0101kusi pie secin\u0101juma, ka Krievija ir atbild\u012bga par 4. august\u0101 Leipcig\u0101 notiku\u0161o hibr\u012bduzbrukumu&#8221;.<\/p>\n<p>Otrdienas vakar\u0101 laikraksts &#8220;Die Zeit&#8221; zi\u0146oja, ka V\u0101cijas \u0123ener\u0101lprokurors veic izmekl\u0113\u0161anu pret diviem aps\u016bdz\u0113tajiem.<\/p>\n<p>Saska\u0146\u0101 ar mediju inform\u0101ciju izmekl\u0113t\u0101ji ir p\u0101rliecin\u0101ti, ka zina Leipcigas pl\u0101not\u0101 uzbrukuma lo\u0123istikas speci\u0101listu un instruktoru.<\/p>\n<p>V\u0101cijas iest\u0101des ir identific\u0113ju\u0161as divus aizdom\u0101s turamos saist\u012bb\u0101 ar m\u0113\u0123in\u0101jumu veikt dronu uzbrukumu Leipcigas lidostai &#8211; Latvijas pilsoni un Krievijas pilsoni no Baltkrievijas, tre\u0161dien zi\u0146o laikraksts &#8220;Suddeutsche Zeitung&#8221;.<\/p>\n<p>V\u012brietim ar Latvijas pasi esot saiknes ar Krievijas specdienestiem. Vi\u0146\u0161 j\u016blija beig\u0101s ierad\u0101s V\u0101cij\u0101 caur Berl\u012bnes lidostu un p\u0113c tam ar nomas automa\u0161\u012bnu esot devies Leipcigas virzien\u0101. Divas dienas pirms incidenta Leipcigas lidost\u0101 aizdom\u0101s tur\u0113tais pameta V\u0101ciju &#8211; atkal ar lidma\u0161\u012bnu caur Berl\u012bnes lidostu.<\/p>\n","protected":false},"excerpt":{"rendered":"Jau v\u0113st\u012bts, ka 4. august\u0101 Leipcigas lidost\u0101, kam ir noz\u012bm\u012bga loma milit\u0101rajos p\u0101rvad\u0101jumos, tika atrasts bezpilota lidapar\u0101ts ar&hellip;\n","protected":false},"author":2,"featured_media":284783,"comment_status":"","ping_status":"","sticky":false,"template":"","format":"standard","meta":{"footnotes":"","_share_on_mastodon":"0"},"categories":[5],"tags":[23,28,29,32,33,22,234,30,31,35,39,38,36,37,34,36095,40,20,26,27,24,25,299,21],"class_list":["post-284782","post","type-post","status-publish","format-standard","has-post-thumbnail","category-aktualitates","tag-aktualitates","tag-breaking-news","tag-breakingnews","tag-featured-news","tag-featurednews","tag-headlines","tag-krievija","tag-latest-news","tag-latestnews","tag-latvia","tag-latvian","tag-latviesu","tag-latviesu-valoda","tag-latviesuvaloda","tag-latvija","tag-leipciga","tag-lv","tag-news","tag-popularakas-zinas","tag-popularakaszinas","tag-top-stories","tag-topstories","tag-vacija","tag-zinas"],"share_on_mastodon":{"url":"https:\/\/pubeurope.com\/@lv\/117207623698880758","error":""},"_links":{"self":[{"href":"https:\/\/www.europesays.com\/lv\/wp-json\/wp\/v2\/posts\/284782","targetHints":{"allow":["GET"]}}],"collection":[{"href":"https:\/\/www.europesays.com\/lv\/wp-json\/wp\/v2\/posts"}],"about":[{"href":"https:\/\/www.europesays.com\/lv\/wp-json\/wp\/v2\/types\/post"}],"author":[{"embeddable":true,"href":"https:\/\/www.europesays.com\/lv\/wp-json\/wp\/v2\/users\/2"}],"replies":[{"embeddable":true,"href":"https:\/\/www.europesays.com\/lv\/wp-json\/wp\/v2\/comments?post=284782"}],"version-history":[{"count":0,"href":"https:\/\/www.europesays.com\/lv\/wp-json\/wp\/v2\/posts\/284782\/revisions"}],"wp:featuredmedia":[{"embeddable":true,"href":"https:\/\/www.europesays.com\/lv\/wp-json\/wp\/v2\/media\/284783"}],"wp:attachment":[{"href":"https:\/\/www.europesays.com\/lv\/wp-json\/wp\/v2\/media?parent=284782"}],"wp:term":[{"taxonomy":"category","embeddable":true,"href":"https:\/\/www.europesays.com\/lv\/wp-json\/wp\/v2\/categories?post=284782"},{"taxonomy":"post_tag","embeddable":true,"href":"https:\/\/www.europesays.com\/lv\/wp-json\/wp\/v2\/tags?post=284782"}],"curies":[{"name":"wp","href":"https:\/\/api.w.org\/{rel}","templated":true}]}}