{"id":28479,"date":"2025-10-22T19:22:11","date_gmt":"2025-10-22T19:22:11","guid":{"rendered":"https:\/\/www.europesays.com\/lv\/28479\/"},"modified":"2025-10-22T19:22:11","modified_gmt":"2025-10-22T19:22:11","slug":"evika-silina-latvija-daudz-iegust-no-dalibas-ekonomiskas-sadarbibas-un-attistibas-organizacija-jauns-lv","status":"publish","type":"post","link":"https:\/\/www.europesays.com\/lv\/28479\/","title":{"rendered":"Evika Sili\u0146a: Latvija daudz ieg\u016bst no dal\u012bbas Ekonomisk\u0101s sadarb\u012bbas un att\u012bst\u012bbas organiz\u0101cij\u0101 &#8211; Jauns.lv"},"content":{"rendered":"<ol>\n<li><a href=\"https:\/\/news.google.com\/rss\/articles\/CBMiywFBVV95cUxNSWFTRmNvSTZTQ3hmVUFFNmlMSFM2S0dKNkJfUXB3eUUwb25QM2p5Ujlmb1hYdXR3TGVmMHlUcVAzenJ3ay1hSEZuRUlZcC1JbU9reWZmZ0RSa3BnUlpFUHJod0pPQmt2RE4wdGlMQnA1ampxWTQtaFNmaDNnckwtVUJlbmNKOGtmR21zQkhHdHBmeGY3eWxKbWdaS1FZM1Jya3NsYVVnTzhURTFLaTNsYjB0S2RyTU1JVV9vbnY0S09Bc3FmTEdqdGczdw?oc=5\" target=\"_blank\" rel=\"nofollow noopener\">Evika Sili\u0146a: Latvija daudz ieg\u016bst no dal\u012bbas Ekonomisk\u0101s sadarb\u012bbas un att\u012bst\u012bbas organiz\u0101cij\u0101<\/a>&nbsp;&nbsp;Jauns.lv<\/li>\n<li><a href=\"https:\/\/news.google.com\/rss\/articles\/CBMivAFBVV95cUxPVHIzM2k1RVR1RDQzbl9HM2tLUEJ6eDZJY1B6cmIxbVBWSUtqQUlCcnBWWE5UbnFYYXpNTndqTzNCbU9LbUowMTNLWS1ZRlI4Snpya0toclh1NG9FMGdTcVhDbktSMnFkSlRCcUdreWtPVzlyMkhNTXJBcFNPd3MycjNoSFZVYVR6bEJMdkw2ZmdrOG9GcUxaZGwtV3NHcWJVcFNjbDU3NGo0VEQwNXVNWEE2QzdtT1lxOUs2Ng?oc=5\" target=\"_blank\" rel=\"nofollow noopener\">Latvija un OECD: kop\u012bgi so\u013ci pretim kvalitat\u012bvai un iek\u013caujo\u0161ai izgl\u012bt\u012bbai<\/a>&nbsp;&nbsp;LV port\u0101ls<\/li>\n<li><a href=\"https:\/\/news.google.com\/rss\/articles\/CBMi2gFBVV95cUxONkRPcFMyVXJtSXVuU0pYZ1NZX3J6NnFQVlEzcDBydS14dTd0YUIwdWxfeXd1eHNuOTRXdlBHXzlvYVcyNnAzdUMwbklDdE93SXRtMGxqMFdZX3lJN2F0TGlYLVN2d1l0Z2NpQVRZUm9BQ3ZTU3RNWlNBdndFYy1MRDdOTUV2emJVcE91YWRJNDktZXhRVzZWa1dNTHNVc01FOXJlSHBpZjlkOEJqZjAwTWpmcWppaXQ3U2txaEgzQkpOa3JCWTR6QXFjWk1LNVR3b3owRE5aQTZoZw?oc=5\" target=\"_blank\" rel=\"nofollow noopener\">Latvij\u0101 darba viz\u012bt\u0113 ierad\u012bsies OECD \u0123ener\u0101lsekret\u0101rs Matiass Kormans, piedal\u012bsies ar\u012b forum\u0101 \u201cTechritory 2025\u201d<\/a>&nbsp;&nbsp;\u0100rlietu ministrija<\/li>\n<li><a href=\"https:\/\/news.google.com\/rss\/articles\/CBMitwFBVV95cUxPVGZZTHVXTll6djdWdW5rM2pZb0FtYTUwX1hqazUxZnhCWXYtOWZkaG5vRlZmVUNIbWpQM2VLQzRtWWZOdkZzQ1paR29uRWR5bXBXUzRPNTNBbEFWZXVfdDJtZHhULWJELVlKOVUzelhkRng5OG1LY3Y4THhSZDlHSWhVdjI5UlRjOUI5Sms4RnBrLTFFMHgtdHVUZVVELUZwVFRrR0hEWmhlZGphdElNVmY0cHRHa2c?oc=5\" target=\"_blank\" rel=\"nofollow noopener\">Latvij\u0101 darba viz\u012bt\u0113 ierad\u012bsies OECD \u0123ener\u0101lsekret\u0101rs Kormans<\/a>&nbsp;&nbsp;liepajniekiem.lv<\/li>\n<li><a href=\"https:\/\/news.google.com\/rss\/articles\/CBMi7gFBVV95cUxPR1RiY0JwVW8tOVlpQk1JNnZRWUZaWE5OUzZGMTYtZlIyMktKVGtHZlBoWTR5cWNLMVJXOXM5Sjd0UU1qcjcwUXRldWV2d3lYTEg4U0Y0S293NFlxTFRaSm4ta24zRm5rWF9tNjByTTZ4VzhIaE41c0pIUFRlMXhWZDhrRU41U0lVUzdQNTN6R3UxZE9HY3U1Wks5cUNlWUFjWnctY0kxU0FMdkllT0R1a2NCQ3VrRGxzOW1aQWtWNnh6S3RmTC1FTHZmM1pUYjFCcWJjVDVVREpvaVItYmNqU0tnTHZpbTNzUGlzaDJR?oc=5\" target=\"_blank\" rel=\"nofollow noopener\">Tik\u0161an\u0101s ar Ekonomisk\u0101s sadarb\u012bbas un att\u012bst\u012bbas organiz\u0101cijas (OECD) \u0123ener\u0101lsekret\u0101ru Matiasu Kormanu (Mathias Cormann)<\/a>&nbsp;&nbsp;Ministru kabinets<\/li>\n<\/ol>\n","protected":false},"excerpt":{"rendered":"Evika Sili\u0146a: Latvija daudz ieg\u016bst no dal\u012bbas Ekonomisk\u0101s sadarb\u012bbas un att\u012bst\u012bbas organiz\u0101cij\u0101&nbsp;&nbsp;Jauns.lv Latvija un OECD: kop\u012bgi so\u013ci pretim&hellip;\n","protected":false},"author":2,"featured_media":28480,"comment_status":"","ping_status":"","sticky":false,"template":"","format":"standard","meta":{"footnotes":""},"categories":[5],"tags":[23,28,29,32,33,22,30,31,35,39,38,36,37,34,40,20,26,27,24,25,21],"class_list":{"0":"post-28479","1":"post","2":"type-post","3":"status-publish","4":"format-standard","5":"has-post-thumbnail","7":"category-aktualitates","8":"tag-aktualitates","9":"tag-breaking-news","10":"tag-breakingnews","11":"tag-featured-news","12":"tag-featurednews","13":"tag-headlines","14":"tag-latest-news","15":"tag-latestnews","16":"tag-latvia","17":"tag-latvian","18":"tag-latviesu","19":"tag-latviesu-valoda","20":"tag-latviesuvaloda","21":"tag-latvija","22":"tag-lv","23":"tag-news","24":"tag-popularakas-zinas","25":"tag-popularakaszinas","26":"tag-top-stories","27":"tag-topstories","28":"tag-zinas"},"share_on_mastodon":{"url":"","error":""},"_links":{"self":[{"href":"https:\/\/www.europesays.com\/lv\/wp-json\/wp\/v2\/posts\/28479","targetHints":{"allow":["GET"]}}],"collection":[{"href":"https:\/\/www.europesays.com\/lv\/wp-json\/wp\/v2\/posts"}],"about":[{"href":"https:\/\/www.europesays.com\/lv\/wp-json\/wp\/v2\/types\/post"}],"author":[{"embeddable":true,"href":"https:\/\/www.europesays.com\/lv\/wp-json\/wp\/v2\/users\/2"}],"replies":[{"embeddable":true,"href":"https:\/\/www.europesays.com\/lv\/wp-json\/wp\/v2\/comments?post=28479"}],"version-history":[{"count":0,"href":"https:\/\/www.europesays.com\/lv\/wp-json\/wp\/v2\/posts\/28479\/revisions"}],"wp:featuredmedia":[{"embeddable":true,"href":"https:\/\/www.europesays.com\/lv\/wp-json\/wp\/v2\/media\/28480"}],"wp:attachment":[{"href":"https:\/\/www.europesays.com\/lv\/wp-json\/wp\/v2\/media?parent=28479"}],"wp:term":[{"taxonomy":"category","embeddable":true,"href":"https:\/\/www.europesays.com\/lv\/wp-json\/wp\/v2\/categories?post=28479"},{"taxonomy":"post_tag","embeddable":true,"href":"https:\/\/www.europesays.com\/lv\/wp-json\/wp\/v2\/tags?post=28479"}],"curies":[{"name":"wp","href":"https:\/\/api.w.org\/{rel}","templated":true}]}}