{"id":284876,"date":"2026-09-03T16:32:10","date_gmt":"2026-09-03T16:32:10","guid":{"rendered":"https:\/\/www.europesays.com\/lv\/284876\/"},"modified":"2026-09-03T16:32:10","modified_gmt":"2026-09-03T16:32:10","slug":"latvija-plano-nosutit-katastrofas-skartajai-nepalai-tukstosiem-segu-un-desmitiem-kiveru","status":"publish","type":"post","link":"https:\/\/www.europesays.com\/lv\/284876\/","title":{"rendered":"Latvija pl\u0101no nos\u016bt\u012bt katastrofas skartajai Nep\u0101lai t\u016bksto\u0161iem segu un desmitiem \u0137iveru"},"content":{"rendered":"<p>Iek\u0161lietu ministrijas sagatavotais vald\u012bbas l\u0113muma projekts paredz Valsts ugunsdz\u0113s\u012bbas un gl\u0101b\u0161anas dienestam sadarb\u012bb\u0101 ar Nodro\u0161in\u0101juma valsts a\u0123ent\u016bru sagatavot hum\u0101n\u0101s pal\u012bdz\u012bbas s\u016bt\u012bjumu &#8211; 3000 segas un 50 gl\u0101b\u0161anas darbu \u0137iveres ar luktur\u012bti no valsts materi\u0101lo rezervju resursiem.<\/p>\n<p>Savuk\u0101rt Neatliekam\u0101s medic\u012bnisk\u0101s pal\u012bdz\u012bbas dienests sagatavos 3000 segas no valsts materi\u0101lo rezervju resursiem.<\/p>\n<p>Jau zi\u0146ots, ka Latvija pl\u0101no veikt 100 000 eiro iemaksu \u012bpa\u0161i izveidot\u0101 fond\u0101, lai pal\u012bdz\u0113tu Nep\u0101las iedz\u012bvot\u0101jiem pl\u016bdu izrais\u012bto seku mazin\u0101\u0161anai, liecina \u0100rlietu ministrijas sagatavotie dokumenti izskat\u012b\u0161anai vald\u012bb\u0101.<\/p>\n<p>Naudu pl\u0101nots iemaks\u0101t \u012bpa\u0161i izveidot\u0101 Nep\u0101las premjerministra katastrofu seku nov\u0113r\u0161anas fond\u0101, naudu novirzot no l\u012bdzek\u013ciem neparedz\u0113tiem gad\u012bjumiem.<\/p>\n<p>T\u0101pat Latvija pl\u0101no nos\u016bt\u012bt uz Nep\u0101lu mobil\u0101s sald\u0113tavas dabas katastrof\u0101 boj\u0101g\u0101ju\u0161o mirst\u012bgo atlieku uzglab\u0101\u0161anai, a\u0123ent\u016brai LETA otrdien past\u0101st\u012bja iek\u0161lietu ministra J\u0101\u0146a Dombravas (NA) padomniece Marija Lu\u012bze Ratniece.<\/p>\n<p>Eiropas Savien\u012bbas civil\u0101s aizsardz\u012bbas meh\u0101nism\u0101 ir aktiviz\u0113ts piepras\u012bjums par mobilaj\u0101m sald\u0113tav\u0101m, kuru minim\u0101l\u0101 kapacit\u0101te ir pieci boj\u0101g\u0101ju\u0161ie. T\u0101pat Nep\u0101lai pl\u0101nots nos\u016bt\u012bt DNS test\u0113\u0161anas komplektus un materi\u0101lus.<\/p>\n<p>26. august\u0101 led\u0101ja sabrukums izrais\u012bja ledus atl\u016bzu pl\u016bsmu, k\u0101 rezult\u0101t\u0101 no glaci\u0101l\u0101 ezera s\u0101k\u0101s \u016bdens un dub\u013cu pl\u016bdi, Nep\u0101l\u0101 un \u0136\u012bn\u0101 izraisot pla\u0161us post\u012bjumus. L\u012bdz 3. septembrim apstiprin\u0101tais boj\u0101g\u0101ju\u0161o skaits sasniedzis 1252, bet v\u0113l 4216 cilv\u0113ki tiek uzskat\u012bti par pazudu\u0161iem.<\/p>\n<p>Tuvu negad\u012bjuma epicentram atrad\u0101s ar\u012b liela Latvijas t\u016bristu grupa, kuru bija organiz\u0113ju\u0161i jogas interesenti no &#8220;Yantra&#8221;, bet maz\u0101ks Latvijas t\u016bristu skaits <a href=\"https:\/\/www.tvnet.lv\/term\/556513\/dabas-katastrofas\" class=\"topicLink\" target=\"_blank\" rel=\"nofollow noopener\">dabas katastrofas<\/a> zon\u0101 atrad\u0101s viet\u0113j\u0101s firmas &#8220;Mighty Himalayan Trek&#8221; grup\u0101. \u0100rlietu ministrijai zin\u0101ms, ka tr\u012bs Latvijas iedz\u012bvot\u0101ji, kuri tobr\u012bd atrad\u0101s re\u0123ion\u0101, nav cietu\u0161i pl\u016bdu izrais\u012btaj\u0101 dub\u013cu nogruvum\u0101 Nep\u0101l\u0101, bet 33 patlaban tiek uzskat\u012bti par bezv\u0113sts pazudu\u0161iem.<\/p>\n","protected":false},"excerpt":{"rendered":"Iek\u0161lietu ministrijas sagatavotais vald\u012bbas l\u0113muma projekts paredz Valsts ugunsdz\u0113s\u012bbas un gl\u0101b\u0161anas dienestam sadarb\u012bb\u0101 ar Nodro\u0161in\u0101juma valsts a\u0123ent\u016bru sagatavot&hellip;\n","protected":false},"author":2,"featured_media":284877,"comment_status":"","ping_status":"","sticky":false,"template":"","format":"standard","meta":{"footnotes":"","_share_on_mastodon":"0"},"categories":[5],"tags":[23,28,29,3005,32,33,22,30,31,35,39,38,36,37,34,40,5418,20,26,27,24,25,21],"class_list":["post-284876","post","type-post","status-publish","format-standard","has-post-thumbnail","category-aktualitates","tag-aktualitates","tag-breaking-news","tag-breakingnews","tag-dabas-katastrofas","tag-featured-news","tag-featurednews","tag-headlines","tag-latest-news","tag-latestnews","tag-latvia","tag-latvian","tag-latviesu","tag-latviesu-valoda","tag-latviesuvaloda","tag-latvija","tag-lv","tag-nepala","tag-news","tag-popularakas-zinas","tag-popularakaszinas","tag-top-stories","tag-topstories","tag-zinas"],"share_on_mastodon":{"url":"https:\/\/pubeurope.com\/@lv\/117208071701937772","error":""},"_links":{"self":[{"href":"https:\/\/www.europesays.com\/lv\/wp-json\/wp\/v2\/posts\/284876","targetHints":{"allow":["GET"]}}],"collection":[{"href":"https:\/\/www.europesays.com\/lv\/wp-json\/wp\/v2\/posts"}],"about":[{"href":"https:\/\/www.europesays.com\/lv\/wp-json\/wp\/v2\/types\/post"}],"author":[{"embeddable":true,"href":"https:\/\/www.europesays.com\/lv\/wp-json\/wp\/v2\/users\/2"}],"replies":[{"embeddable":true,"href":"https:\/\/www.europesays.com\/lv\/wp-json\/wp\/v2\/comments?post=284876"}],"version-history":[{"count":0,"href":"https:\/\/www.europesays.com\/lv\/wp-json\/wp\/v2\/posts\/284876\/revisions"}],"wp:featuredmedia":[{"embeddable":true,"href":"https:\/\/www.europesays.com\/lv\/wp-json\/wp\/v2\/media\/284877"}],"wp:attachment":[{"href":"https:\/\/www.europesays.com\/lv\/wp-json\/wp\/v2\/media?parent=284876"}],"wp:term":[{"taxonomy":"category","embeddable":true,"href":"https:\/\/www.europesays.com\/lv\/wp-json\/wp\/v2\/categories?post=284876"},{"taxonomy":"post_tag","embeddable":true,"href":"https:\/\/www.europesays.com\/lv\/wp-json\/wp\/v2\/tags?post=284876"}],"curies":[{"name":"wp","href":"https:\/\/api.w.org\/{rel}","templated":true}]}}