{"id":284940,"date":"2026-09-03T17:30:45","date_gmt":"2026-09-03T17:30:45","guid":{"rendered":"https:\/\/www.europesays.com\/lv\/284940\/"},"modified":"2026-09-03T17:30:45","modified_gmt":"2026-09-03T17:30:45","slug":"jautajums-bija-nopietns-ko-cip-direktora-demonstrativa-vizite-signalize-krievijai","status":"publish","type":"post","link":"https:\/\/www.europesays.com\/lv\/284940\/","title":{"rendered":"\u201cJaut\u0101jums bija nopietns.\u201d Ko CIP direktora demonstrat\u012bv\u0101 viz\u012bte signaliz\u0113 Krievijai"},"content":{"rendered":"<p class=\"MsoNormal\">ASV prezidents Donalds Tramps apgalvo, ka nekas \u012bpa\u0161s neesot noticis. Retklifa brauciens esot bijis \u201cda\u013c\u0113ji rut\u012bnas\u201d viz\u012bte, un ceturtdien vi\u0146\u0161 jau pavisam kategoriski pazi\u0146oja, ka Vladimirs Putins NATO teritorijai neuzbruk\u0161ot.<\/p>\n<p class=\"MsoNormal\">Ta\u010du \u0161\u012b brauciena form\u0101ts ekspertiem p\u0113c rut\u012bnas viz\u012btes neizskat\u0101s. <a href=\"https:\/\/www.tvnet.lv\/term\/569659\/cip\" class=\"topicLink\" target=\"_blank\" rel=\"nofollow noopener\">CIP<\/a> direktors 25. august\u0101 ar <a href=\"https:\/\/www.tvnet.lv\/term\/555410\/asv\" class=\"topicLink\" target=\"_blank\" rel=\"nofollow noopener\">ASV<\/a> milit\u0101ro transportlidma\u0161\u012bnu C-17 dev\u0101s vispirms uz R\u012bgu un p\u0113c tam uz Maskavu. \u0160\u012b bija pirm\u0101 zin\u0101m\u0101 CIP vad\u012bt\u0101ja viz\u012bte Krievij\u0101 kop\u0161 2021. gada nogales \u2013 laika, kad toreiz\u0113jais dienesta direktors Viljams B\u0113rnss dev\u0101s br\u012bdin\u0101t Maskavu neiebrukt Ukrain\u0101.<\/p>\n<p class=\"MsoNormal\">V\u0113l vair\u0101k jaut\u0101jumu rad\u012bja ASV mediju zi\u0146as, ka Retklifam \u0161oreiz bijis j\u0101nodod Maskavai br\u012bdin\u0101jums neeskal\u0113t situ\u0101ciju pret NATO un \u012bpa\u0161i Baltijas valst\u012bm. Ta\u010du tas ir tikai viens fragments daudz pla\u0161\u0101k\u0101 kontekst\u0101.<\/p>\n","protected":false},"excerpt":{"rendered":"ASV prezidents Donalds Tramps apgalvo, ka nekas \u012bpa\u0161s neesot noticis. Retklifa brauciens esot bijis \u201cda\u013c\u0113ji rut\u012bnas\u201d viz\u012bte, un&hellip;\n","protected":false},"author":2,"featured_media":284941,"comment_status":"","ping_status":"","sticky":false,"template":"","format":"standard","meta":{"footnotes":"","_share_on_mastodon":"0"},"categories":[14],"tags":[23,57,63,292,3700,28,29,36822,32,33,22,39699,234,30,31,35,39,38,36,37,34,40,20,26,27,24,25,6818,2238,54,55,56,21,58],"class_list":["post-284940","post","type-post","status-publish","format-standard","has-post-thumbnail","category-zinas-no-arvalstim","tag-aktualitates","tag-arvalstim","tag-arvalstis","tag-asv","tag-autoritarisma-ena-par-eiropu","tag-breaking-news","tag-breakingnews","tag-cip","tag-featured-news","tag-featurednews","tag-headlines","tag-intervijas","tag-krievija","tag-latest-news","tag-latestnews","tag-latvia","tag-latvian","tag-latviesu","tag-latviesu-valoda","tag-latviesuvaloda","tag-latvija","tag-lv","tag-news","tag-popularakas-zinas","tag-popularakaszinas","tag-top-stories","tag-topstories","tag-tvnet-intervijas","tag-tvnet-arvalstis","tag-world","tag-world-news","tag-worldnews","tag-zinas","tag-zinas-no-arvalstim"],"share_on_mastodon":{"url":"","error":"Validation failed: Text character limit of 500 exceeded"},"_links":{"self":[{"href":"https:\/\/www.europesays.com\/lv\/wp-json\/wp\/v2\/posts\/284940","targetHints":{"allow":["GET"]}}],"collection":[{"href":"https:\/\/www.europesays.com\/lv\/wp-json\/wp\/v2\/posts"}],"about":[{"href":"https:\/\/www.europesays.com\/lv\/wp-json\/wp\/v2\/types\/post"}],"author":[{"embeddable":true,"href":"https:\/\/www.europesays.com\/lv\/wp-json\/wp\/v2\/users\/2"}],"replies":[{"embeddable":true,"href":"https:\/\/www.europesays.com\/lv\/wp-json\/wp\/v2\/comments?post=284940"}],"version-history":[{"count":0,"href":"https:\/\/www.europesays.com\/lv\/wp-json\/wp\/v2\/posts\/284940\/revisions"}],"wp:featuredmedia":[{"embeddable":true,"href":"https:\/\/www.europesays.com\/lv\/wp-json\/wp\/v2\/media\/284941"}],"wp:attachment":[{"href":"https:\/\/www.europesays.com\/lv\/wp-json\/wp\/v2\/media?parent=284940"}],"wp:term":[{"taxonomy":"category","embeddable":true,"href":"https:\/\/www.europesays.com\/lv\/wp-json\/wp\/v2\/categories?post=284940"},{"taxonomy":"post_tag","embeddable":true,"href":"https:\/\/www.europesays.com\/lv\/wp-json\/wp\/v2\/tags?post=284940"}],"curies":[{"name":"wp","href":"https:\/\/api.w.org\/{rel}","templated":true}]}}