{"id":284964,"date":"2026-09-03T17:50:19","date_gmt":"2026-09-03T17:50:19","guid":{"rendered":"https:\/\/www.europesays.com\/lv\/284964\/"},"modified":"2026-09-03T17:50:19","modified_gmt":"2026-09-03T17:50:19","slug":"vdd-atklaj-jaunu-informaciju-par-leipcigas-lidostas-dronu-incidenta-iespejami-iesaistito-latvijas-pilsoni","status":"publish","type":"post","link":"https:\/\/www.europesays.com\/lv\/284964\/","title":{"rendered":"VDD atkl\u0101j jaunu inform\u0101ciju par Leipcigas lidostas dronu incident\u0101 iesp\u0113jami iesaist\u012bto Latvijas pilsoni"},"content":{"rendered":"<p><a href=\"https:\/\/www.tvnet.lv\/term\/615224\/vdd\" class=\"topicLink\" target=\"_blank\" rel=\"nofollow noopener\">VDD<\/a> a\u0123ent\u016brai LETA apstiprin\u0101ja, ka dienests sadarbojas un sniedz nepiecie\u0161amo atbalstu V\u0101cijas partnerdienestiem saist\u012bb\u0101 ar aizdom\u0101m par Latvijas pilso\u0146a iesaisti m\u0113\u0123in\u0101jum\u0101 organiz\u0113t diversiju Leipcigas lidost\u0101.<\/p>\n<p>Saska\u0146\u0101 ar dienesta r\u012bc\u012bb\u0101 eso\u0161o inform\u0101ciju konkr\u0113tais Latvijas pilsonis jau vair\u0101kus gadus past\u0101v\u012bgi dz\u012bvo Krievij\u0101.<\/p>\n<p>\u0145emot v\u0113r\u0101, ka patlaban V\u0101cij\u0101 turpin\u0101s \u0161\u012b incidenta izmekl\u0113\u0161ana, VDD pla\u0161\u0101kus koment\u0101rus nesniedza.<\/p>\n<p>Jau v\u0113st\u012bts, ka 4. august\u0101 Leipcigas lidost\u0101, kam ir noz\u012bm\u012bga loma milit\u0101rajos p\u0101rvad\u0101jumos, tika atrasts bezpilota lidapar\u0101ts ar spr\u0101gstviel\u0101m. Policija izmantoja robotu, lai neitraliz\u0113tu spr\u0101gstvielas dron\u0101, kas tika atrasts net\u0101lu no Ukrainas kravas lidma\u0161\u012bnas, un uzskata, ka otrs drons, iesp\u0113jams, sad\u016br\u0101s ar net\u0101lu eso\u0161u lo\u0123istikas komp\u0101nijas &#8220;DHL&#8221; lidma\u0161\u012bnu. Kop\u0161 t\u0101 laika ir atrasts tre\u0161ais drons, kas ar\u012b bija apr\u012bkots ar spr\u0101gstviel\u0101m.<\/p>\n<p>V\u0101cijas iek\u0161lietu ministrs Aleksandrs Dobrints otrdien nor\u0101d\u012bja, ka \u0161is uzbrukuma m\u0113\u0123in\u0101jums atbilst jau zin\u0101majam Krievijas hibr\u012bdoper\u0101ciju modelim. Vi\u0146\u0161 pazi\u0146oja, ka V\u0101cijas vald\u012bba &#8220;ir non\u0101kusi pie secin\u0101juma, ka Krievija ir atbild\u012bga par 4. august\u0101 Leipcig\u0101 notiku\u0161o hibr\u012bduzbrukumu&#8221;.<\/p>\n<p>Otrdienas vakar\u0101 laikraksts &#8220;Die Zeit&#8221; zi\u0146oja, ka V\u0101cijas \u0123ener\u0101lprokurors veic izmekl\u0113\u0161anu pret diviem aps\u016bdz\u0113tajiem.<\/p>\n<p>V\u0101cijas iest\u0101des ir identific\u0113ju\u0161as divus aizdom\u0101s turamos saist\u012bb\u0101 ar m\u0113\u0123in\u0101jumu veikt dronu uzbrukumu Leipcigas lidostai &#8211; Latvijas pilsoni un Krievijas pilsoni no Baltkrievijas, tre\u0161dien zi\u0146o laikraksts &#8220;Suddeutsche Zeitung&#8221;.<\/p>\n<p>V\u012brietim ar Latvijas pasi esot saiknes ar Krievijas specdienestiem. Vi\u0146\u0161 j\u016blija beig\u0101s ierad\u0101s V\u0101cij\u0101 caur Berl\u012bnes lidostu un p\u0113c tam ar nomas automa\u0161\u012bnu esot devies Leipcigas virzien\u0101. Divas dienas pirms incidenta Leipcigas lidost\u0101 aizdom\u0101s tur\u0113tais pameta V\u0101ciju &#8211; atkal ar lidma\u0161\u012bnu caur Berl\u012bnes lidostu.<\/p>\n","protected":false},"excerpt":{"rendered":"VDD a\u0123ent\u016brai LETA apstiprin\u0101ja, ka dienests sadarbojas un sniedz nepiecie\u0161amo atbalstu V\u0101cijas partnerdienestiem saist\u012bb\u0101 ar aizdom\u0101m par Latvijas&hellip;\n","protected":false},"author":2,"featured_media":284965,"comment_status":"","ping_status":"","sticky":false,"template":"","format":"standard","meta":{"footnotes":"","_share_on_mastodon":"0"},"categories":[5],"tags":[23,28,29,75,32,33,22,30,31,35,39,38,36,37,34,36095,40,20,26,27,24,25,4217,21],"class_list":["post-284964","post","type-post","status-publish","format-standard","has-post-thumbnail","category-aktualitates","tag-aktualitates","tag-breaking-news","tag-breakingnews","tag-droni","tag-featured-news","tag-featurednews","tag-headlines","tag-latest-news","tag-latestnews","tag-latvia","tag-latvian","tag-latviesu","tag-latviesu-valoda","tag-latviesuvaloda","tag-latvija","tag-leipciga","tag-lv","tag-news","tag-popularakas-zinas","tag-popularakaszinas","tag-top-stories","tag-topstories","tag-vdd","tag-zinas"],"share_on_mastodon":{"url":"https:\/\/pubeurope.com\/@lv\/117208378454579893","error":""},"_links":{"self":[{"href":"https:\/\/www.europesays.com\/lv\/wp-json\/wp\/v2\/posts\/284964","targetHints":{"allow":["GET"]}}],"collection":[{"href":"https:\/\/www.europesays.com\/lv\/wp-json\/wp\/v2\/posts"}],"about":[{"href":"https:\/\/www.europesays.com\/lv\/wp-json\/wp\/v2\/types\/post"}],"author":[{"embeddable":true,"href":"https:\/\/www.europesays.com\/lv\/wp-json\/wp\/v2\/users\/2"}],"replies":[{"embeddable":true,"href":"https:\/\/www.europesays.com\/lv\/wp-json\/wp\/v2\/comments?post=284964"}],"version-history":[{"count":0,"href":"https:\/\/www.europesays.com\/lv\/wp-json\/wp\/v2\/posts\/284964\/revisions"}],"wp:featuredmedia":[{"embeddable":true,"href":"https:\/\/www.europesays.com\/lv\/wp-json\/wp\/v2\/media\/284965"}],"wp:attachment":[{"href":"https:\/\/www.europesays.com\/lv\/wp-json\/wp\/v2\/media?parent=284964"}],"wp:term":[{"taxonomy":"category","embeddable":true,"href":"https:\/\/www.europesays.com\/lv\/wp-json\/wp\/v2\/categories?post=284964"},{"taxonomy":"post_tag","embeddable":true,"href":"https:\/\/www.europesays.com\/lv\/wp-json\/wp\/v2\/tags?post=284964"}],"curies":[{"name":"wp","href":"https:\/\/api.w.org\/{rel}","templated":true}]}}