{"id":28497,"date":"2025-10-22T19:37:36","date_gmt":"2025-10-22T19:37:36","guid":{"rendered":"https:\/\/www.europesays.com\/lv\/28497\/"},"modified":"2025-10-22T19:37:36","modified_gmt":"2025-10-22T19:37:36","slug":"f1-statistika-verstapena-septita-uzvara-asv-un-neticama-atgusanas-f1lv-blogs","status":"publish","type":"post","link":"https:\/\/www.europesays.com\/lv\/28497\/","title":{"rendered":"F1 statistika: Verstapena sept\u012bt\u0101 uzvara ASV un neticam\u0101 atg\u016b\u0161an\u0101s : F1LV Blogs"},"content":{"rendered":"<p>Sprinta sac\u012bkstes uzvara, pole position un domin\u0113jo\u0161a uzvara <a style=\"color: #000000; text-decoration: underline;\" href=\"https:\/\/f1.lv\/2025\/10\/20\/verstapenam-parliecinosa-uzvara-ostina\/\" target=\"_blank\" rel=\"noopener nofollow\">ASV \u201cGrand Prix\u201d<\/a> \u2013 statistika \u201cRed Bull\u201d pilotam Maksam Verstapenam Ostin\u0101 bija gandr\u012bz nevainojama. Ta\u010du \u201cCircuit of The Americas\u201d tras\u0113 aizvad\u012btaj\u0101 F1 ned\u0113\u013cas nogal\u0113 tika fiks\u0113ti ar\u012b citi interesanti statistikas fakti.<\/p>\n<p>\u2022 Verstapens k\u013cuva par pirmo pilotu, kur\u0161 uzvar\u0113jis septi\u0146\u0101s F1 \u201cGrand Prix\u201d sac\u012bkst\u0113s ASV (\u010detras Ostin\u0101, divas Maiami, viena Lasvegas\u0101).<\/p>\n<p>\u2022 Verstapens p\u0113d\u0113jo piecu \u201cGrand Prix\u201d ned\u0113\u013cas noga\u013cu laik\u0101 ir izc\u012bn\u012bjis 119 no maksim\u0101li iesp\u0113jamajiem 133 punktiem.<\/p>\n<p>\u2022 Pirms se\u0161\u0101m sac\u012bkst\u0113m Ung\u0101rij\u0101 Verstapens fini\u0161\u0113ja 1 min\u016bti un 12 sekundes aiz uzvar\u0113t\u0101ja.<\/p>\n<p>\u2022 Verstapens pa\u0161laik ir 40 punktu att\u0101lum\u0101 no \u010dempion\u0101ta l\u012bdera \u2013 pirms \u010detriem posmiem \u0161\u012b starp\u012bba bija 104 punkti.<\/p>\n<p>\u2022 \u0160\u012b bija piekt\u0101 sec\u012bg\u0101 \u201cGrand Prix\u201d izc\u012b\u0146a \u0161osezon, kur uzvar\u0113jis no pole position start\u0113ju\u0161ais pilots. \u0160o sac\u012bk\u0161u laik\u0101 uzvar\u0113t\u0101js bijis vad\u012bb\u0101 281 no 294 ap\u013ciem.<\/p>\n<p>\u2022 Verstapenam tagad ir 122 pjedest\u0101li karjer\u0101, kas ir tikpat, cik Sebastianam Fetelam. Abi dala tre\u0161o vietu v\u0113sturiskaj\u0101 statistik\u0101.<\/p>\n<p>\u2022 \u0160is Verstapenam bija piektais pjedest\u0101ls p\u0113c k\u0101rtas (pirmajos 14 posmos vi\u0146\u0161 bija uz pjedest\u0101la tikai piecas reizes).<\/p>\n<p>\u2022 Lando Noriss ar 2. vietu izc\u012bn\u012bja savu 15. pjedest\u0101lu \u0161osezon. Tas ir vair\u0101k nek\u0101 jebkur\u0161 cits pilots.<\/p>\n<p>\u2022 Noriss samazin\u0101jis \u010dempion\u0101ta punktu starp\u012bbu l\u012bdz komandas biedram Oskaram Piastri l\u012bdz 14 punktiem.<\/p>\n<p>\u2022 \u0160arls Lekl\u0113rs (\u201cFerrari\u201d), kur\u0161 fini\u0161\u0113ja 3. viet\u0101, nu ir aizvad\u012bjis pilnu gadu bez nevienas uzvaras (vi\u0146a p\u0113d\u0113j\u0101 uzvara bija Ostin\u0101 2024. gad\u0101).<\/p>\n<p>\u2022 T\u0101 bija \u201cFerrari\u201d pirm\u0101 reize uz pjedest\u0101la p\u0113d\u0113jo se\u0161u sac\u012bk\u0161u laik\u0101.<\/p>\n<p>\u2022 Lekl\u0113rs ir visaugst\u0101k eso\u0161ais pilots \u010dempion\u0101t\u0101 bez nevienas uzvaras \u0161osezon (5. vieta).<\/p>\n<p>\u2022 L\u016biss Hamiltons fini\u0161\u0113ja 4. viet\u0101 un tagad aizvad\u012bjis 19 \u201cGrand Prix\u201d sac\u012bkstes ar \u201cFerrari\u201d bez neviena pjedest\u0101la \u2013 jauns komandas antirekords.<\/p>\n<p>\u2022 Hamiltons \u0161osezon jau ceturto reizi fini\u0161\u0113ja ceturtaj\u0101 viet\u0101.<\/p>\n<p>\u2022 Hamiltons nekad iepriek\u0161 nav aizvad\u012bjis F1 sezonu ar maz\u0101k k\u0101 pieciem pjedest\u0101liem (\u0161obr\u012bd vi\u0146am v\u0113l nav neviena).<\/p>\n<p>\u2022 Piastri ie\u0146\u0113ma 5. vietu un nav bijis uz pjedest\u0101la p\u0113d\u0113j\u0101s tr\u012bs \u201cGrand Prix\u201d sac\u012bkst\u0113s (izc\u012bn\u012bti 22 punkti).<\/p>\n<p>\u2022 \u201cMercedes\u201d pilots D\u017eord\u017es Rasels fini\u0161\u0113ja 6. viet\u0101 \u2013 t\u0101pat k\u0101 p\u0113rn, kad start\u0113ja no boksiem.<\/p>\n<p>\u2022 Juki Cunoda (\u201cRed Bull\u201d) ar 7. vietu sasniedza savu lab\u0101ko rezult\u0101tu \u201cCircuit of The Americas\u201d tras\u0113.<\/p>\n<p>\u2022 Cunoda p\u0113d\u0113jo tr\u012bs posmu laik\u0101 ir guvis 16 punktus (sal\u012bdzin\u0101jumam \u2013 tikai 12 punktus pirmaj\u0101s 16 sac\u012bkst\u0113s \u0161osezon).<\/p>\n<p>\u2022 Niko Hilkenbergs (\u201cKick Sauber\u201d) ar 8. vietu izc\u012bn\u012bja pirmos punktus kop\u0161 pjedest\u0101la Silverston\u0101.<\/p>\n<p>\u2022 Hilkenbergs pak\u0101pies uz 9. vietu pilotu kopv\u0113rt\u0113jum\u0101, atk\u0101rtojot savu \u0161\u012bs sezonas augst\u0101ko poz\u012bciju.<\/p>\n<p>\u2022 Hilkenbergs Ostin\u0101 fini\u0161\u0113ja astotais otro sezonu p\u0113c k\u0101rtas.<\/p>\n<p>\u2022 Tas bija \u201cSauber\u201d lab\u0101kais rezult\u0101ts Ostin\u0101 kop\u0161 2013. gada, kad Hilkenbergs fini\u0161\u0113ja sestais.<\/p>\n<p>\u2022 Olivers B\u0113rmans (\u201cHaas\u201d) ar 9. vietu nodro\u0161in\u0101ja komandai punktus m\u0101ju sac\u012bkst\u0113 otro gadu p\u0113c k\u0101rtas.<\/p>\n<p>\u2022 B\u0113rmans \u0161osezon divas sac\u012bkstes p\u0113c k\u0101rtas fini\u0161\u0113jis 9. viet\u0101.<\/p>\n<p>\u2022 Fernando Alonso (\u201cAston Martin\u201d) ar 10. vietu guva punktus astoto reizi \u0161\u012bs sezonas \u201cGrand Prix\u201d.<\/p>\n<p>\u2022 \u201cRacing Bulls\u201d ar lab\u0101ko rezult\u0101tu, 11. vietu Liama Lovsona izpild\u012bjum\u0101, aizvad\u012bja otro posmu p\u0113c k\u0101rtas bez punktiem (p\u0113c piecu sac\u012bk\u0161u s\u0113rijas ar punktiem).<\/p>\n<p>\u2022 \u201cMercedes\u201d pilots Kimi Antonelli (13. vieta) tre\u0161o reizi \u0161ogad uzst\u0101d\u012bja \u0101tr\u0101ko apli sac\u012bkst\u0113.<\/p>\n<p>\u2022 Karloss Saincs (\u201cWilliams\u201d) bija vien\u012bgais izst\u0101jies pilots p\u0113c tre\u0161\u0101s vietas sestdienas sprint\u0101.<\/p>\n<p>\u2022 Komandas biedrs Alekss Albons fini\u0161\u0113ja 15. viet\u0101, un \u201cWilliams\u201d \u0161is bija pirmais posms bez punktiem kop\u0161 Ung\u0101rijas.<\/p>\n<p><a href=\"https:\/\/f1.lv\/wp-content\/uploads\/2025\/10\/res-122121.jpg\" rel=\"nofollow noopener\" target=\"_blank\"><img fetchpriority=\"high\" decoding=\"async\" class=\"alignnone size-large wp-image-73969\" src=\"https:\/\/www.europesays.com\/lv\/wp-content\/uploads\/2025\/10\/res-122121-675x1024.jpg\" alt=\"\" width=\"675\" height=\"1024\"  \/><\/a><\/p>\n<p><a href=\"https:\/\/f1.lv\/wp-content\/uploads\/2025\/10\/G3qEb-wXoAA8NS5.jpg\" rel=\"nofollow noopener\" target=\"_blank\"><img loading=\"lazy\" decoding=\"async\" class=\"alignnone size-large wp-image-73970\" src=\"https:\/\/www.europesays.com\/lv\/wp-content\/uploads\/2025\/10\/G3qEb-wXoAA8NS5-819x1024.jpg\" alt=\"\" width=\"696\" height=\"870\"  \/><\/a><\/p>\n<p><a href=\"https:\/\/f1.lv\/wp-content\/uploads\/2025\/10\/G3qYH7IXwAA9hk2-scaled.jpg\" rel=\"nofollow noopener\" target=\"_blank\"><img loading=\"lazy\" decoding=\"async\" class=\"alignnone size-large wp-image-73971\" src=\"https:\/\/www.europesays.com\/lv\/wp-content\/uploads\/2025\/10\/G3qYH7IXwAA9hk2-819x1024.jpg\" alt=\"\" width=\"696\" height=\"870\"  \/><\/a><\/p>\n","protected":false},"excerpt":{"rendered":"Sprinta sac\u012bkstes uzvara, pole position un domin\u0113jo\u0161a uzvara ASV \u201cGrand Prix\u201d \u2013 statistika \u201cRed Bull\u201d pilotam Maksam Verstapenam&hellip;\n","protected":false},"author":2,"featured_media":28498,"comment_status":"","ping_status":"","sticky":false,"template":"","format":"standard","meta":{"footnotes":""},"categories":[17],"tags":[35,39,38,36,37,34,40,67],"class_list":{"0":"post-28497","1":"post","2":"type-post","3":"status-publish","4":"format-standard","5":"has-post-thumbnail","7":"category-sports","8":"tag-latvia","9":"tag-latvian","10":"tag-latviesu","11":"tag-latviesu-valoda","12":"tag-latviesuvaloda","13":"tag-latvija","14":"tag-lv","15":"tag-sports"},"share_on_mastodon":{"url":"","error":""},"_links":{"self":[{"href":"https:\/\/www.europesays.com\/lv\/wp-json\/wp\/v2\/posts\/28497","targetHints":{"allow":["GET"]}}],"collection":[{"href":"https:\/\/www.europesays.com\/lv\/wp-json\/wp\/v2\/posts"}],"about":[{"href":"https:\/\/www.europesays.com\/lv\/wp-json\/wp\/v2\/types\/post"}],"author":[{"embeddable":true,"href":"https:\/\/www.europesays.com\/lv\/wp-json\/wp\/v2\/users\/2"}],"replies":[{"embeddable":true,"href":"https:\/\/www.europesays.com\/lv\/wp-json\/wp\/v2\/comments?post=28497"}],"version-history":[{"count":0,"href":"https:\/\/www.europesays.com\/lv\/wp-json\/wp\/v2\/posts\/28497\/revisions"}],"wp:featuredmedia":[{"embeddable":true,"href":"https:\/\/www.europesays.com\/lv\/wp-json\/wp\/v2\/media\/28498"}],"wp:attachment":[{"href":"https:\/\/www.europesays.com\/lv\/wp-json\/wp\/v2\/media?parent=28497"}],"wp:term":[{"taxonomy":"category","embeddable":true,"href":"https:\/\/www.europesays.com\/lv\/wp-json\/wp\/v2\/categories?post=28497"},{"taxonomy":"post_tag","embeddable":true,"href":"https:\/\/www.europesays.com\/lv\/wp-json\/wp\/v2\/tags?post=28497"}],"curies":[{"name":"wp","href":"https:\/\/api.w.org\/{rel}","templated":true}]}}