{"id":284976,"date":"2026-09-03T18:00:11","date_gmt":"2026-09-03T18:00:11","guid":{"rendered":"https:\/\/www.europesays.com\/lv\/284976\/"},"modified":"2026-09-03T18:00:11","modified_gmt":"2026-09-03T18:00:11","slug":"lielbritanijas-tiesa-dolars-aleksanders-atzinis-savu-vainu-vinu-gaida-loti-ilgs-cietumsods","status":"publish","type":"post","link":"https:\/\/www.europesays.com\/lv\/284976\/","title":{"rendered":"Lielbrit\u0101nijas ties\u0101 Dol\u0101rs Aleksanders atzinis savu vainu \u2013 vi\u0146u gaida \u013coti ilgs cietumsods"},"content":{"rendered":"<p>K\u012btona vec\u0101ki atrad\u0101s tiesas z\u0101l\u0113, kam\u0113r Aleksanders ties\u0101 piedal\u012bj\u0101s ar videozvana pal\u012bdz\u012bbu no Dogveitas cietuma. Latvijas pilsonis atzina savu vainu.<\/p>\n<blockquote class=\"quote ck-widget\" contenteditable=\"false\">\n<p>&#8220;Ac\u012bmredzot sods, kas jums tiks piespriests, b\u016bs \u013coti ilgs,&#8221; sac\u012bja tiesnesis.<\/p>\n<\/blockquote>\n<p>Zin\u0101ms, ka aps\u016bdz\u0113tajam spriedumu pasludin\u0101s 13. novembr\u012b.<\/p>\n<p>&#8220;Apollo.lv&#8221; iepriek\u0161 v\u0113st\u012bjis, ka 23 gadus vecais Aleksanders tika tur\u0113ts aizdom\u0101s par b\u012bstamu brauk\u0161anu, kuras d\u0113\u013c g\u0101ja boj\u0101 12 gadus vecs z\u0113ns.<\/p>\n<p>\u200bKop\u0161 tra\u0123isk\u0101s 2024. gada 14. j\u016bnija p\u0113cpusdienas, kad Koventrijas pils\u0113t\u0101 uz Radfordas ce\u013ca BMW automa\u0161\u012bna notrieca 12 gadus veco K\u012btonu Sleiteru, ir pag\u0101ju\u0161i vair\u0101k nek\u0101 divi gadi.<\/p>\n<p>Z\u0113na n\u0101ve satricin\u0101ja Lielbrit\u0101niju. Policijas mekl\u0113tais galvenais aizdom\u0101s turamais \u0161aj\u0101 liet\u0101 bija Aleksanders, kuru divus gadus akt\u012bvi mekl\u0113ja.<\/p>\n<p>Aleksanders bija izsludin\u0101ts starptautisk\u0101 mekl\u0113\u0161an\u0101. Iepriek\u0161 likumsargi pie\u013c\u0101va, ka Aleksanders var\u0113tu sl\u0113pties Latvij\u0101.<\/p>\n<p>Britu likumsargi pazi\u0146oja, ka Aleksandrs j\u016blija tika aiztur\u0113ts Latvij\u0101.<\/p>\n<p>August\u0101 vi\u0146\u0161 tika nog\u0101d\u0101ts ar lidma\u0161\u012bnu uz Getvikas lidostu un ievietots pirmstiesas apcietin\u0101jum\u0101.<\/p>\n<p>Iepriek\u0161 &#8220;Apollo.lv&#8221; v\u0113st\u012bja, ka tra\u0123\u0113dija ir atst\u0101jusi dzi\u013cas r\u0113tas K\u012btona \u0123imen\u0113. Miru\u0161\u0101 z\u0113na m\u0101te neilgi p\u0113c tra\u0123\u0113dijas izteic\u0101s, ka j\u016btas piln\u012bgi bezpal\u012bdz\u012bga un cer, ka vain\u012bg\u0101 persona tiks atrasta un saukta pie atbild\u012bbas. &#8220;Man \u0161\u0137iet neiedom\u0101jami, ka \u0161\u0101dos apst\u0101k\u013cos k\u0101ds sp\u0113j aizb\u0113gt no atbild\u012bbas. Es gribu tikai vienu \u2013 taisn\u012bbu manam d\u0113lam,&#8221; sac\u012bja K\u012btona m\u0101te.<\/p>\n","protected":false},"excerpt":{"rendered":"K\u012btona vec\u0101ki atrad\u0101s tiesas z\u0101l\u0113, kam\u0113r Aleksanders ties\u0101 piedal\u012bj\u0101s ar videozvana pal\u012bdz\u012bbu no Dogveitas cietuma. Latvijas pilsonis atzina&hellip;\n","protected":false},"author":2,"featured_media":284977,"comment_status":"","ping_status":"","sticky":false,"template":"","format":"standard","meta":{"footnotes":"","_share_on_mastodon":"0"},"categories":[14],"tags":[23,57,28,29,1181,32,33,22,30,31,35,39,38,36,37,34,487,40,20,163,26,27,375,24,25,54,55,56,21,58],"class_list":["post-284976","post","type-post","status-publish","format-standard","has-post-thumbnail","category-zinas-no-arvalstim","tag-aktualitates","tag-arvalstim","tag-breaking-news","tag-breakingnews","tag-cietums","tag-featured-news","tag-featurednews","tag-headlines","tag-latest-news","tag-latestnews","tag-latvia","tag-latvian","tag-latviesu","tag-latviesu-valoda","tag-latviesuvaloda","tag-latvija","tag-lielbritanija","tag-lv","tag-news","tag-policija","tag-popularakas-zinas","tag-popularakaszinas","tag-tiesa","tag-top-stories","tag-topstories","tag-world","tag-world-news","tag-worldnews","tag-zinas","tag-zinas-no-arvalstim"],"share_on_mastodon":{"url":"https:\/\/pubeurope.com\/@lv\/117208417782926658","error":""},"_links":{"self":[{"href":"https:\/\/www.europesays.com\/lv\/wp-json\/wp\/v2\/posts\/284976","targetHints":{"allow":["GET"]}}],"collection":[{"href":"https:\/\/www.europesays.com\/lv\/wp-json\/wp\/v2\/posts"}],"about":[{"href":"https:\/\/www.europesays.com\/lv\/wp-json\/wp\/v2\/types\/post"}],"author":[{"embeddable":true,"href":"https:\/\/www.europesays.com\/lv\/wp-json\/wp\/v2\/users\/2"}],"replies":[{"embeddable":true,"href":"https:\/\/www.europesays.com\/lv\/wp-json\/wp\/v2\/comments?post=284976"}],"version-history":[{"count":0,"href":"https:\/\/www.europesays.com\/lv\/wp-json\/wp\/v2\/posts\/284976\/revisions"}],"wp:featuredmedia":[{"embeddable":true,"href":"https:\/\/www.europesays.com\/lv\/wp-json\/wp\/v2\/media\/284977"}],"wp:attachment":[{"href":"https:\/\/www.europesays.com\/lv\/wp-json\/wp\/v2\/media?parent=284976"}],"wp:term":[{"taxonomy":"category","embeddable":true,"href":"https:\/\/www.europesays.com\/lv\/wp-json\/wp\/v2\/categories?post=284976"},{"taxonomy":"post_tag","embeddable":true,"href":"https:\/\/www.europesays.com\/lv\/wp-json\/wp\/v2\/tags?post=284976"}],"curies":[{"name":"wp","href":"https:\/\/api.w.org\/{rel}","templated":true}]}}