{"id":28505,"date":"2025-10-22T19:46:15","date_gmt":"2025-10-22T19:46:15","guid":{"rendered":"https:\/\/www.europesays.com\/lv\/28505\/"},"modified":"2025-10-22T19:46:15","modified_gmt":"2025-10-22T19:46:15","slug":"apstiprinats-jaunais-ricibas-grupas-birokratijas-mazinasanai-sastavs","status":"publish","type":"post","link":"https:\/\/www.europesays.com\/lv\/28505\/","title":{"rendered":"Apstiprin\u0101ts jaunais r\u012bc\u012bbas grupas birokr\u0101tijas mazin\u0101\u0161anai sast\u0101vs"},"content":{"rendered":"<p>R\u012bc\u012bbas grupu birokr\u0101tijas mazin\u0101\u0161anai turpm\u0101k vad\u012bs J\u0101nis Endzi\u0146\u0161, l\u012bdz\u0161in\u0113jais Latvijas Tirdzniec\u012bbas un r\u016bpniec\u012bbas kameras valdes priek\u0161s\u0113d\u0113t\u0101js. Savuk\u0101rt Valsts kancelejas direktors Raivis Kronbergs darbu r\u012bc\u012bbas grup\u0101 turpin\u0101s k\u0101 vad\u012bt\u0101ja vietnieks. To paredz groz\u012bjumi Ministru prezidentes r\u012bkojum\u0101 par r\u012bc\u012bbas grupu birokr\u0101tijas mazin\u0101\u0161anai*.<\/p>\n<p>R\u012bc\u012bbas grupas pamatsast\u0101vs paliek teju nemain\u012bgs. To papildin\u0101s Ministru prezidentes parlament\u0101r\u0101 sekret\u0101re Karina Ploka, savuk\u0101rt l\u012bdz\u0161in\u0113jie r\u012bc\u012bbas grupas p\u0101rst\u0101vji no Latvijas Bankas un Ties\u012bbsarga biroja darbu grup\u0101 neturpin\u0101s past\u0101v\u012bgi, bet p\u0113c nepiecie\u0161am\u012bbas iesaist\u012bsies konkr\u0113tu jaut\u0101jumu risin\u0101\u0161an\u0101. Vienlaikus groz\u012bjumi Ministru prezidentes r\u012bkojum\u0101 par r\u012bc\u012bbas grupu birokr\u0101tijas mazin\u0101\u0161anai paredz, ka r\u012bc\u012bbas grupas vad\u012bt\u0101jam ir ties\u012bbas izveidot ekspertu komandas priorit\u0101ri risin\u0101majos jaut\u0101jumos. T\u0101pat r\u012bc\u012bbas grupa str\u0101d\u0101s cie\u0161\u0101 partner\u012bb\u0101 ar Saeimas Valsts p\u0101rvaldes un pa\u0161vald\u012bbas komisiju.<\/p>\n<blockquote>\n<p>Ministru prezidente Evika Sili\u0146a uzsver: \u201cMans pied\u0101v\u0101jums ir str\u0101d\u0101t kop\u0101 ar uz\u0146\u0113m\u0113jiem, lai mazin\u0101tu birokr\u0101tiju un rad\u012btu vair\u0101k iesp\u0113ju uz\u0146\u0113m\u0113jiem un iedz\u012bvot\u0101jiem. Esam jau b\u016btiski atviegloju\u0161i procesus b\u016bvniec\u012bbas jom\u0101, izveidoju\u0161i \u201cza\u013co koridoru\u201d lielajiem invest\u012bciju projektiem, veicin\u0101ju\u0161i kredit\u0113\u0161anu un ne tikai. Turpin\u0101m ies\u0101kto!\u201d<\/p>\n<\/blockquote>\n<blockquote>\n<p>R. Kronbergs, v\u0113rt\u0113jot l\u012bdz \u0161im paveikto birokr\u0101tijas un administrat\u012bv\u0101 sloga mazin\u0101\u0161an\u0101, uzsver: \u201cProgress ir, un tas apliecina, ka no birokr\u0101tijas mazin\u0101\u0161anas pilotprojekta, kur\u0101 esam str\u0101d\u0101ju\u0161i pie 21 priorit\u0101r\u0101 pas\u0101kuma, esam gatavi virz\u012bties uz r\u012bc\u012bbas grupu birokr\u0101tijas mazin\u0101\u0161anai k\u0101 past\u0101v\u012bgu platformu ar ambicioz\u0101kiem m\u0113r\u0137iem. R\u012bc\u012bbas grupas vad\u012b\u0161ana turpm\u0101k pras\u012bs pilnu darba dienu, un esmu gandar\u012bts, ka viens no vald\u012bbas sadarb\u012bbas partneriem \u2013 Latvijas Tirdzniec\u012bbas un r\u016bpniec\u012bbas kamera \u2013 \u0161im atbild\u012bgajam uzdevumam ir izvirz\u012bjusi savu p\u0101rst\u0101vi, kur\u0161 ir gatavs nolikt mal\u0101 l\u012bdz\u0161in\u0113jos pien\u0101kumus un \u0137erties pie birokr\u0101tijas sloga mazin\u0101\u0161anas k\u0101 pilna laika pien\u0101kumiem.\u201d<\/p>\n<\/blockquote>\n<p>Valsts kancelejas direktors ar\u012b uzsver, ka administrat\u012bv\u0101 sloga mazin\u0101\u0161anas darbs notiek past\u0101v\u012bgi un neaprobe\u017eojas tikai ar r\u012bc\u012bbas grupu \u2013 tas notiek ar\u012b nozaru ministrij\u0101s un ar\u012b izdevumu mazin\u0101\u0161anas un valsts bud\u017eeta l\u012bdzek\u013cu efekt\u012bv\u0101kas izmanto\u0161anas kontekst\u0101. Ministrijas ir apkopoju\u0161as un str\u0101d\u0101 pie teju 400 priek\u0161likumiem administrat\u012bv\u0101 sloga mazin\u0101\u0161anai un efektivit\u0101tes uzlabo\u0161anai. R. Kronbergs ar\u012b akcent\u0113, ka ir iedz\u012bvin\u0101ta prakse uz birokr\u0101tijas mazin\u0101\u0161anu skat\u012bties t\u0101lredz\u012bgi &#8211; valsts p\u0101rvalde, izstr\u0101d\u0101jot ties\u012bbu aktu projektus, jau anot\u0101cij\u0101s nor\u0101da potenci\u0101lo ietekmi uz administrat\u012bvo slogu. <\/p>\n<p>Aizvad\u012btaj\u0101 ned\u0113\u013c\u0101 J. Endzi\u0146\u0161 r\u012bc\u012bbas grupas san\u0101ksm\u0113, kas notika att\u0101lin\u0101t\u0101 form\u0101t\u0101, prezent\u0113ja savu v\u012bziju turpm\u0101kajam r\u012bc\u012bbas grupas darbam, uzsverot, ka tam j\u0101rezult\u0113jas sabiedr\u012bbai saj\u016btamos uzlabojumos p\u0113c gada, j\u0101sasniedz zem\u0101kais birokr\u0101tijas slogs Baltij\u0101, k\u0101 ar\u012b birokr\u0101tijas sloga mazin\u0101\u0161anai j\u0101k\u013c\u016bst par pa\u0161saprotamu publisk\u0101s p\u0101rvaldes \u201chigi\u0113nas\u201d jaut\u0101jumu.<\/p>\n<p>J. Endzi\u0146\u0161 r\u012bc\u012bbas grupas darbu paredz\u0113jis organiz\u0113t, ap sevi pulc\u0113jot nelielu ekspertu komandu, lai str\u0101d\u0101tu pie konkr\u0113t\u0101m idej\u0101m birokr\u0101tijas mazin\u0101\u0161anai konkr\u0113t\u0101s jom\u0101s. P\u0113c ideju prezent\u0113\u0161anas r\u012bc\u012bbas grupai un ar\u012b vald\u012bbu veidojo\u0161aj\u0101m politiskaj\u0101m partij\u0101m, sa\u0146emot mand\u0101tu \u012bstenot konkr\u0113t\u0101s izmai\u0146as, notiks darbs pie nepiecie\u0161amo ties\u012bbu aktu izstr\u0101des.<\/p>\n<p>Birokr\u0101tijas sloga mazin\u0101\u0161ana tiks m\u0113r\u012bta gan kvantitat\u012bvi, gan ar\u012b sabiedr\u012bbas uztver\u0113, veicot sociolo\u0123isk\u0101s aptaujas iedz\u012bvot\u0101ju un uz\u0146\u0113m\u0113ju grup\u0101s, pl\u0101nojis J. Endzi\u0146\u0161.<\/p>\n<p>R\u012bc\u012bbas grupa birokr\u0101tijas mazin\u0101\u0161anai izveidota 2025. gada 27. mart\u0101. T\u0101s m\u0113r\u0137is ir nodro\u0161in\u0101t sist\u0113misku birokr\u0101tijas un administrat\u012bv\u0101 sloga mazin\u0101\u0161anu, p\u0101rskatot un vienk\u0101r\u0161ojot valsts p\u0101rvaldes funkcijas, pakalpojumus un normat\u012bvo regul\u0113jumu, lai veicin\u0101tu iedz\u012bvot\u0101ju labb\u016bt\u012bbu, uz\u0146\u0113m\u0113jdarb\u012bbas vides att\u012bst\u012bbu un stiprin\u0101tu sabiedr\u012bbas uztic\u0113\u0161anos valsts p\u0101rvaldei. Grupa izveidota ar Ministru prezidentes Evikas Sili\u0146as r\u012bkojumu, taj\u0101 darbojas valsts p\u0101rvaldes, uz\u0146\u0113m\u0113ju un nevalstisko organiz\u0101ciju p\u0101rst\u0101vji.<\/p>\n<p>* Ministru prezidentes 2025. gada 26. marta r\u012bkojums Nr. 2025\/1.2.1.-109 \u201cPar r\u012bc\u012bbas grupu birokr\u0101tijas mazin\u0101\u0161anai\u201d<\/p>\n","protected":false},"excerpt":{"rendered":"R\u012bc\u012bbas grupu birokr\u0101tijas mazin\u0101\u0161anai turpm\u0101k vad\u012bs J\u0101nis Endzi\u0146\u0161, l\u012bdz\u0161in\u0113jais Latvijas Tirdzniec\u012bbas un r\u016bpniec\u012bbas kameras valdes priek\u0161s\u0113d\u0113t\u0101js. Savuk\u0101rt Valsts&hellip;\n","protected":false},"author":2,"featured_media":28506,"comment_status":"","ping_status":"","sticky":false,"template":"","format":"standard","meta":{"footnotes":""},"categories":[12],"tags":[23,28,29,32,33,22,30,31,35,39,38,36,37,34,40,20,26,27,24,25,21],"class_list":{"0":"post-28505","1":"post","2":"type-post","3":"status-publish","4":"format-standard","5":"has-post-thumbnail","7":"category-latvija","8":"tag-aktualitates","9":"tag-breaking-news","10":"tag-breakingnews","11":"tag-featured-news","12":"tag-featurednews","13":"tag-headlines","14":"tag-latest-news","15":"tag-latestnews","16":"tag-latvia","17":"tag-latvian","18":"tag-latviesu","19":"tag-latviesu-valoda","20":"tag-latviesuvaloda","21":"tag-latvija","22":"tag-lv","23":"tag-news","24":"tag-popularakas-zinas","25":"tag-popularakaszinas","26":"tag-top-stories","27":"tag-topstories","28":"tag-zinas"},"share_on_mastodon":{"url":"","error":""},"_links":{"self":[{"href":"https:\/\/www.europesays.com\/lv\/wp-json\/wp\/v2\/posts\/28505","targetHints":{"allow":["GET"]}}],"collection":[{"href":"https:\/\/www.europesays.com\/lv\/wp-json\/wp\/v2\/posts"}],"about":[{"href":"https:\/\/www.europesays.com\/lv\/wp-json\/wp\/v2\/types\/post"}],"author":[{"embeddable":true,"href":"https:\/\/www.europesays.com\/lv\/wp-json\/wp\/v2\/users\/2"}],"replies":[{"embeddable":true,"href":"https:\/\/www.europesays.com\/lv\/wp-json\/wp\/v2\/comments?post=28505"}],"version-history":[{"count":0,"href":"https:\/\/www.europesays.com\/lv\/wp-json\/wp\/v2\/posts\/28505\/revisions"}],"wp:featuredmedia":[{"embeddable":true,"href":"https:\/\/www.europesays.com\/lv\/wp-json\/wp\/v2\/media\/28506"}],"wp:attachment":[{"href":"https:\/\/www.europesays.com\/lv\/wp-json\/wp\/v2\/media?parent=28505"}],"wp:term":[{"taxonomy":"category","embeddable":true,"href":"https:\/\/www.europesays.com\/lv\/wp-json\/wp\/v2\/categories?post=28505"},{"taxonomy":"post_tag","embeddable":true,"href":"https:\/\/www.europesays.com\/lv\/wp-json\/wp\/v2\/tags?post=28505"}],"curies":[{"name":"wp","href":"https:\/\/api.w.org\/{rel}","templated":true}]}}