{"id":285108,"date":"2026-09-03T19:44:14","date_gmt":"2026-09-03T19:44:14","guid":{"rendered":"https:\/\/www.europesays.com\/lv\/285108\/"},"modified":"2026-09-03T19:44:14","modified_gmt":"2026-09-03T19:44:14","slug":"serbija-atklata-organizeta-grupa-kas-es-ievedusi-spragstvielas-un-dronus","status":"publish","type":"post","link":"https:\/\/www.europesays.com\/lv\/285108\/","title":{"rendered":"Serbij\u0101 atkl\u0101ta organiz\u0113ta grupa, kas ES ievedusi spr\u0101gstvielas un dronus"},"content":{"rendered":"<p>\u0160\u012b banda, kur\u0101, p\u0113c varasiest\u0101\u017eu teikt\u0101, ir v\u0113l tr\u012bs cilv\u0113ki, tiek tur\u0113ta aizdom\u0101s par spr\u0101gstvielu un bezpilota lidapar\u0101tu ieg\u0101d\u0101\u0161anos Serbij\u0101, lai p\u0113c tam tos nog\u0101d\u0101tu uz &#8220;iepriek\u0161 pl\u0101not\u0101m un saska\u0146ot\u0101m viet\u0101m&#8221; ES dal\u012bbvalst\u012bs.<\/p>\n<p>Prokurat\u016bra atkl\u0101ja, ka banda tika atkl\u0101ta p\u0113c tam, kad apr\u012bl\u012b pie g\u0101zes cauru\u013cvada uz Serbijas robe\u017eas ar Ung\u0101riju tika atrastas <a href=\"https:\/\/www.tvnet.lv\/term\/571292\/spragstvielas\" class=\"topicLink\" target=\"_blank\" rel=\"nofollow noopener\">spr\u0101gstvielas<\/a>.<\/p>\n<p>\u017durn\u0101ls &#8220;Der Spiegel&#8221; zi\u0146oja, ka V\u0101cijas izmekl\u0113t\u0101ji p\u0101rbauda iesp\u0113jamo saikni starp dronu, kas august\u0101 tika atrasts Leipcigas lidost\u0101, un diviem v\u012brie\u0161iem, kas tika aiztur\u0113ti 11. j\u016bnij\u0101 uz Serbijas un Ung\u0101rijas robe\u017eas. Vi\u0146i transport\u0113ja dronu deta\u013cas un spr\u0101gstvielas.<\/p>\n<p>V\u0101cijas vald\u012bba otrdien aps\u016bdz\u0113ja Krieviju par m\u0113\u0123in\u0101jumu sar\u012bkot diversiju Leipcigas lidost\u0101, kur pag\u0101ju\u0161aj\u0101 m\u0113nes\u012b tika atrasti droni ar spr\u0101gstviel\u0101m.<\/p>\n<p>4. august\u0101 Leipcigas lidost\u0101, kam ir noz\u012bm\u012bga loma milit\u0101rajos p\u0101rvad\u0101jumos, tika atrasts bezpilota lidapar\u0101ts ar spr\u0101gstviel\u0101m. Policija izmantoja robotu, lai neitraliz\u0113tu spr\u0101gstvielas dron\u0101, kas tika atrasts net\u0101lu no Ukrainas kravas lidma\u0161\u012bnas, un uzskata, ka otrs drons, iesp\u0113jams, sad\u016br\u0101s ar net\u0101lu eso\u0161u lo\u0123istikas komp\u0101nijas DHL lidma\u0161\u012bnu. Kop\u0161 t\u0101 laika ir atrasts tre\u0161ais drons, kas ar\u012b bija apr\u012bkots ar spr\u0101gstviel\u0101m.<\/p>\n","protected":false},"excerpt":{"rendered":"\u0160\u012b banda, kur\u0101, p\u0113c varasiest\u0101\u017eu teikt\u0101, ir v\u0113l tr\u012bs cilv\u0113ki, tiek tur\u0113ta aizdom\u0101s par spr\u0101gstvielu un bezpilota lidapar\u0101tu&hellip;\n","protected":false},"author":2,"featured_media":285109,"comment_status":"","ping_status":"","sticky":false,"template":"","format":"standard","meta":{"footnotes":"","_share_on_mastodon":"0"},"categories":[14],"tags":[23,57,28,29,514,32,33,22,30,31,35,39,38,36,37,34,40,20,2284,26,27,243,5982,24,25,54,55,56,21,58],"class_list":["post-285108","post","type-post","status-publish","format-standard","has-post-thumbnail","category-zinas-no-arvalstim","tag-aktualitates","tag-arvalstim","tag-breaking-news","tag-breakingnews","tag-eiropas-savieniba","tag-featured-news","tag-featurednews","tag-headlines","tag-latest-news","tag-latestnews","tag-latvia","tag-latvian","tag-latviesu","tag-latviesu-valoda","tag-latviesuvaloda","tag-latvija","tag-lv","tag-news","tag-noziedziba","tag-popularakas-zinas","tag-popularakaszinas","tag-serbija","tag-spragstvielas","tag-top-stories","tag-topstories","tag-world","tag-world-news","tag-worldnews","tag-zinas","tag-zinas-no-arvalstim"],"share_on_mastodon":{"url":"https:\/\/pubeurope.com\/@lv\/117208826916271343","error":""},"_links":{"self":[{"href":"https:\/\/www.europesays.com\/lv\/wp-json\/wp\/v2\/posts\/285108","targetHints":{"allow":["GET"]}}],"collection":[{"href":"https:\/\/www.europesays.com\/lv\/wp-json\/wp\/v2\/posts"}],"about":[{"href":"https:\/\/www.europesays.com\/lv\/wp-json\/wp\/v2\/types\/post"}],"author":[{"embeddable":true,"href":"https:\/\/www.europesays.com\/lv\/wp-json\/wp\/v2\/users\/2"}],"replies":[{"embeddable":true,"href":"https:\/\/www.europesays.com\/lv\/wp-json\/wp\/v2\/comments?post=285108"}],"version-history":[{"count":0,"href":"https:\/\/www.europesays.com\/lv\/wp-json\/wp\/v2\/posts\/285108\/revisions"}],"wp:featuredmedia":[{"embeddable":true,"href":"https:\/\/www.europesays.com\/lv\/wp-json\/wp\/v2\/media\/285109"}],"wp:attachment":[{"href":"https:\/\/www.europesays.com\/lv\/wp-json\/wp\/v2\/media?parent=285108"}],"wp:term":[{"taxonomy":"category","embeddable":true,"href":"https:\/\/www.europesays.com\/lv\/wp-json\/wp\/v2\/categories?post=285108"},{"taxonomy":"post_tag","embeddable":true,"href":"https:\/\/www.europesays.com\/lv\/wp-json\/wp\/v2\/tags?post=285108"}],"curies":[{"name":"wp","href":"https:\/\/api.w.org\/{rel}","templated":true}]}}