{"id":285124,"date":"2026-09-03T19:56:17","date_gmt":"2026-09-03T19:56:17","guid":{"rendered":"https:\/\/www.europesays.com\/lv\/285124\/"},"modified":"2026-09-03T19:56:17","modified_gmt":"2026-09-03T19:56:17","slug":"ka-divi-braziliesu-tiktokeri-iedzivojas-bagatiba-vervejot-cilvekus-krievijas-armijai","status":"publish","type":"post","link":"https:\/\/www.europesays.com\/lv\/285124\/","title":{"rendered":"K\u0101 divi braz\u012blie\u0161u tiktokeri iedz\u012bvoj\u0101s bag\u0101t\u012bb\u0101, verv\u0113jot cilv\u0113kus Krievijas armijai"},"content":{"rendered":"<p>Divi braz\u012blie\u0161i soci\u0101lajos t\u012bklos verv\u0113ja savus tautie\u0161us dienestam <a rel=\"noopener nofollow\" target=\"_blank\" href=\"https:\/\/www.delfi.lv\/temas\/35525519\/krievija\" tag-id=\"35525519\">Krievijas<\/a> armij\u0101. Kad saverv\u0113tie non\u0101ca front\u0113 Ukrain\u0101, kr\u0101pnieki piesavin\u0101j\u0101s vi\u0146iem pien\u0101ko\u0161os naudu. Izmantojot to, ka upuri neprata krievu valodu, abiem izdev\u0101s saverv\u0113t vair\u0101k nek\u0101 desmit braz\u012blie\u0161u. Da\u017ei no vi\u0146iem pazuda bez v\u0113sts vai g\u0101ja boj\u0101 front\u0113. P\u0113c tam, kad Krievijas milit\u0101r\u0101 prokurat\u016bra ierosin\u0101ja krimin\u0101llietu, abi pazuda. Ta\u010du vi\u0146u l\u012bdzdal\u012bbnieks \u2013 Braz\u012blij\u0101 dzimis &#8220;Donbasa veter\u0101ns&#8221; \u2013 joproj\u0101m ir br\u012bv\u012bb\u0101 un turpina apkr\u0101pt bezv\u0113sts pazudu\u0161o karav\u012bru tuviniekus. <\/p>\n","protected":false},"excerpt":{"rendered":"Divi braz\u012blie\u0161i soci\u0101lajos t\u012bklos verv\u0113ja savus tautie\u0161us dienestam Krievijas armij\u0101. Kad saverv\u0113tie non\u0101ca front\u0113 Ukrain\u0101, kr\u0101pnieki piesavin\u0101j\u0101s vi\u0146iem&hellip;\n","protected":false},"author":2,"featured_media":285125,"comment_status":"","ping_status":"","sticky":false,"template":"","format":"standard","meta":{"footnotes":"","_share_on_mastodon":"0"},"categories":[14],"tags":[4188,23,57,28,29,5728,32,33,22,234,74,30,31,35,39,38,36,37,34,40,20,26,27,24,25,54,55,56,21,58],"class_list":["post-285124","post","type-post","status-publish","format-standard","has-post-thumbnail","category-zinas-no-arvalstim","tag-aizkadra","tag-aktualitates","tag-arvalstim","tag-breaking-news","tag-breakingnews","tag-delfi-plus","tag-featured-news","tag-featurednews","tag-headlines","tag-krievija","tag-krievijas-iebrukums-ukraina","tag-latest-news","tag-latestnews","tag-latvia","tag-latvian","tag-latviesu","tag-latviesu-valoda","tag-latviesuvaloda","tag-latvija","tag-lv","tag-news","tag-popularakas-zinas","tag-popularakaszinas","tag-top-stories","tag-topstories","tag-world","tag-world-news","tag-worldnews","tag-zinas","tag-zinas-no-arvalstim"],"share_on_mastodon":{"url":"https:\/\/pubeurope.com\/@lv\/117208874408733957","error":""},"_links":{"self":[{"href":"https:\/\/www.europesays.com\/lv\/wp-json\/wp\/v2\/posts\/285124","targetHints":{"allow":["GET"]}}],"collection":[{"href":"https:\/\/www.europesays.com\/lv\/wp-json\/wp\/v2\/posts"}],"about":[{"href":"https:\/\/www.europesays.com\/lv\/wp-json\/wp\/v2\/types\/post"}],"author":[{"embeddable":true,"href":"https:\/\/www.europesays.com\/lv\/wp-json\/wp\/v2\/users\/2"}],"replies":[{"embeddable":true,"href":"https:\/\/www.europesays.com\/lv\/wp-json\/wp\/v2\/comments?post=285124"}],"version-history":[{"count":0,"href":"https:\/\/www.europesays.com\/lv\/wp-json\/wp\/v2\/posts\/285124\/revisions"}],"wp:featuredmedia":[{"embeddable":true,"href":"https:\/\/www.europesays.com\/lv\/wp-json\/wp\/v2\/media\/285125"}],"wp:attachment":[{"href":"https:\/\/www.europesays.com\/lv\/wp-json\/wp\/v2\/media?parent=285124"}],"wp:term":[{"taxonomy":"category","embeddable":true,"href":"https:\/\/www.europesays.com\/lv\/wp-json\/wp\/v2\/categories?post=285124"},{"taxonomy":"post_tag","embeddable":true,"href":"https:\/\/www.europesays.com\/lv\/wp-json\/wp\/v2\/tags?post=285124"}],"curies":[{"name":"wp","href":"https:\/\/api.w.org\/{rel}","templated":true}]}}