{"id":285152,"date":"2026-09-03T20:18:31","date_gmt":"2026-09-03T20:18:31","guid":{"rendered":"https:\/\/www.europesays.com\/lv\/285152\/"},"modified":"2026-09-03T20:18:31","modified_gmt":"2026-09-03T20:18:31","slug":"dzokovica-ceribas-uz-25-grand-slam-titulu-sabruk-jau-pirmaja-karta-asv-atklataja-cempionata-raksts","status":"publish","type":"post","link":"https:\/\/www.europesays.com\/lv\/285152\/","title":{"rendered":"D\u017eokovi\u010da cer\u012bbas uz 25.\u00a0\u00abGrand Slam\u00bb titulu sabr\u016bk jau pirmaj\u0101 k\u0101rt\u0101 ASV atkl\u0101taj\u0101 \u010dempion\u0101t\u0101 \/ Raksts"},"content":{"rendered":"<p>\n                        31. augusts, 8:59                    <\/p>\n<p>\n                            Autori:<br \/>\n                            LSM Sporta redakcija                        <\/p>\n<p>Pieredz\u0113ju\u0161ais Serbijas tenisists Novaks D\u017eokovi\u010ds sv\u0113tdien zaud\u0113ja jau pirmaj\u0101 k\u0101rt\u0101\u00a0ASV atkl\u0101taj\u0101 \u010dempion\u0101t\u0101, \u0101tri \u0161\u0137iroties no izredz\u0113m izc\u012bn\u012bt karjer\u0101 25.\u00a0titulu &#8220;Grand Slam&#8221; turn\u012bros.\u00a0<\/p>\n<p>D\u017eokovi\u010ds piecu setu duel\u012b piek\u0101p\u0101s pasaules ranga 48. vietas \u012bpa\u0161niekam argent\u012bnietim Mariano Navonem \u2013 6-7 (5-7), 7-5, 6-4, 2-6, 1-6. D\u017eokovi\u010ds c\u012b\u0146as gait\u0101 vair\u0101kk\u0101rt v\u0113ma, un sp\u0113les beigu da\u013c\u0101 vi\u0146am sare\u017e\u0123\u012bjumus rad\u012bja gan krampji k\u0101j\u0101s, gan muguras s\u0101pes.\u00a0<\/p>\n<p>Pirms piekt\u0101 seta D\u017eokovi\u010ds izmantoja medic\u012bnisko p\u0101rtraukumu, dz\u0113ra z\u0101les, vi\u0146am mas\u0113ja muguru.\u00a0<\/p>\n<p>&#8220;Grand Slam&#8221; turn\u012bru pirmaj\u0101 k\u0101rt\u0101 39 gadus vecais D\u017eokovi\u010ds nebija zaud\u0113jis ne reizi kop\u0161 starta 2006.\u00a0gad\u0101 Austr\u0101lijas atkl\u0101taj\u0101 \u010dempion\u0101t\u0101. Kop\u0161 t\u0101 laika D\u017eokovi\u010ds pirmaj\u0101 k\u0101rt\u0101 augst\u0101k\u0101 l\u012bme\u0146a turn\u012bros bija uzvar\u0113jis 78 reizes p\u0113c k\u0101rtas. ASV atkl\u0101taj\u0101 \u010dempion\u0101t\u0101 D\u017eokovi\u010ds ne reizi nebija zaud\u0113jis agr\u0101k k\u0101 tre\u0161aj\u0101 k\u0101rt\u0101, un \u0145ujork\u0101 vi\u0146\u0161 \u010detras reizes ir bijis uzvar\u0113t\u0101ja god\u0101.<\/p>\n<p>D\u017eokovi\u010ds ar 24 uzvar\u0101m &#8220;Grand Slam&#8221; l\u012bmen\u012b ir pasaul\u0113 titul\u0113t\u0101kais tenisists. Sp\u0101\u0146a Rafaela Nadala r\u0113\u0137in\u0101 ir 22 &#8220;Grand Slam&#8221; tituli.\u00a0<\/p>\n<p>Latvijas tenisa l\u012bdere\u00a0A\u013cona\u00a0Ostapenko pirm\u0101s k\u0101rtas sp\u0113li\u00a0<a data-id=\"660697\" data-type=\"article\" href=\"https:\/\/www.lsm.lv\/raksts\/sports\/teniss\/27.08.2026-ostapenko-asv-atklata-tenisa-cempionata-pirmaja-karta-spekosies-ar-vacieti-mariju.a660697\/\" class=\"lsm-link\" rel=\"nofollow noopener\" target=\"_blank\">pret v\u0101cieti Tatjanu Mariju<\/a>\u00a0aizvad\u012bs otrdien. Ma\u010da s\u0101kums var\u0113tu b\u016bt ap plkst. 21 p\u0113c Latvijas laika.<\/p>\n<p>ASV atkl\u0101tais \u010dempion\u0101ts ciet\u0101 seguma laukumos ar 108 miljonu dol\u0101ru balvu fondu ilgs l\u012bdz 13.\u00a0septembrim, kad risin\u0101sies v\u012brie\u0161u viensp\u0113\u013cu fin\u0101ls.<\/p>\n<p>                    Valodas k\u013c\u016bda rakst\u0101?<\/p>\n<p class=\"d-none d-md-block\">Iez\u012bm\u0113jiet tekstu un spiediet Ctrl+Enter, lai nos\u016bt\u012btu labojamo teksta fragmentu redaktoram! Par faktu k\u013c\u016bd\u0101m l\u016bdzam zi\u0146ot e-past\u0101 redakcija@lsm.lv.<\/p>\n<p class=\"d-md-none\">Iez\u012bm\u0113jiet tekstu un spiediet uz Zi\u0146ot par k\u013c\u016bdu pogas, lai nos\u016bt\u012btu labojamo teksta fragmentu redaktoram!<\/p>\n<p>\n                    Zi\u0146ot par k\u013c\u016bdu\n                <\/p>\n","protected":false},"excerpt":{"rendered":"31. augusts, 8:59 Autori: LSM Sporta redakcija Pieredz\u0113ju\u0161ais Serbijas tenisists Novaks D\u017eokovi\u010ds sv\u0113tdien zaud\u0113ja jau pirmaj\u0101 k\u0101rt\u0101\u00a0ASV atkl\u0101taj\u0101&hellip;\n","protected":false},"author":2,"featured_media":285153,"comment_status":"","ping_status":"","sticky":false,"template":"","format":"standard","meta":{"footnotes":"","_share_on_mastodon":"0"},"categories":[17],"tags":[35,39,38,36,37,34,40,67],"class_list":["post-285152","post","type-post","status-publish","format-standard","has-post-thumbnail","category-sports","tag-latvia","tag-latvian","tag-latviesu","tag-latviesu-valoda","tag-latviesuvaloda","tag-latvija","tag-lv","tag-sports"],"share_on_mastodon":{"url":"https:\/\/pubeurope.com\/@lv\/117208960648743674","error":""},"_links":{"self":[{"href":"https:\/\/www.europesays.com\/lv\/wp-json\/wp\/v2\/posts\/285152","targetHints":{"allow":["GET"]}}],"collection":[{"href":"https:\/\/www.europesays.com\/lv\/wp-json\/wp\/v2\/posts"}],"about":[{"href":"https:\/\/www.europesays.com\/lv\/wp-json\/wp\/v2\/types\/post"}],"author":[{"embeddable":true,"href":"https:\/\/www.europesays.com\/lv\/wp-json\/wp\/v2\/users\/2"}],"replies":[{"embeddable":true,"href":"https:\/\/www.europesays.com\/lv\/wp-json\/wp\/v2\/comments?post=285152"}],"version-history":[{"count":0,"href":"https:\/\/www.europesays.com\/lv\/wp-json\/wp\/v2\/posts\/285152\/revisions"}],"wp:featuredmedia":[{"embeddable":true,"href":"https:\/\/www.europesays.com\/lv\/wp-json\/wp\/v2\/media\/285153"}],"wp:attachment":[{"href":"https:\/\/www.europesays.com\/lv\/wp-json\/wp\/v2\/media?parent=285152"}],"wp:term":[{"taxonomy":"category","embeddable":true,"href":"https:\/\/www.europesays.com\/lv\/wp-json\/wp\/v2\/categories?post=285152"},{"taxonomy":"post_tag","embeddable":true,"href":"https:\/\/www.europesays.com\/lv\/wp-json\/wp\/v2\/tags?post=285152"}],"curies":[{"name":"wp","href":"https:\/\/api.w.org\/{rel}","templated":true}]}}