{"id":285154,"date":"2026-09-03T20:21:19","date_gmt":"2026-09-03T20:21:19","guid":{"rendered":"https:\/\/www.europesays.com\/lv\/285154\/"},"modified":"2026-09-03T20:21:19","modified_gmt":"2026-09-03T20:21:19","slug":"krievija-slegs-getes-instituta-filiales-pazino-lavrovs","status":"publish","type":"post","link":"https:\/\/www.europesays.com\/lv\/285154\/","title":{"rendered":"Krievij\u0101 sl\u0113gs G\u0113tes instit\u016bta fili\u0101les, pazi\u0146o Lavrovs"},"content":{"rendered":"<p class=\"lead\">\n                                    Krievij\u0101 tiks sl\u0113gtas V\u0101cijas G\u0113tes instit\u016bta fili\u0101les, ceturtdien pazi\u0146oja Krievijas \u0101rlietu ministrs Sergejs Lavrovs.\n                                <\/p>\n<p style=\"margin-left:0px;\">V\u0101cija \u0161oned\u0113\u013c aps\u016bdz\u0113ja Krieviju diversijas m\u0113\u0123in\u0101jum\u0101 Leipcigas lidost\u0101 un pazi\u0146oja, ka tiks sl\u0113gts Krievijas konsul\u0101ts Bonn\u0101 un tiks atcelts l\u012bgums, saska\u0146\u0101 ar kuru Berl\u012bn\u0113 darboj\u0101s Krievu nams.<\/p>\n<p style=\"margin-left:0px;\">Lavrovs ceturtdien forum\u0101 Vladivostok\u0101 pauda, ka &#8220;v\u0101cie\u0161iem \u0161eit ir G\u0113tes instit\u016bta fili\u0101les &#8211; gan Maskav\u0101, gan Sanktp\u0113terburg\u0101, gan Jekaterinburg\u0101&#8221;.<\/p>\n<p style=\"margin-left:0px;\">&#8220;Protams, t\u0101s tiks sl\u0113gtas, p\u0113c tam, kad m\u016bsu kult\u016bras centrs no turienes tika izdz\u012bts. Pret\u0113j\u0101 gad\u012bjum\u0101 m\u0113s pa\u0161i sevi necien\u012bsim,&#8221; kl\u0101st\u012bja ministrs.<\/p>\n<p style=\"margin-left:0px;\">Tiesa, k\u0101 liecina pa\u0161a instit\u016bta dati, t\u0101 tre\u0161\u0101 fili\u0101le Krievij\u0101 atrodas nevis Jekaterinburg\u0101, bet Novosibirsk\u0101.<\/p>\n<p style=\"margin-left:0px;\">K\u0101 nor\u0101d\u012bja Krievijas ministrs, ar \u0161o l\u0113mumu V\u0101cijas varasiest\u0101des &#8220;apzin\u0101ti iz\u0161\u0137\u012br\u0101s par soli, kas nep\u0101rprotami noz\u012bm\u0113 vi\u0146u kult\u016bras kl\u0101tb\u016btnes p\u0101rtrauk\u0161anu Krievij\u0101, kas m\u016bsu attiec\u012bb\u0101s ar Rietumiem saglab\u0101j\u0101s, neraugoties uz vis\u0101m ukrai\u0146u peripetij\u0101m&#8221;.<\/p>\n<p style=\"margin-left:0px;\">V\u0101cijas vald\u012bba otrdien aps\u016bdz\u0113ja Krieviju par m\u0113\u0123in\u0101jumu sar\u012bkot diversiju Leipcigas lidost\u0101, kur pag\u0101ju\u0161aj\u0101 m\u0113nes\u012b tika atrasti droni ar spr\u0101gstviel\u0101m.<\/p>\n<p style=\"margin-left:0px;\">4. august\u0101 Leipcigas lidost\u0101, kam ir noz\u012bm\u012bga loma milit\u0101rajos p\u0101rvad\u0101jumos, tika atrasts bezpilota lidapar\u0101ts ar spr\u0101gstviel\u0101m. Policija izmantoja robotu, lai neitraliz\u0113tu spr\u0101gstvielas dron\u0101, kas tika atrasts net\u0101lu no Ukrainas kravas lidma\u0161\u012bnas, un uzskata, ka otrs drons, iesp\u0113jams, sad\u016br\u0101s ar net\u0101lu eso\u0161u lo\u0123istikas komp\u0101nijas DHL lidma\u0161\u012bnu. Kop\u0161 t\u0101 laika ir atrasts tre\u0161ais drons, kas ar\u012b bija apr\u012bkots ar spr\u0101gstviel\u0101m.<\/p>\n<p style=\"margin-left:0px;\">V\u0101cijas iek\u0161lietu ministrs Aleksandrs Dobrints nor\u0101d\u012bja, ka \u0161is uzbrukuma m\u0113\u0123in\u0101jums atbilst jau zin\u0101majam Krievijas hibr\u012bdoper\u0101ciju modelim. Vi\u0146\u0161 pazi\u0146oja, ka V\u0101cijas vald\u012bba &#8220;ir non\u0101kusi pie secin\u0101juma, ka Krievija ir atbild\u012bga par 4. august\u0101 Leipcig\u0101 notiku\u0161o hibr\u012bduzbrukumu&#8221;.<\/p>\n<p class=\"paragraph-muted\">Izv\u0113lies savu soct\u012bklu platformu, lai sekotu LASI.LV: <a href=\"https:\/\/www.facebook.com\/portals.lasi.lv\" target=\"_blank\" rel=\"noopener noreferrer nofollow\">Facebook<\/a>, <a href=\"https:\/\/twitter.com\/lasilvportals\" target=\"_blank\" rel=\"noopener noreferrer nofollow\">X<\/a>, <a href=\"https:\/\/bsky.app\/profile\/lasilv.bsky.social\" target=\"_blank\" rel=\"noopener noreferrer nofollow\">Bluesky<\/a>, <a href=\"https:\/\/www.draugiem.lv\/lasilv\/?pg=4\" target=\"_blank\" rel=\"noopener noreferrer nofollow\">Draugiem<\/a>, <a href=\"https:\/\/www.threads.com\/@lasilv_zinas\" rel=\"nofollow noopener\" target=\"_blank\">Threads<\/a> vai ar\u012b <a href=\"https:\/\/www.instagram.com\/lasilv_zinas\/\" target=\"_blank\" rel=\"noopener noreferrer nofollow\">Instagram<\/a>. Pievienojies m\u016bsu las\u012bt\u0101ju pulkam, lai sa\u0146emtu \u012bpa\u0161i tev atlas\u012btu noder\u012bgu, praktisku un aktu\u0101lu saturu.\u00a0<\/p>\n<p style=\"margin-left:auto;\">Pieraksties LASI.LV redaktora v\u0113stkopai <a href=\"https:\/\/lasi.lv\/vestkopa\/lasi-lv-galvena-redaktora-vestkopa\" rel=\"nofollow noopener\" target=\"_blank\">\u0161eit<\/a>.<\/p>\n<p>Pieraksties v\u0113stkopai un divas reizes ned\u0113\u013c\u0101 sa\u0146em padzi\u013cin\u0101tu LASI.LV galven\u0101 redaktora aktu\u0101lo zi\u0146u, kompetentu viedok\u013cu un interesant\u0101ko interviju apkopojumu.<\/p>\n<p>Ko tu sa\u0146emsi:<\/p>\n<ul>\n<li>Daudzveid\u012bgus koment\u0101rus un kompetentus Latvijas Mediju \u017eurn\u0101listu un autoru viedok\u013cus par aktu\u0101lo<\/li>\n<li>Ekspertu koment\u0101rus par da\u017e\u0101diem praktiskiem, noder\u012bgiem tematiem<\/li>\n<li>Aizraujo\u0161us materi\u0101lus par v\u0113sturi, psiholo\u0123iju, kult\u016bru<\/li>\n<li>Gata \u0160\u013c\u016bkas karikat\u016bru<\/li>\n<li>Tav\u0101 e-pasta kast\u012bt\u0113 katru ceturtdienu<\/li>\n<\/ul>\n<p style=\"margin-left:auto;\">\u00a0<\/p>\n<p><script async src=\"https:\/\/platform.twitter.com\/widgets.js\" charset=\"utf-8\"><\/script><script async src=\"\/\/www.instagram.com\/embed.js\"><\/script><\/p>\n","protected":false},"excerpt":{"rendered":"Krievij\u0101 tiks sl\u0113gtas V\u0101cijas G\u0113tes instit\u016bta fili\u0101les, ceturtdien pazi\u0146oja Krievijas \u0101rlietu ministrs Sergejs Lavrovs. V\u0101cija \u0161oned\u0113\u013c aps\u016bdz\u0113ja Krieviju&hellip;\n","protected":false},"author":2,"featured_media":285155,"comment_status":"","ping_status":"","sticky":false,"template":"","format":"standard","meta":{"footnotes":"","_share_on_mastodon":"0"},"categories":[14],"tags":[23,57,28,29,32,33,22,30,31,35,39,38,36,37,34,40,20,26,27,24,25,54,55,56,21,58],"class_list":["post-285154","post","type-post","status-publish","format-standard","has-post-thumbnail","category-zinas-no-arvalstim","tag-aktualitates","tag-arvalstim","tag-breaking-news","tag-breakingnews","tag-featured-news","tag-featurednews","tag-headlines","tag-latest-news","tag-latestnews","tag-latvia","tag-latvian","tag-latviesu","tag-latviesu-valoda","tag-latviesuvaloda","tag-latvija","tag-lv","tag-news","tag-popularakas-zinas","tag-popularakaszinas","tag-top-stories","tag-topstories","tag-world","tag-world-news","tag-worldnews","tag-zinas","tag-zinas-no-arvalstim"],"share_on_mastodon":{"url":"https:\/\/pubeurope.com\/@lv\/117208972327457848","error":""},"_links":{"self":[{"href":"https:\/\/www.europesays.com\/lv\/wp-json\/wp\/v2\/posts\/285154","targetHints":{"allow":["GET"]}}],"collection":[{"href":"https:\/\/www.europesays.com\/lv\/wp-json\/wp\/v2\/posts"}],"about":[{"href":"https:\/\/www.europesays.com\/lv\/wp-json\/wp\/v2\/types\/post"}],"author":[{"embeddable":true,"href":"https:\/\/www.europesays.com\/lv\/wp-json\/wp\/v2\/users\/2"}],"replies":[{"embeddable":true,"href":"https:\/\/www.europesays.com\/lv\/wp-json\/wp\/v2\/comments?post=285154"}],"version-history":[{"count":0,"href":"https:\/\/www.europesays.com\/lv\/wp-json\/wp\/v2\/posts\/285154\/revisions"}],"wp:featuredmedia":[{"embeddable":true,"href":"https:\/\/www.europesays.com\/lv\/wp-json\/wp\/v2\/media\/285155"}],"wp:attachment":[{"href":"https:\/\/www.europesays.com\/lv\/wp-json\/wp\/v2\/media?parent=285154"}],"wp:term":[{"taxonomy":"category","embeddable":true,"href":"https:\/\/www.europesays.com\/lv\/wp-json\/wp\/v2\/categories?post=285154"},{"taxonomy":"post_tag","embeddable":true,"href":"https:\/\/www.europesays.com\/lv\/wp-json\/wp\/v2\/tags?post=285154"}],"curies":[{"name":"wp","href":"https:\/\/api.w.org\/{rel}","templated":true}]}}