{"id":285158,"date":"2026-09-03T20:24:15","date_gmt":"2026-09-03T20:24:15","guid":{"rendered":"https:\/\/www.europesays.com\/lv\/285158\/"},"modified":"2026-09-03T20:24:15","modified_gmt":"2026-09-03T20:24:15","slug":"migrantu-ielausanas-laika-seuta-pastradati-23-dzimumnoziegumi","status":"publish","type":"post","link":"https:\/\/www.europesays.com\/lv\/285158\/","title":{"rendered":"Migrantu ielau\u0161an\u0101s laik\u0101 Seut\u0101 pastr\u0101d\u0101ti 23 dzimumnoziegumi"},"content":{"rendered":"<p class=\"lead\">\n                                    Sp\u0101nijas prokurori zi\u0146o, ka kop\u0161 j\u016blija beig\u0101m, kad no Marokas Seut\u0101 ielauz\u0101s t\u016bksto\u0161iem migrantu, \u0161aj\u0101 Sp\u0101nijas ankl\u0101v\u0101 Zieme\u013c\u0101frik\u0101 re\u0123istr\u0113ti 23 dzimumnoziegumi, tostarp devi\u0146i pret b\u0113rniem.\n                                <\/p>\n<p>Seutas virsprokurore Silvija Rohasa nor\u0101da, ka \u0161is skaitlis atbilst gandr\u012bz vienam zi\u0146otajam gad\u012bjumam dien\u0101. Laikrakstam El Pa\u00eds vi\u0146a pav\u0113st\u012bja, ka meitenes migrantes ir \u012bpa\u0161i neaizsarg\u0101tas sava neleg\u0101l\u0101 statusa un smago apst\u0101k\u013cu d\u0113\u013c. Sp\u0101nijas zi\u0146u a\u0123ent\u016bra Efe v\u0113sta, ka starp aizdom\u0101s tur\u0113tajiem ir \u010detri Marokas, tr\u012bs Sp\u0101nijas un viens Be\u013c\u0123ijas pilsonis.<\/p>\n<p>Seutas Universit\u0101tes slimn\u012bcas \u0101rsti sniegu\u0161i pal\u012bdz\u012bbu vair\u0101kiem cietu\u0161ajiem. Negad\u012bjumu un \u0101rk\u0101rtas situ\u0101ciju \u0101rste Susana Askaso atkl\u0101j, ka viena no cietu\u0161aj\u0101m ir tikai desmit gadus veca. Virsprokurore Rohasa paudusi, ka dzimumnoziegumu skaits p\u0113c migrantu iera\u0161an\u0101s strauji pieaudzis, un br\u012bdin\u0101jusi, ka re\u0101lais skaitlis var\u0113tu b\u016bt liel\u0101ks, jo da\u017eas cietu\u0161\u0101s par uzbrukumiem nav zi\u0146oju\u0161as.<\/p>\n<p>30. un 31. j\u016blij\u0101 Seut\u0101 ielauz\u0101s aptuveni 72 000 migrantu. Iev\u0113rojami liel\u0101k\u0101 da\u013ca dr\u012bz atgriez\u0101s Marok\u0101, ta\u010du Sp\u0101nijas teritorij\u0101 paliku\u0161i aptuveni 5000 cilv\u0113ku, tostarp 1400 l\u012bdz 1600 b\u0113rnu.<\/p>\n<p>Liel\u0101 migrantu piepl\u016bduma d\u0113\u013c teritorija saskaras ar b\u016btisku noslodzi, un sasp\u012bl\u0113jums starp migrantiem un viet\u0113jiem iedz\u012bvot\u0101jiem izrais\u012bjis vardarb\u012bgus incidentus. Migranti s\u0101ku\u0161i pludmal\u0113 sliet teltis un b\u016bv\u0113t nojumes, bet viet\u0113jie m\u0113\u0123in\u0101ju\u0161i vi\u0146u mant\u012bbu pat nodedzin\u0101t.<\/p>\n<p>Sp\u0101nijas vald\u012bba apstiprin\u0101jusi vair\u0101ku miljonu eiro v\u0113rtu pal\u012bdz\u012bbas paketi, lai nodro\u0161in\u0101tu pamatpakalpojumus un atbalstu b\u0113rniem bez pavad\u012bbas. Premjerministrs Pedro San\u010dess ned\u0113\u013cas laik\u0101 divreiz sasaucis Nacion\u0101l\u0101s dro\u0161\u012bbas padomi, lai risin\u0101tu kr\u012bzi.<\/p>\n<p>San\u010desa vald\u012bba saskaras ar opoz\u012bcijas partiju kritiku par situ\u0101cijas p\u0101rvald\u012bbu. Seutas re\u0123ion\u0101lais prezidents Huans Hesuss Vivass aicin\u0101jis r\u012bkot demonstr\u0101cijas teritorijas atbalstam.<\/p>\n<p><img decoding=\"async\" src=\"https:\/\/www.europesays.com\/lv\/wp-content\/uploads\/2026\/09\/202607311643446a6ca6900f38c.jpg.jpeg\" alt=\"Pie \u017eoga net\u0101lu no sadursmju vietas pie Fnidekas, uz Marokas un Sp\u0101nijas robe\u017eas, 2026. gada 31. j\u016blij\u0101 pulc\u0113ju\u0161ies cilv\u0113ki. T\u016bksto\u0161iem migrantu nakts laik\u0101 no Marokas \u0161\u0137\u0113rsoja robe\u017eu un iek\u013cuva Sp\u0101nijas Zieme\u013c\u0101frikas ankl\u0101v\u0101 Seut\u0101, 31. j\u016blij\u0101 pav\u0113st\u012bja policijas avots. \" title=\"Pie \u017eoga net\u0101lu no sadursmju vietas pie Fnidekas, uz Marokas un Sp\u0101nijas robe\u017eas, 2026. gada 31. j\u016blij\u0101 pulc\u0113ju\u0161ies cilv\u0113ki. T\u016bksto\u0161iem migrantu nakts laik\u0101 no Marokas \u0161\u0137\u0113rsoja robe\u017eu un iek\u013cuva Sp\u0101nijas Zieme\u013c\u0101frikas ankl\u0101v\u0101 Seut\u0101, 31. j\u016blij\u0101 pav\u0113st\u012bja policijas avots. \" loading=\"lazy\"\/><\/p>\n<p>Kr\u012bze saasin\u0101jusi ar\u012b sasp\u012bl\u0113jumu starp Sp\u0101niju un Maroku. Rab\u0101ta pieprasa suverenit\u0101ti p\u0101r Seutu un kaimi\u0146os eso\u0161o Melilju. San\u010dess izvair\u012bjies no Marokas aps\u016bdz\u0113\u0161anas masveida robe\u017eas \u0161\u0137\u0113rso\u0161anas organiz\u0113\u0161an\u0101, nor\u0101dot, ka nav izl\u016bko\u0161anas datu, kas liecin\u0101tu par Rab\u0101tas iesaisti.<\/p>\n<p>T\u0101 viet\u0101 vi\u0146\u0161 vainoja soct\u012bklos izplat\u012bto dezinform\u0101ciju, ko, p\u0113c vi\u0146a teikt\u0101, pastiprin\u0101ju\u0161i ar Krieviju, Izra\u0113lu un starptautiskajiem gal\u0113ji lab\u0113jiem sp\u0113kiem saist\u012bti t\u012bkli. Gan Krievija, gan Izra\u0113la \u0161\u012bs aps\u016bdz\u012bbas noraid\u012bju\u0161as. Ar\u012b Maroka noliedz jebk\u0101du savu iesaisti masveida robe\u017eas \u0161\u0137\u0113rso\u0161anas organiz\u0113\u0161an\u0101.<\/p>\n<p>Sp\u0101nijas faktu p\u0101rbaudes organiz\u0101cija Maldita nor\u0101da, ka zi\u0146as, kas mudin\u0101ja cilv\u0113kus m\u0113\u0123in\u0101t \u0161\u0137\u0113rsot robe\u017eu, soci\u0101lajos t\u012bklos Marok\u0101 izplat\u012bj\u0101s jau pirms migrantu piepl\u016bduma. P\u0113c Seutas varas iest\u0101\u017eu datiem, vismaz 100 cilv\u0113ku g\u0101ja boj\u0101, m\u0113\u0123inot sasniegt ankl\u0101vu pa j\u016bru.<\/p>\n<p> Aptauja <\/p>\n<p> Kad noskaidrojies, ka neleg\u0101li iece\u013coju\u0161ajam migrantam patv\u0113rums nepien\u0101kas, ko dar\u012bt valsts iest\u0101d\u0113m? <\/p>\n<p class=\"paragraph-muted\">Izv\u0113lies savu soct\u012bklu platformu, lai sekotu LASI.LV: <a href=\"https:\/\/www.facebook.com\/portals.lasi.lv\" target=\"_blank\" rel=\"noopener noreferrer nofollow\">Facebook<\/a>, <a href=\"https:\/\/twitter.com\/lasilvportals\" target=\"_blank\" rel=\"noopener noreferrer nofollow\">X<\/a>, <a href=\"https:\/\/bsky.app\/profile\/lasilv.bsky.social\" target=\"_blank\" rel=\"noopener noreferrer nofollow\">Bluesky<\/a>, <a href=\"https:\/\/www.draugiem.lv\/lasilv\/?pg=4\" target=\"_blank\" rel=\"noopener noreferrer nofollow\">Draugiem<\/a>, <a href=\"https:\/\/www.threads.com\/@lasilv_zinas\" rel=\"nofollow noopener\" target=\"_blank\">Threads<\/a> vai ar\u012b <a href=\"https:\/\/www.instagram.com\/lasilv_zinas\/\" target=\"_blank\" rel=\"noopener noreferrer nofollow\">Instagram<\/a>. Pievienojies m\u016bsu las\u012bt\u0101ju pulkam, lai sa\u0146emtu \u012bpa\u0161i tev atlas\u012btu noder\u012bgu, praktisku un aktu\u0101lu saturu.\u00a0<\/p>\n<p style=\"margin-left:auto;\">Pieraksties LASI.LV redaktora v\u0113stkopai <a href=\"https:\/\/lasi.lv\/vestkopa\/lasi-lv-galvena-redaktora-vestkopa\" rel=\"nofollow noopener\" target=\"_blank\">\u0161eit<\/a>.<\/p>\n<p>Pieraksties v\u0113stkopai un divas reizes ned\u0113\u013c\u0101 sa\u0146em padzi\u013cin\u0101tu LASI.LV galven\u0101 redaktora aktu\u0101lo zi\u0146u, kompetentu viedok\u013cu un interesant\u0101ko interviju apkopojumu.<\/p>\n<p>Ko tu sa\u0146emsi:<\/p>\n<ul>\n<li>Daudzveid\u012bgus koment\u0101rus un kompetentus Latvijas Mediju \u017eurn\u0101listu un autoru viedok\u013cus par aktu\u0101lo<\/li>\n<li>Ekspertu koment\u0101rus par da\u017e\u0101diem praktiskiem, noder\u012bgiem tematiem<\/li>\n<li>Aizraujo\u0161us materi\u0101lus par v\u0113sturi, psiholo\u0123iju, kult\u016bru<\/li>\n<li>Gata \u0160\u013c\u016bkas karikat\u016bru<\/li>\n<li>Tav\u0101 e-pasta kast\u012bt\u0113 katru ceturtdienu<\/li>\n<\/ul>\n<p style=\"margin-left:auto;\">\u00a0<\/p>\n<p><script async src=\"https:\/\/platform.twitter.com\/widgets.js\" charset=\"utf-8\"><\/script><script async src=\"\/\/www.instagram.com\/embed.js\"><\/script><\/p>\n","protected":false},"excerpt":{"rendered":"Sp\u0101nijas prokurori zi\u0146o, ka kop\u0161 j\u016blija beig\u0101m, kad no Marokas Seut\u0101 ielauz\u0101s t\u016bksto\u0161iem migrantu, \u0161aj\u0101 Sp\u0101nijas ankl\u0101v\u0101 Zieme\u013c\u0101frik\u0101&hellip;\n","protected":false},"author":2,"featured_media":285159,"comment_status":"","ping_status":"","sticky":false,"template":"","format":"standard","meta":{"footnotes":"","_share_on_mastodon":"0"},"categories":[5],"tags":[23,28,29,32,33,22,30,31,35,39,38,36,37,34,40,20,26,27,24,25,21],"class_list":["post-285158","post","type-post","status-publish","format-standard","has-post-thumbnail","category-aktualitates","tag-aktualitates","tag-breaking-news","tag-breakingnews","tag-featured-news","tag-featurednews","tag-headlines","tag-latest-news","tag-latestnews","tag-latvia","tag-latvian","tag-latviesu","tag-latviesu-valoda","tag-latviesuvaloda","tag-latvija","tag-lv","tag-news","tag-popularakas-zinas","tag-popularakaszinas","tag-top-stories","tag-topstories","tag-zinas"],"share_on_mastodon":{"url":"https:\/\/pubeurope.com\/@lv\/117208984290464206","error":""},"_links":{"self":[{"href":"https:\/\/www.europesays.com\/lv\/wp-json\/wp\/v2\/posts\/285158","targetHints":{"allow":["GET"]}}],"collection":[{"href":"https:\/\/www.europesays.com\/lv\/wp-json\/wp\/v2\/posts"}],"about":[{"href":"https:\/\/www.europesays.com\/lv\/wp-json\/wp\/v2\/types\/post"}],"author":[{"embeddable":true,"href":"https:\/\/www.europesays.com\/lv\/wp-json\/wp\/v2\/users\/2"}],"replies":[{"embeddable":true,"href":"https:\/\/www.europesays.com\/lv\/wp-json\/wp\/v2\/comments?post=285158"}],"version-history":[{"count":0,"href":"https:\/\/www.europesays.com\/lv\/wp-json\/wp\/v2\/posts\/285158\/revisions"}],"wp:featuredmedia":[{"embeddable":true,"href":"https:\/\/www.europesays.com\/lv\/wp-json\/wp\/v2\/media\/285159"}],"wp:attachment":[{"href":"https:\/\/www.europesays.com\/lv\/wp-json\/wp\/v2\/media?parent=285158"}],"wp:term":[{"taxonomy":"category","embeddable":true,"href":"https:\/\/www.europesays.com\/lv\/wp-json\/wp\/v2\/categories?post=285158"},{"taxonomy":"post_tag","embeddable":true,"href":"https:\/\/www.europesays.com\/lv\/wp-json\/wp\/v2\/tags?post=285158"}],"curies":[{"name":"wp","href":"https:\/\/api.w.org\/{rel}","templated":true}]}}