{"id":285160,"date":"2026-09-03T20:28:18","date_gmt":"2026-09-03T20:28:18","guid":{"rendered":"https:\/\/www.europesays.com\/lv\/285160\/"},"modified":"2026-09-03T20:28:18","modified_gmt":"2026-09-03T20:28:18","slug":"polija-pagarina-kontroli-uz-robezas-ar-lietuvu-un-vaciju-nelegalas-migracijas-ierobezosanai-raksts","status":"publish","type":"post","link":"https:\/\/www.europesays.com\/lv\/285160\/","title":{"rendered":"Polija pagarina kontroli uz robe\u017eas ar Lietuvu un V\u0101ciju neleg\u0101l\u0101s migr\u0101cijas ierobe\u017eo\u0161anai \/ Raksts"},"content":{"rendered":"<p>Polija pagarin\u0101s pagaidu kontroli uz robe\u017eas ar Lietuvu un V\u0101ciju v\u0113l par se\u0161iem m\u0113ne\u0161iem,\u00a0inform\u0113jis Eiropas Komisijas (EK) p\u0101rst\u0101vis.<\/p>\n<p>Polijas Iek\u0161lietu ministrija jau otrdien pazi\u0146oja, ka pl\u0101no pagarin\u0101t kontroli, jo joproj\u0101m tiek akt\u012bvi izmantots neleg\u0101l\u0101s migr\u0101cijas mar\u0161ruts caur Baltkrieviju un Baltijas valst\u012bm.<\/p>\n<blockquote>\n<p>Kop\u0161 kontroles ievie\u0161anas gandr\u012bz 2300\u00a0cilv\u0113kiem liegta iece\u013co\u0161ana, vair\u0101k nek\u0101 1300\u00a0person\u0101m piem\u0113rotas atpaka\u013cuz\u0146em\u0161anas proced\u016bras, bet 130\u00a0cilv\u0113ki aiztur\u0113ti aizdom\u0101s par pal\u012bdz\u012bbu citiem neleg\u0101li \u0161\u0137\u0113rsot robe\u017eu.<\/p>\n<\/blockquote>\n<p>&#8220;Polija neizsl\u0113dz iesp\u0113ju atcelt kontroli agr\u0101k, ja situ\u0101cija pie robe\u017eas uzlabosies,&#8221;\u00a0nor\u0101d\u012bja ministrija.<\/p>\n<p>Savuk\u0101rt EK p\u0101rst\u0101vis nor\u0101d\u012bja, ka no Polijas sa\u0146emta inform\u0101cija\u00a0par robe\u017ekontroles pagarin\u0101\u0161anu l\u012bdz n\u0101kam\u0101 gada 30.\u00a0martam. To s\u0101kotn\u0113ji bija pl\u0101nots turpin\u0101t l\u012bdz \u0161\u0101 gada 2.\u00a0oktobrim.\u00a0<\/p>\n<p>Polijas vald\u012bba ieviesa robe\u017ekontroli p\u0113rn\u0101 gada j\u016blij\u0101 neleg\u0101l\u0101s migr\u0101cijas probl\u0113mas d\u0113\u013c. Kaimi\u0146valsts V\u0101cija l\u012bdz\u012bgas izlases p\u0101rbaudes uz robe\u017eas ar Poliju veic jau kop\u0161 2023.\u00a0gada oktobra.<\/p>\n<p>                    Valodas k\u013c\u016bda rakst\u0101?<\/p>\n<p class=\"d-none d-md-block\">Iez\u012bm\u0113jiet tekstu un spiediet Ctrl+Enter, lai nos\u016bt\u012btu labojamo teksta fragmentu redaktoram! Par faktu k\u013c\u016bd\u0101m l\u016bdzam zi\u0146ot e-past\u0101 redakcija@lsm.lv.<\/p>\n<p class=\"d-md-none\">Iez\u012bm\u0113jiet tekstu un spiediet uz Zi\u0146ot par k\u013c\u016bdu pogas, lai nos\u016bt\u012btu labojamo teksta fragmentu redaktoram!<\/p>\n<p>\n                    Zi\u0146ot par k\u013c\u016bdu\n                <\/p>\n","protected":false},"excerpt":{"rendered":"Polija pagarin\u0101s pagaidu kontroli uz robe\u017eas ar Lietuvu un V\u0101ciju v\u0113l par se\u0161iem m\u0113ne\u0161iem,\u00a0inform\u0113jis Eiropas Komisijas (EK) p\u0101rst\u0101vis.&hellip;\n","protected":false},"author":2,"featured_media":285161,"comment_status":"","ping_status":"","sticky":false,"template":"","format":"standard","meta":{"footnotes":"","_share_on_mastodon":"0"},"categories":[14],"tags":[23,57,28,29,32,33,22,30,31,35,39,38,36,37,34,40,20,26,27,24,25,54,55,56,21,58],"class_list":["post-285160","post","type-post","status-publish","format-standard","has-post-thumbnail","category-zinas-no-arvalstim","tag-aktualitates","tag-arvalstim","tag-breaking-news","tag-breakingnews","tag-featured-news","tag-featurednews","tag-headlines","tag-latest-news","tag-latestnews","tag-latvia","tag-latvian","tag-latviesu","tag-latviesu-valoda","tag-latviesuvaloda","tag-latvija","tag-lv","tag-news","tag-popularakas-zinas","tag-popularakaszinas","tag-top-stories","tag-topstories","tag-world","tag-world-news","tag-worldnews","tag-zinas","tag-zinas-no-arvalstim"],"share_on_mastodon":{"url":"https:\/\/pubeurope.com\/@lv\/117208999817232074","error":""},"_links":{"self":[{"href":"https:\/\/www.europesays.com\/lv\/wp-json\/wp\/v2\/posts\/285160","targetHints":{"allow":["GET"]}}],"collection":[{"href":"https:\/\/www.europesays.com\/lv\/wp-json\/wp\/v2\/posts"}],"about":[{"href":"https:\/\/www.europesays.com\/lv\/wp-json\/wp\/v2\/types\/post"}],"author":[{"embeddable":true,"href":"https:\/\/www.europesays.com\/lv\/wp-json\/wp\/v2\/users\/2"}],"replies":[{"embeddable":true,"href":"https:\/\/www.europesays.com\/lv\/wp-json\/wp\/v2\/comments?post=285160"}],"version-history":[{"count":0,"href":"https:\/\/www.europesays.com\/lv\/wp-json\/wp\/v2\/posts\/285160\/revisions"}],"wp:featuredmedia":[{"embeddable":true,"href":"https:\/\/www.europesays.com\/lv\/wp-json\/wp\/v2\/media\/285161"}],"wp:attachment":[{"href":"https:\/\/www.europesays.com\/lv\/wp-json\/wp\/v2\/media?parent=285160"}],"wp:term":[{"taxonomy":"category","embeddable":true,"href":"https:\/\/www.europesays.com\/lv\/wp-json\/wp\/v2\/categories?post=285160"},{"taxonomy":"post_tag","embeddable":true,"href":"https:\/\/www.europesays.com\/lv\/wp-json\/wp\/v2\/tags?post=285160"}],"curies":[{"name":"wp","href":"https:\/\/api.w.org\/{rel}","templated":true}]}}