{"id":285162,"date":"2026-09-03T20:30:11","date_gmt":"2026-09-03T20:30:11","guid":{"rendered":"https:\/\/www.europesays.com\/lv\/285162\/"},"modified":"2026-09-03T20:30:11","modified_gmt":"2026-09-03T20:30:11","slug":"vari-vel-paspet-pieteikties-tris-dienas-ka-paradize-pilnigi-par-brivu-tacu-jaievero-viens-neparasts-noteikums","status":"publish","type":"post","link":"https:\/\/www.europesays.com\/lv\/285162\/","title":{"rendered":"Vari v\u0113l pasp\u0113t pieteikties \u2013 tr\u012bs dienas k\u0101 parad\u012bz\u0113 piln\u012bgi par br\u012bvu, ta\u010du j\u0101iev\u0113ro viens neparasts noteikums"},"content":{"rendered":"<p>    <img decoding=\"async\" src=\"https:\/\/www.europesays.com\/lv\/wp-content\/uploads\/2026\/09\/pexels-gsn-travel-28572708-1024x683.jpg\" alt=\"&#10;\"\/><\/p>\n<p>Foto. pexels-gsn-travel\n<\/p>\n<p>                                                <a href=\"https:\/\/news.google.com\/publications\/CAAqHQgKIhdDQklTQ3dnTWFnY0tCV3hoTG14MktBQVAB?hl=lv&amp;gl=LV&amp;ceid=LV%3Alv\" target=\"_blank\" style=\"font-family:SF Pro Display, Roboto, serif;font-size:12px;font-weight:bold;text-transform:uppercase;color:#000;text-decoration:none;line-height:34px;height:32px;display:block\" rel=\"nofollow noopener\"><br \/>\n                            Pievieno LA.LV<br \/>\n                            <img loading=\"lazy\" decoding=\"async\" src=\"https:\/\/www.la.lv\/assets\/images\/icon\/logo-google.svg\" style=\"margin-left:4px;vertical-align: -5px;\" width=\"18\" height=\"18\"\/><br \/>\n                        <\/a><br \/>\n                                                                        <a href=\"https:\/\/whatsapp.com\/channel\/0029VbCMJEF2v1IwTt54UN0u\" target=\"_blank\" class=\"whatsapp-channel-follow\" rel=\"nofollow noopener\"><br \/>\n                            Seko WhatsApp<\/p>\n<p>                        <\/a><\/p>\n<p>21:10, 3. septembris 2026<\/p>\n<p>Iedom\u0101jieties atva\u013cin\u0101jumu pie Baltijas j\u016bras, kur ne par ko nav j\u0101maks\u0101 \u2013 ne par naktsm\u012btni, ne \u0113dienu, ne nok\u013c\u016b\u0161anu l\u012bdz galam\u0113r\u0137im. V\u0113l vair\u0101k \u2013 viesiem tiek pied\u0101v\u0101ti ar\u012b e-velosip\u0113di, p\u0101rg\u0101jieni Stenshuvudas nacion\u0101laj\u0101 park\u0101, atp\u016bsties \u0161\u016bpu\u013ct\u012bklos un baud\u012bt viet\u0113jos \u0113dienus pie ugunskura, un citas aktivit\u0101tes.<\/p>\n<p>        Las\u012bt\u0101kie<br \/>\n        <a data-imagesrc=\"{&quot;300&quot;:&quot;https:\\\/\\\/lastatic.ams3.cdn.digitaloceanspaces.com\\\/2026\\\/08\\\/pexels-freestockpro-12932395-300x200.jpg&quot;,&quot;1024&quot;:&quot;https:\\\/\\\/lastatic.ams3.cdn.digitaloceanspaces.com\\\/2026\\\/08\\\/pexels-freestockpro-12932395-1024x683.jpg&quot;,&quot;1536&quot;:&quot;https:\\\/\\\/lastatic.ams3.cdn.digitaloceanspaces.com\\\/2026\\\/08\\\/pexels-freestockpro-12932395-1536x1024.jpg&quot;,&quot;500&quot;:&quot;https:\\\/\\\/lastatic.ams3.cdn.digitaloceanspaces.com\\\/2026\\\/08\\\/pexels-freestockpro-12932395-500x333.jpg&quot;,&quot;800&quot;:&quot;https:\\\/\\\/lastatic.ams3.cdn.digitaloceanspaces.com\\\/2026\\\/08\\\/pexels-freestockpro-12932395-800x533.jpg&quot;,&quot;2560&quot;:&quot;https:\\\/\\\/lastatic.ams3.cdn.digitaloceanspaces.com\\\/2026\\\/08\\\/pexels-freestockpro-12932395-scaled.jpg&quot;}\" data-focuspoint=\"&quot;&quot;\" data-p=\"2599955\" href=\"https:\/\/www.la.lv\/9-lietas-ko-par-cilveku-var-uzzinat-pabraucot-kopa-ar-vinu-automasina\" class=\"content-item lazy-load\" wp_automatic_readability=\"27\" rel=\"nofollow noopener\" target=\"_blank\"><\/p>\n<p>                                <img decoding=\"async\" src=\"\" alt=\"\" style=\"\" data-imageid=\"\"\/><\/p>\n<p>                                Kokteilis<\/p>\n<p>\n                                                                                9 lietas, ko par cilv\u0113ku var uzzin\u0101t, pabraucot kop\u0101 ar vi\u0146u automa\u0161\u012bn\u0101\n                            <\/p>\n<p><\/a><a data-imagesrc=\"{&quot;300&quot;:&quot;https:\\\/\\\/lastatic.ams3.cdn.digitaloceanspaces.com\\\/2026\\\/08\\\/pexels-cristian-rojas-8460085-300x200.jpg&quot;,&quot;1024&quot;:&quot;https:\\\/\\\/lastatic.ams3.cdn.digitaloceanspaces.com\\\/2026\\\/08\\\/pexels-cristian-rojas-8460085-1024x683.jpg&quot;,&quot;1536&quot;:&quot;https:\\\/\\\/lastatic.ams3.cdn.digitaloceanspaces.com\\\/2026\\\/08\\\/pexels-cristian-rojas-8460085-1536x1024.jpg&quot;,&quot;500&quot;:&quot;https:\\\/\\\/lastatic.ams3.cdn.digitaloceanspaces.com\\\/2026\\\/08\\\/pexels-cristian-rojas-8460085-500x333.jpg&quot;,&quot;800&quot;:&quot;https:\\\/\\\/lastatic.ams3.cdn.digitaloceanspaces.com\\\/2026\\\/08\\\/pexels-cristian-rojas-8460085-800x533.jpg&quot;,&quot;2560&quot;:&quot;https:\\\/\\\/lastatic.ams3.cdn.digitaloceanspaces.com\\\/2026\\\/08\\\/pexels-cristian-rojas-8460085-scaled.jpg&quot;}\" data-focuspoint=\"&quot;&quot;\" data-p=\"2602312\" href=\"https:\/\/www.la.lv\/naves-tuvosanos-var-pamanit-jau-48h-pirms-tas-7-izmainas-kas-notiek-cilveka-kermeni\" class=\"content-item lazy-load\" wp_automatic_readability=\"26.5\" rel=\"nofollow noopener\" target=\"_blank\"><\/p>\n<p>                                <img decoding=\"async\" src=\"\" alt=\"\" style=\"\" data-imageid=\"\"\/><\/p>\n<p>                                Veselam<\/p>\n<p>\n                                                                                N\u0101ves tuvo\u0161anos var paman\u012bt jau 48h pirms t\u0101s: 7 izmai\u0146as, kas notiek cilv\u0113ka \u0137ermen\u012b\n                            <\/p>\n<p><\/a><a data-imagesrc=\"{&quot;300&quot;:&quot;https:\\\/\\\/lastatic.ams3.cdn.digitaloceanspaces.com\\\/2026\\\/09\\\/avarija-300x225.jpeg&quot;,&quot;1024&quot;:&quot;https:\\\/\\\/lastatic.ams3.cdn.digitaloceanspaces.com\\\/2026\\\/09\\\/avarija-1024x768.jpeg&quot;,&quot;500&quot;:&quot;https:\\\/\\\/lastatic.ams3.cdn.digitaloceanspaces.com\\\/2026\\\/09\\\/avarija-500x375.jpeg&quot;,&quot;800&quot;:&quot;https:\\\/\\\/lastatic.ams3.cdn.digitaloceanspaces.com\\\/2026\\\/09\\\/avarija-800x600.jpeg&quot;,&quot;1080&quot;:&quot;https:\\\/\\\/lastatic.ams3.cdn.digitaloceanspaces.com\\\/2026\\\/09\\\/avarija.jpeg&quot;}\" data-focuspoint=\"&quot;&quot;\" data-p=\"2603467\" href=\"https:\/\/www.la.lv\/negadijuma-del-pilniba-bloketa-daugavpils-soseja-pie-ikskiles\" class=\"content-item lazy-load\" wp_automatic_readability=\"27\" rel=\"nofollow noopener\" target=\"_blank\"><\/p>\n<p>                                <img decoding=\"async\" src=\"\" alt=\"\" style=\"\" data-imageid=\"\"\/><\/p>\n<p>                                                                            VIDEO. Viens boj\u0101g\u0101ju\u0161ais, \u010detri cietu\u0161ie \u2013 av\u0101rijas d\u0113\u013c piln\u012bb\u0101 blo\u0137\u0113ta Daugavpils \u0161oseja pie Ik\u0161\u0137iles<\/p>\n<p><\/a><br \/>\n        <a class=\"read-more\" href=\"https:\/\/www.la.lv\/top\" rel=\"nofollow noopener\" target=\"_blank\">Las\u012bt citas zi\u0146as<\/a><\/p>\n<p> Ta\u010du \u0161im sap\u0146u atva\u013cin\u0101jumam ir k\u0101ds neparasts nosac\u012bjums \u2013 j\u0101prot klus\u0113t, par \u0161o pied\u0101v\u0101jumu pla\u0161\u0101k v\u0113st\u012bts port\u0101l\u0101 Bild.de.<\/p>\n<p>Zviedrijas t\u016brisma organiz\u0101cija \u201cVisit Sk\u00e5ne\u201d izsludin\u0101jusi \u012bpa\u0161u konkursu, kur\u0101 diviem cilv\u0113kiem iesp\u0113jams laim\u0113t tr\u012bs naktis noma\u013c\u0101 nami\u0146\u0101 pie Baltijas j\u016bras Skones austrumu piekrast\u0113. Nami\u0146\u0161 atrodas starp kokiem un \u0101be\u013cd\u0101rzu, un apk\u0101rt valda daba un miers.<\/p>\n<p>    CITI \u0160OBR\u012aD LASA<\/p>\n<p>Ska\u013c\u0101kiem par 45 decibeliem \u2013 br\u012bdin\u0101jums<\/p>\n<p>Nami\u0146a nosaukums nav izv\u0113l\u0113ts nejau\u0161i \u2013 to d\u0113v\u0113 par \u201cStay Quiet\u201d jeb \u201cPaliec klusum\u0101\u201d nami\u0146u. \u0160eit visu diennakti tiks m\u0113r\u012bts trok\u0161\u0146a l\u012bmenis. Sarunas netiek ierakst\u012btas, ta\u010du \u012bpa\u0161a ier\u012bce uzrauga apk\u0101rt\u0113j\u0101s vides ska\u013cumu. Ja ilgsto\u0161i tiek p\u0101rsniegts 45 decibelu l\u012bmenis, viesi vispirms sa\u0146em br\u012bdin\u0101jumu.<\/p>\n<p>Ja ar\u012b p\u0113c tam troksnis nemazin\u0101s, atp\u016btniekiem n\u0101ksies nami\u0146u atst\u0101t jau n\u0101kamaj\u0101 r\u012bt\u0101.<\/p>\n<p>Piln\u012bgs klusums gan nav nepiecie\u0161ams. Sarun\u0101ties dr\u012bkst, ta\u010du \u013coti klusi \u2013 aptuveni k\u0101 bibliot\u0113k\u0101. Ska\u013ca m\u016bzika, ska\u013cas telefonsarunas un ball\u012btes \u0161aj\u0101 atva\u013cin\u0101jum\u0101 nav paredz\u0113tas.<\/p>\n<p>Tr\u012bs naktis pie j\u016bras \u2013 piln\u012bgi bez maksas<\/p>\n<p>Konkursa organizatori mekl\u0113 cilv\u0113kus, kuri v\u0113las uz da\u017e\u0101m dien\u0101m izrauties no ikdienas trok\u0161\u0146a, telefona zvaniem, satiksmes un nep\u0101rtrauktas inform\u0101cijas pl\u016bsmas.<\/p>\n<p>Lai piedal\u012btos, pretendentiem <\/p>\n<blockquote><p>l\u012bdz 6. septembra plkst. 20.00 j\u0101nos\u016bta video Instagram kontam @visit_skane. Taj\u0101 j\u0101past\u0101sta, kas vi\u0146i ir,<\/p><\/blockquote>\n<p> kas vi\u0146us pavad\u012bs un k\u0101p\u0113c tie\u0161i vi\u0146iem b\u016btu nepiecie\u0161ama \u0161\u0101da \u201cklusuma terapija\u201d.<\/p>\n<p>Ce\u013cojums paredz\u0113ts 2026. gada septembra beig\u0101s vai oktobra s\u0101kum\u0101.<\/p>\n<p>Pieteikties dr\u012bkst cilv\u0113ki no 18 gadu vecuma, un ce\u013cojum\u0101 j\u0101dodas divat\u0101 \u2013 kop\u0101 ar partneri, draugu, br\u0101li, m\u0101su vai \u0123imenes locekli. B\u0113rnus un m\u0101jdz\u012bvniekus l\u012bdzi \u0146emt nedr\u012bkst. <\/p>\n<p>T\u0101pat dal\u012bbniekiem j\u0101prot pietiekami labi ang\u013cu valoda un j\u0101b\u016bt gataviem vair\u0101kas dienas iztikt bez viedt\u0101lru\u0146a.<\/p>\n<p>T\u0101tad \u0161oreiz galven\u0101 balva nav piecu zvaig\u017e\u0146u viesn\u012bca vai luksusa numurs. T\u0101 ir iesp\u0113ja tr\u012bs dienas dzird\u0113t vi\u013c\u0146us, v\u0113ju un putnus \u2013 un neko citu.<\/p>\n<p>T\u0113mas<\/p>\n<p>    SAIST\u012aTIE RAKSTI<\/p>\n","protected":false},"excerpt":{"rendered":"Foto. pexels-gsn-travel Pievieno LA.LV Seko WhatsApp 21:10, 3. septembris 2026 Iedom\u0101jieties atva\u013cin\u0101jumu pie Baltijas j\u016bras, kur ne par&hellip;\n","protected":false},"author":2,"featured_media":285163,"comment_status":"","ping_status":"","sticky":false,"template":"","format":"standard","meta":{"footnotes":"","_share_on_mastodon":"0"},"categories":[5],"tags":[23,28,29,32,33,22,30,31,35,39,38,36,37,34,40,20,26,27,24,25,21],"class_list":["post-285162","post","type-post","status-publish","format-standard","has-post-thumbnail","category-aktualitates","tag-aktualitates","tag-breaking-news","tag-breakingnews","tag-featured-news","tag-featurednews","tag-headlines","tag-latest-news","tag-latestnews","tag-latvia","tag-latvian","tag-latviesu","tag-latviesu-valoda","tag-latviesuvaloda","tag-latvija","tag-lv","tag-news","tag-popularakas-zinas","tag-popularakaszinas","tag-top-stories","tag-topstories","tag-zinas"],"share_on_mastodon":{"url":"https:\/\/pubeurope.com\/@lv\/117209008096569010","error":""},"_links":{"self":[{"href":"https:\/\/www.europesays.com\/lv\/wp-json\/wp\/v2\/posts\/285162","targetHints":{"allow":["GET"]}}],"collection":[{"href":"https:\/\/www.europesays.com\/lv\/wp-json\/wp\/v2\/posts"}],"about":[{"href":"https:\/\/www.europesays.com\/lv\/wp-json\/wp\/v2\/types\/post"}],"author":[{"embeddable":true,"href":"https:\/\/www.europesays.com\/lv\/wp-json\/wp\/v2\/users\/2"}],"replies":[{"embeddable":true,"href":"https:\/\/www.europesays.com\/lv\/wp-json\/wp\/v2\/comments?post=285162"}],"version-history":[{"count":0,"href":"https:\/\/www.europesays.com\/lv\/wp-json\/wp\/v2\/posts\/285162\/revisions"}],"wp:featuredmedia":[{"embeddable":true,"href":"https:\/\/www.europesays.com\/lv\/wp-json\/wp\/v2\/media\/285163"}],"wp:attachment":[{"href":"https:\/\/www.europesays.com\/lv\/wp-json\/wp\/v2\/media?parent=285162"}],"wp:term":[{"taxonomy":"category","embeddable":true,"href":"https:\/\/www.europesays.com\/lv\/wp-json\/wp\/v2\/categories?post=285162"},{"taxonomy":"post_tag","embeddable":true,"href":"https:\/\/www.europesays.com\/lv\/wp-json\/wp\/v2\/tags?post=285162"}],"curies":[{"name":"wp","href":"https:\/\/api.w.org\/{rel}","templated":true}]}}