{"id":285164,"date":"2026-09-03T20:31:11","date_gmt":"2026-09-03T20:31:11","guid":{"rendered":"https:\/\/www.europesays.com\/lv\/285164\/"},"modified":"2026-09-03T20:31:11","modified_gmt":"2026-09-03T20:31:11","slug":"riga-uzstasies-viens-no-vadosajiem-zviedru-dzeza-trompetistiem","status":"publish","type":"post","link":"https:\/\/www.europesays.com\/lv\/285164\/","title":{"rendered":"R\u012bg\u0101 uzst\u0101sies viens no vado\u0161ajiem zviedru d\u017eeza trompetistiem"},"content":{"rendered":"<p class=\"descr\">Lai uzst\u0101tos kop\u0101 ar Denisa Pa\u0161kevi\u010da kvartetu \u201cJazz Room Fest\u201d rudens sesij\u0101, R\u012bg\u0101 viesosies viens no vado\u0161ajiem zviedru trompetistiem Anders Bergcrantz.<\/p>\n<p>Malm\u0113 dzimu\u0161ais zviedru trompetists un komponists Anders Bergcrantz (64) izce\u013cas ar izteikti individu\u0101lu improviz\u0101cijas stilu, kur\u0101 vi\u0146\u0161 katr\u0101 izpild\u012bjum\u0101 no jauna p\u0101rveido muzik\u0101lo materi\u0101lu, apvienojot ilggad\u0113ju Eiropas un ASV d\u017eeza pieredzi.<\/p>\n<p>19. septembr\u012b d\u017eeza klub\u0101 MASA Anders Bergcrantz uzst\u0101sies kop\u0101 ar Latvijas d\u017eeza m\u016bzi\u0137iem &#8211; saksofonistu Denisu Pa\u0161kevi\u010du, pianistu Madaru Kalni\u0146u, kontrabasistu Andri Grunti un sitaminstrument\u0101listu Sigvardu Di\u017eaju. Koncert\u0101 skan\u0113s ori\u0123in\u0101lkompoz\u012bcijas un \u201cpost-bop\u201d klasikas interpret\u0101cijas, ko papildin\u0101s liriskas melodijas, improviz\u0101cija un m\u016bsdien\u012bgs d\u017eeza skan\u0113jums, bet centr\u0101 b\u016bs Bergcrantza un Pa\u0161kevi\u010da sasp\u0113le, savienojot \u0145ujorkas d\u017eeza skolas ener\u0123iju ar Zieme\u013ceiropas d\u017eeza lirismu.<\/p>\n<p>\u201cJazz Room Fest\u201d ir konceptu\u0101ls <a href=\"https:\/\/nra.lv\/kultura\/528506-pieteiksanas-jazzahead-2027-koncertiem.htm\" data-item-link=\"true\" data-item-id=\"528506\" rel=\"nofollow noopener\" target=\"_blank\">d\u017eeza, <\/a>elektroakustisk\u0101s un improviz\u0113t\u0101s m\u016bzikas festiv\u0101ls, ko dibin\u0101jis un vada Deniss Pa\u0161kevi\u010ds. Festiv\u0101la programm\u0101 tiekas laikmet\u012bgs d\u017eezs un eksperiment\u0101l\u0101 m\u016bzika, veidojot telpu starptautiskai m\u0101kslinieku sadarb\u012bbai un jauniem improviz\u0101cijas mekl\u0113jumiem. J\u0101piebilst, ka \u201cJazz Room Fest\u201d ir ofici\u0101ls World Jazz Network partneris.<\/p>\n","protected":false},"excerpt":{"rendered":"Lai uzst\u0101tos kop\u0101 ar Denisa Pa\u0161kevi\u010da kvartetu \u201cJazz Room Fest\u201d rudens sesij\u0101, R\u012bg\u0101 viesosies viens no vado\u0161ajiem zviedru&hellip;\n","protected":false},"author":2,"featured_media":285165,"comment_status":"","ping_status":"","sticky":false,"template":"","format":"standard","meta":{"footnotes":"","_share_on_mastodon":"0"},"categories":[19],"tags":[89,90,35,39,38,36,37,34,40],"class_list":["post-285164","post","type-post","status-publish","format-standard","has-post-thumbnail","category-izklaide","tag-entertainment","tag-izklaide","tag-latvia","tag-latvian","tag-latviesu","tag-latviesu-valoda","tag-latviesuvaloda","tag-latvija","tag-lv"],"share_on_mastodon":{"url":"https:\/\/pubeurope.com\/@lv\/117209011495401442","error":""},"_links":{"self":[{"href":"https:\/\/www.europesays.com\/lv\/wp-json\/wp\/v2\/posts\/285164","targetHints":{"allow":["GET"]}}],"collection":[{"href":"https:\/\/www.europesays.com\/lv\/wp-json\/wp\/v2\/posts"}],"about":[{"href":"https:\/\/www.europesays.com\/lv\/wp-json\/wp\/v2\/types\/post"}],"author":[{"embeddable":true,"href":"https:\/\/www.europesays.com\/lv\/wp-json\/wp\/v2\/users\/2"}],"replies":[{"embeddable":true,"href":"https:\/\/www.europesays.com\/lv\/wp-json\/wp\/v2\/comments?post=285164"}],"version-history":[{"count":0,"href":"https:\/\/www.europesays.com\/lv\/wp-json\/wp\/v2\/posts\/285164\/revisions"}],"wp:featuredmedia":[{"embeddable":true,"href":"https:\/\/www.europesays.com\/lv\/wp-json\/wp\/v2\/media\/285165"}],"wp:attachment":[{"href":"https:\/\/www.europesays.com\/lv\/wp-json\/wp\/v2\/media?parent=285164"}],"wp:term":[{"taxonomy":"category","embeddable":true,"href":"https:\/\/www.europesays.com\/lv\/wp-json\/wp\/v2\/categories?post=285164"},{"taxonomy":"post_tag","embeddable":true,"href":"https:\/\/www.europesays.com\/lv\/wp-json\/wp\/v2\/tags?post=285164"}],"curies":[{"name":"wp","href":"https:\/\/api.w.org\/{rel}","templated":true}]}}