{"id":285168,"date":"2026-09-03T20:36:16","date_gmt":"2026-09-03T20:36:16","guid":{"rendered":"https:\/\/www.europesays.com\/lv\/285168\/"},"modified":"2026-09-03T20:36:16","modified_gmt":"2026-09-03T20:36:16","slug":"saeima-steidzamibas-karta-atlauj-amatpersonam-balsot-par-savu-ievelesanu","status":"publish","type":"post","link":"https:\/\/www.europesays.com\/lv\/285168\/","title":{"rendered":"Saeima steidzam\u012bbas k\u0101rt\u0101 at\u013cauj amatperson\u0101m balsot par savu iev\u0113l\u0113\u0161anu"},"content":{"rendered":"<p>Izmai\u0146as tika skat\u012btas steidzam\u012bbas k\u0101rt\u0101.<\/p>\n<p>\u0160\u0101das izmai\u0146as pie\u0146emtas, jo Korupcijas nov\u0113r\u0161anas un apkaro\u0161anas birojs (<a href=\"https:\/\/www.tvnet.lv\/term\/37581\/knab\" class=\"topicLink\" target=\"_blank\" rel=\"nofollow noopener\">KNAB<\/a>) ir saskat\u012bjis intere\u0161u konfliktu neatkar\u012bgu instit\u016bciju vad\u012bt\u0101ju iev\u0113l\u0113\u0161an\u0101, kandid\u0101tiem balsojot pa\u0161iem par sevi. K\u0101 v\u0113st\u012bja TV3 raid\u012bjums &#8220;Nek\u0101 person\u012bga&#8221;, l\u012bdz ar \u0161\u0101du likuma trakt\u0113jumu KNAB administrat\u012bvos sodus sa\u0146\u0113mu\u0161as Nacion\u0101l\u0101s elektronisko pla\u0161sazi\u0146as l\u012bdzek\u013cu padomes (<a href=\"https:\/\/www.tvnet.lv\/term\/556141\/neplp\" class=\"topicLink\" target=\"_blank\" rel=\"nofollow noopener\">NEPLP<\/a>) priek\u0161s\u0113d\u0113t\u0101ja un vi\u0146as vietniece un tiek p\u0113t\u012bta pat Satversmes tiesas priek\u0161s\u0113d\u0113t\u0101jas un vi\u0146as vietnieces iev\u0113l\u0113\u0161ana. KNAB skat\u012bjum\u0101, \u0161o iest\u0101\u017eu vad\u012bt\u0101ju v\u0113l\u0113\u0161an\u0101s kandid\u0101ti nevarot balsot pa\u0161i par sevi, jo \u0161\u0101di vi\u0146i balsojot ar\u012b par liel\u0101ku algu sev.<\/p>\n<p>Groz\u012bjumi preciz\u0113 iz\u0146\u0113mumus intere\u0161u konflikta regul\u0113jum\u0101, nosakot, ka Saeimas deput\u0101ti, Ministru kabineta locek\u013ci, pa\u0161vald\u012bbu deput\u0101ti un citas kole\u0123i\u0101lu instit\u016bciju amatpersonas dr\u012bkst piedal\u012bties l\u0113muma pie\u0146em\u0161an\u0101 par savas atl\u012bdz\u012bbas noteik\u0161anu, k\u0101 ar\u012b par savu iecel\u0161anu, iev\u0113l\u0113\u0161anu vai apstiprin\u0101\u0161anu amat\u0101, ja \u0161\u0101da l\u012bdzdal\u012bba paredz\u0113ta likum\u0101.<\/p>\n","protected":false},"excerpt":{"rendered":"Izmai\u0146as tika skat\u012btas steidzam\u012bbas k\u0101rt\u0101. \u0160\u0101das izmai\u0146as pie\u0146emtas, jo Korupcijas nov\u0113r\u0161anas un apkaro\u0161anas birojs (KNAB) ir saskat\u012bjis intere\u0161u&hellip;\n","protected":false},"author":2,"featured_media":285169,"comment_status":"","ping_status":"","sticky":false,"template":"","format":"standard","meta":{"footnotes":"","_share_on_mastodon":"0"},"categories":[5],"tags":[23,28,29,32,33,22,4027,30,31,35,39,38,36,37,34,40,12521,20,26,27,141,24,25,21],"class_list":["post-285168","post","type-post","status-publish","format-standard","has-post-thumbnail","category-aktualitates","tag-aktualitates","tag-breaking-news","tag-breakingnews","tag-featured-news","tag-featurednews","tag-headlines","tag-knab","tag-latest-news","tag-latestnews","tag-latvia","tag-latvian","tag-latviesu","tag-latviesu-valoda","tag-latviesuvaloda","tag-latvija","tag-lv","tag-neplp","tag-news","tag-popularakas-zinas","tag-popularakaszinas","tag-saeima","tag-top-stories","tag-topstories","tag-zinas"],"share_on_mastodon":{"url":"https:\/\/pubeurope.com\/@lv\/117209031348776780","error":""},"_links":{"self":[{"href":"https:\/\/www.europesays.com\/lv\/wp-json\/wp\/v2\/posts\/285168","targetHints":{"allow":["GET"]}}],"collection":[{"href":"https:\/\/www.europesays.com\/lv\/wp-json\/wp\/v2\/posts"}],"about":[{"href":"https:\/\/www.europesays.com\/lv\/wp-json\/wp\/v2\/types\/post"}],"author":[{"embeddable":true,"href":"https:\/\/www.europesays.com\/lv\/wp-json\/wp\/v2\/users\/2"}],"replies":[{"embeddable":true,"href":"https:\/\/www.europesays.com\/lv\/wp-json\/wp\/v2\/comments?post=285168"}],"version-history":[{"count":0,"href":"https:\/\/www.europesays.com\/lv\/wp-json\/wp\/v2\/posts\/285168\/revisions"}],"wp:featuredmedia":[{"embeddable":true,"href":"https:\/\/www.europesays.com\/lv\/wp-json\/wp\/v2\/media\/285169"}],"wp:attachment":[{"href":"https:\/\/www.europesays.com\/lv\/wp-json\/wp\/v2\/media?parent=285168"}],"wp:term":[{"taxonomy":"category","embeddable":true,"href":"https:\/\/www.europesays.com\/lv\/wp-json\/wp\/v2\/categories?post=285168"},{"taxonomy":"post_tag","embeddable":true,"href":"https:\/\/www.europesays.com\/lv\/wp-json\/wp\/v2\/tags?post=285168"}],"curies":[{"name":"wp","href":"https:\/\/api.w.org\/{rel}","templated":true}]}}