{"id":285170,"date":"2026-09-03T20:37:18","date_gmt":"2026-09-03T20:37:18","guid":{"rendered":"https:\/\/www.europesays.com\/lv\/285170\/"},"modified":"2026-09-03T20:37:18","modified_gmt":"2026-09-03T20:37:18","slug":"foto-miljonars-zuzans-svin-kazu-pirmo-jubileju-lai-visiem-jaunlaulatajiem-ir-ta-santa","status":"publish","type":"post","link":"https:\/\/www.europesays.com\/lv\/285170\/","title":{"rendered":"FOTO: Miljon\u0101rs Zuz\u0101ns svin k\u0101zu pirmo jubileju: Lai visiem jaunlaul\u0101tajiem ir t\u0101! \u2014 Santa"},"content":{"rendered":"<p>Zuz\u0101ns sav\u0101 2. septembr\u012b\u00a0soci\u0101laj\u0101 medij\u0101 X\u00a0publiskotaj\u0101 ierakst\u0101 nor\u0101da, ka jau gadu ir laim\u012bgs v\u012brs savai m\u012b\u013cotajai sievai.<\/p>\n<p>\u00abPadalos ar da\u017e\u0101m atmi\u0146\u0101m no \u0161\u012b m\u016bsu kop\u0101 nodz\u012bvot\u0101 gada un v\u0113los, lai visiem jaunlaul\u0101tajiem ir tik pat labi k\u0101 mums,\u00bb raksta miljon\u0101rs.<\/p>\n<p>\u00a0<\/p>\n<p>\u00a0<\/p>\n<p>M\u0101kslas centra\u00a0Zuzeum\u00a0\u012bpa\u0161nieka J\u0101\u0146a Zuz\u0101na un Ilzes\u00a0laul\u012bbu ceremonija notikusi 2025. gada 2. septembr\u012b\u00a0C\u0113su novada dzimtsarakstu noda\u013c\u0101, bet divas dienas v\u0113l\u0101k p\u0101ris nosl\u0113dzis\u00a0laul\u0101to mantisko attiec\u012bbu l\u012bgumu par visas mantas \u0161\u0137irt\u012bbu, v\u0113sta\u00a0Lursoft\u00a0datu b\u0101z\u0113 pieejam\u0101 inform\u0101cija.<\/p>\n<p>M\u0101kslas mecen\u0101ta sieva ir 25 gadus jaun\u0101ka par vi\u0146u.<\/p>\n<p>        <img decoding=\"async\" class=\"no-convert\" alt=\"\" data-init=\"lazy-image\" src=\"https:\/\/www.europesays.com\/lv\/wp-content\/uploads\/2026\/09\/5dd110abb177.jpg\"\/><a target=\"_self\" href=\"https:\/\/www.santa.lv\/raksts\/privatadzive\/foto-zuzanu-lepnaja-maja-kipsala-nu-saimnieko-cits-miljonars.-3-gadus-pec-dinas-naves-staveja-tuksa-82965\/\" aria-label=\"FOTO: Zuz\u0101nu lepnaj\u0101 m\u0101j\u0101 \u0136\u012bpsal\u0101 nu saimnieko cits miljon\u0101rs. 3 gadus p\u0113c Dinas n\u0101ves st\u0101v\u0113ja tuk\u0161a\" rel=\"nofollow noopener\"><\/p>\n<p>Evija Kalnb\u0113rza<\/p>\n<p><img decoding=\"async\" class=\"no-convert\" alt=\"\" data-init=\"lazy-image\" src=\"https:\/\/www.europesays.com\/lv\/wp-content\/uploads\/2026\/09\/f1405a084efb.jpg\"\/><a target=\"_self\" href=\"https:\/\/www.santa.lv\/raksts\/perle\/foto-zuzana-milota-un-sturaine-parsteidz-ar-divainiem-apaviem.-iztere-simtiem-eiro-63692\/\" aria-label=\"FOTO: Zuz\u0101na m\u012b\u013cot\u0101 un St\u016braine &lt;strong&gt;p\u0101rsteidz ar d\u012bvainiem apaviem&lt;\/strong&gt;. Izt\u0113r\u0113 simtiem eiro\" rel=\"nofollow noopener\"><\/p>\n<p>Evija Kalnb\u0113rza<\/p>\n<p>\u017durn\u0101ls\u00a0Priv\u0101t\u0101 Dz\u012bve\u00a0J\u0101ni un Ilzi pirmo reizi kop\u0101 paman\u012bja pirms pieciem gadiem, kad vi\u0146i apmekl\u0113ja Purv\u012b\u0161a balvas pasnieg\u0161anas ceremoniju Latvijas Nacion\u0101laj\u0101 m\u0101kslas muzej\u0101. Toreiz visu pas\u0101kuma laiku p\u0101ris tur\u0113j\u0101s cie\u0161i kop\u0101.<\/p>\n<p>\t\t\t\t\t\t\tPadalies ar draugiem<\/p>\n","protected":false},"excerpt":{"rendered":"Zuz\u0101ns sav\u0101 2. septembr\u012b\u00a0soci\u0101laj\u0101 medij\u0101 X\u00a0publiskotaj\u0101 ierakst\u0101 nor\u0101da, ka jau gadu ir laim\u012bgs v\u012brs savai m\u012b\u013cotajai sievai. \u00abPadalos&hellip;\n","protected":false},"author":2,"featured_media":285171,"comment_status":"","ping_status":"","sticky":false,"template":"","format":"standard","meta":{"footnotes":"","_share_on_mastodon":"0"},"categories":[19],"tags":[89,90,35,39,38,36,37,34,40],"class_list":["post-285170","post","type-post","status-publish","format-standard","has-post-thumbnail","category-izklaide","tag-entertainment","tag-izklaide","tag-latvia","tag-latvian","tag-latviesu","tag-latviesu-valoda","tag-latviesuvaloda","tag-latvija","tag-lv"],"share_on_mastodon":{"url":"https:\/\/pubeurope.com\/@lv\/117209035655290682","error":""},"_links":{"self":[{"href":"https:\/\/www.europesays.com\/lv\/wp-json\/wp\/v2\/posts\/285170","targetHints":{"allow":["GET"]}}],"collection":[{"href":"https:\/\/www.europesays.com\/lv\/wp-json\/wp\/v2\/posts"}],"about":[{"href":"https:\/\/www.europesays.com\/lv\/wp-json\/wp\/v2\/types\/post"}],"author":[{"embeddable":true,"href":"https:\/\/www.europesays.com\/lv\/wp-json\/wp\/v2\/users\/2"}],"replies":[{"embeddable":true,"href":"https:\/\/www.europesays.com\/lv\/wp-json\/wp\/v2\/comments?post=285170"}],"version-history":[{"count":0,"href":"https:\/\/www.europesays.com\/lv\/wp-json\/wp\/v2\/posts\/285170\/revisions"}],"wp:featuredmedia":[{"embeddable":true,"href":"https:\/\/www.europesays.com\/lv\/wp-json\/wp\/v2\/media\/285171"}],"wp:attachment":[{"href":"https:\/\/www.europesays.com\/lv\/wp-json\/wp\/v2\/media?parent=285170"}],"wp:term":[{"taxonomy":"category","embeddable":true,"href":"https:\/\/www.europesays.com\/lv\/wp-json\/wp\/v2\/categories?post=285170"},{"taxonomy":"post_tag","embeddable":true,"href":"https:\/\/www.europesays.com\/lv\/wp-json\/wp\/v2\/tags?post=285170"}],"curies":[{"name":"wp","href":"https:\/\/api.w.org\/{rel}","templated":true}]}}