{"id":285172,"date":"2026-09-03T20:38:07","date_gmt":"2026-09-03T20:38:07","guid":{"rendered":"https:\/\/www.europesays.com\/lv\/285172\/"},"modified":"2026-09-03T20:38:07","modified_gmt":"2026-09-03T20:38:07","slug":"riga-pieteikuma-pirms-konferences-ligas-paradas-jauns-vartsargs-futbols-sportacentrs-com","status":"publish","type":"post","link":"https:\/\/www.europesays.com\/lv\/285172\/","title":{"rendered":"&#8220;Riga&#8221; pieteikum\u0101 pirms Konferences l\u012bgas par\u0101d\u0101s jauns v\u0101rtsargs \u2013 Futbols \u2013 Sportacentrs.com"},"content":{"rendered":"<p>Kenans Piri\u010ds sp\u0113l\u0113jis vair\u0101kos Bosnijas un Hercegovinas klubos, k\u0101 ar\u012b Be\u013c\u0123ij\u0101, Slov\u0113nij\u0101, Grie\u0137ij\u0101, Turcij\u0101, Kipr\u0101 un Azerbaid\u017e\u0101n\u0101, kas bija vi\u0146a iepriek\u0161\u0113j\u0101 pietura.<\/p>\n<p>P\u0101rst\u0101vot &#8220;Neftchi&#8221;, vi\u0146\u0161 2025.\/26. gada sezon\u0101 piedal\u012bj\u0101s 28 sp\u0113l\u0113s un desmit reizes laukumu pameta nep\u0101rsp\u0113ts. Komanda sezonu pabeidza ceturtaj\u0101 viet\u0101, bet par \u010dempioni k\u013cuva &#8220;Sabah&#8221;, kas nule iek\u013cuva \u010cempionu l\u012bg\u0101.<\/p>\n<p>Ar Kipras klubu Larnakas AEK Piri\u010ds sp\u0113l\u0113jis gan Eiropas l\u012bgas, gan Konferences l\u012bgas pamatturn\u012br\u0101.<\/p>\n<p>Piri\u010ds aizvad\u012bjis asto\u0146us ma\u010dus valstsvien\u012bb\u0101. 2024. gada vasar\u0101 vi\u0146\u0161 sarg\u0101ja Bosnijas un Hercegovinas v\u0101rtus p\u0101rbaudes sp\u0113l\u0113 pret It\u0101liju (0:1). T\u0101 pa\u0161a gada septembr\u012b Piri\u010ds bija uz soli\u0146a N\u0101ciju l\u012bgas A l\u012bgas sp\u0113l\u0113s pret N\u012bderlandi un Ung\u0101riju, bet vairs uz izlasi nav saukts.<\/p>\n<p>Pirms pievieno\u0161an\u0101s &#8220;Riga&#8221; vi\u0146\u0161 bija br\u012bvais a\u0123ents.<\/p>\n<p>Pieteikum\u0101 iek\u013cauti ar\u012b 26 gadus vecais Frenks Orols, ar kuru v\u0101rtos &#8220;Riga&#8221; ieguva ce\u013caz\u012bmi uz Konferences l\u012bgas pamatturn\u012bru, un 19 gadus vecais M\u0101rcis Kazainis. P\u0113c Piri\u010da par\u0101d\u012b\u0161an\u0101s no pieteikuma dz\u0113sts Kri\u0161j\u0101nis Zviedris.<\/p>\n<p>Pieteikum\u0101 nav ar\u012b braz\u012blie\u0161a Abnera, kur\u0161 vis\u0101s Eirokausu sp\u0113l\u0113s bijis pieteikum\u0101, bet nav aizvad\u012bjis nevienu min\u016bti.<\/p>\n<p>Savuk\u0101rt pieteikum\u0101 atst\u0101ts gan savainojumu guvu\u0161ais Orlando Galo, gan Andreass Salasars, kur\u0161 iz\u0161\u0137iro\u0161aj\u0101 kvalifik\u0101cijas sp\u0113l\u0113 pret Klaksv\u012bkas KI nopeln\u012bja sarkano kart\u012bti.<\/p>\n<p>&#8220;Riga&#8221; pirmo sp\u0113li aizvad\u012bs 15. oktobr\u012b, kad sav\u0101 laukum\u0101 uz\u0146ems &#8220;Kairat Almaty&#8221;.<\/p>\n<blockquote class=\"twitter-tweet\">\n<p lang=\"lv\" dir=\"ltr\">Kop\u0161 2018.g sp\u0113l\u0113 \u0101rzem\u0113s &#8211; Slov\u0113nijas &#8220;Maribor&#8221;, Grie\u0137ijas &#8220;Atromitos&#8221;, Turcijas &#8220;Goztepe&#8221; un &#8220;Antalyaspor&#8221;, Kipras AEK, Azerbaid\u017e\u0101nas &#8220;Neftchi&#8221;.<\/p>\n<p>Liel\u0101koties bijis pamatv\u0101rtsargs, tom\u0113r apr\u012bl\u012b p\u0113c 1:5 pret &#8220;Qarabag&#8221; zaud\u0113ja pirm\u0101 numura lomu &#8220;Neftchi&#8221; un vakar izbeidza l\u012bgumu.<\/p>\n<p>\u2014 Agris Suveizda (@AgrisSuveizda) <a href=\"https:\/\/x.com\/AgrisSuveizda\/status\/2095599496532992321?ref_src=twsrc%5Etfw\" rel=\"nofollow\">September 3, 2026<\/a><\/p><\/blockquote>\n<p>Izmantotie resursi:<br \/><a target=\"_blank\" href=\"https:\/\/www.uefa.com\/uefaconferenceleague\/clubs\/2607924--riga\/squad\/\" rel=\"nofollow noopener\">https:\/\/www.uefa.com\/uefaconference&#8230;<\/a><\/p>\n","protected":false},"excerpt":{"rendered":"Kenans Piri\u010ds sp\u0113l\u0113jis vair\u0101kos Bosnijas un Hercegovinas klubos, k\u0101 ar\u012b Be\u013c\u0123ij\u0101, Slov\u0113nij\u0101, Grie\u0137ij\u0101, Turcij\u0101, Kipr\u0101 un Azerbaid\u017e\u0101n\u0101, kas&hellip;\n","protected":false},"author":2,"featured_media":285173,"comment_status":"","ping_status":"","sticky":false,"template":"","format":"standard","meta":{"footnotes":"","_share_on_mastodon":"0"},"categories":[17],"tags":[676,35,39,38,36,37,34,40,67],"class_list":["post-285172","post","type-post","status-publish","format-standard","has-post-thumbnail","category-sports","tag-futbols","tag-latvia","tag-latvian","tag-latviesu","tag-latviesu-valoda","tag-latviesuvaloda","tag-latvija","tag-lv","tag-sports"],"share_on_mastodon":{"url":"https:\/\/pubeurope.com\/@lv\/117209039331903617","error":""},"_links":{"self":[{"href":"https:\/\/www.europesays.com\/lv\/wp-json\/wp\/v2\/posts\/285172","targetHints":{"allow":["GET"]}}],"collection":[{"href":"https:\/\/www.europesays.com\/lv\/wp-json\/wp\/v2\/posts"}],"about":[{"href":"https:\/\/www.europesays.com\/lv\/wp-json\/wp\/v2\/types\/post"}],"author":[{"embeddable":true,"href":"https:\/\/www.europesays.com\/lv\/wp-json\/wp\/v2\/users\/2"}],"replies":[{"embeddable":true,"href":"https:\/\/www.europesays.com\/lv\/wp-json\/wp\/v2\/comments?post=285172"}],"version-history":[{"count":0,"href":"https:\/\/www.europesays.com\/lv\/wp-json\/wp\/v2\/posts\/285172\/revisions"}],"wp:featuredmedia":[{"embeddable":true,"href":"https:\/\/www.europesays.com\/lv\/wp-json\/wp\/v2\/media\/285173"}],"wp:attachment":[{"href":"https:\/\/www.europesays.com\/lv\/wp-json\/wp\/v2\/media?parent=285172"}],"wp:term":[{"taxonomy":"category","embeddable":true,"href":"https:\/\/www.europesays.com\/lv\/wp-json\/wp\/v2\/categories?post=285172"},{"taxonomy":"post_tag","embeddable":true,"href":"https:\/\/www.europesays.com\/lv\/wp-json\/wp\/v2\/tags?post=285172"}],"curies":[{"name":"wp","href":"https:\/\/api.w.org\/{rel}","templated":true}]}}