{"id":285176,"date":"2026-09-03T20:44:12","date_gmt":"2026-09-03T20:44:12","guid":{"rendered":"https:\/\/www.europesays.com\/lv\/285176\/"},"modified":"2026-09-03T20:44:12","modified_gmt":"2026-09-03T20:44:12","slug":"zile-palidz-komandai-panakt-neizskirtu-cempionu-ligas-maca","status":"publish","type":"post","link":"https:\/\/www.europesays.com\/lv\/285176\/","title":{"rendered":"Z\u012ble pal\u012bdz komandai pan\u0101kt neiz\u0161\u0137irtu \u010cempionu l\u012bgas ma\u010d\u0101"},"content":{"rendered":"<p>                                <img decoding=\"async\" src=\"https:\/\/www.europesays.com\/lv\/wp-content\/uploads\/2026\/09\/kristapszile-750x450.jpg\"   alt=\"Kristaps Z\u012ble\" class=\"post-featured-image\"\/><\/p>\n<p>Kristaps Z\u012ble | Foto: Liberecas &#8220;Bili Tygri&#8221;<\/p>\n<p class=\"wp-block-paragraph\">Starptautisk\u0101s Hokeja feder\u0101cijas (IIHF) \u010cempionu l\u012bgas pirm\u0101s k\u0101rtas ma\u010d\u0101 ceturtdien ar rezultat\u012bvu piesp\u0113li izc\u0113l\u0101s Latvijas izlases aizsargs <a href=\"http:\/\/sportazinas.com\/atsl%C4%93gv%C4%81rdi\/kristaps-zile\" rel=\"nofollow noopener\" target=\"_blank\">Kristaps Z\u012ble<\/a>, tom\u0113r vi\u0146a p\u0101rst\u0101v\u0113t\u0101 \u010cehijas ekstral\u012bgas komanda Liberecas \u201cBili Tygri\u201d piedz\u012bvoja zaud\u0113jumu. <\/p>\n<p class=\"wp-block-paragraph\">\u201cBili Tygri\u201d viesos ar <a href=\"https:\/\/www.chl.hockey\/en\/matches\/1ca43153cbb6795dbfffee89\/tappara-tampere-vs-bili-tygri-liberec#tab_event=recap\" target=\"_blank\" rel=\"noreferrer noopener nofollow\">3:6<\/a> (1:1, 0:2, 2:3) piek\u0101p\u0101s Somijas klubam Tamperes \u201cTappara\u201d. Z\u012ble pirm\u0101 perioda 16. min\u016bt\u0113 ar rezultat\u012bvu piesp\u0113li piedal\u012bj\u0101s Radana Lenca g\u016btajos v\u0101rtos maz\u0101kum\u0101, kas \u013c\u0101va pan\u0101kt 1:1. Ar trim g\u016btiem v\u0101rtiem jeb \u201chat trick\u201d uzvar\u0113t\u0101ju rind\u0101s izc\u0113l\u0101s \u0100peli Rasanens.<\/p>\n<p class=\"wp-block-paragraph\">Cit\u0101 pirm\u0101s k\u0101rtas ma\u010d\u0101 aizsarga Kristi\u0101na Rub\u012bna p\u0101rst\u0101v\u0113t\u0101 ekstral\u012bgas komanda Plze\u0146as \u201c\u0160koda\u201d sav\u0101 laukum\u0101 ar 4:0 (0:0, 2:0, 2:0) pieveica Zviedrijas klubu Engelholmas \u201cRogle\u201d.<\/p>\n<p class=\"wp-block-paragraph\">\u010cempionu l\u012bgas pamatturn\u012br\u0101 24 komandas aizvada pa se\u0161\u0101m sp\u0113l\u0113m, un to vieta tiiek noteikta kop\u0113j\u0101 tabul\u0101, 16 lab\u0101kaj\u0101m kvalific\u0113joties izsl\u0113g\u0161anas sp\u0113l\u0113m.<\/p>\n<p class=\"wp-block-paragraph\">Iepriek\u0161\u0113j\u0101 sezon\u0101 IIHF \u010cempionu l\u012bgas turn\u012br\u0101 uzvar\u0113ja Zviedrijas klubs G\u0113teborgas \u201cFrolunda\u201d, kas fin\u0101l\u0101 sav\u0101 laukum\u0101 ar 3:2 (0:0, 1:0, 1:2, 1:0) papildlaik\u0101 p\u0101rsp\u0113ja citu Zviedrijas vien\u012bbu \u201cLulea\u201d.<\/p>\n<p class=\"wp-block-paragraph\">Turn\u012brs pirmo reizi norisin\u0101j\u0101s 2014.\/2015. gada sezon\u0101.<\/p>\n","protected":false},"excerpt":{"rendered":"Kristaps Z\u012ble | Foto: Liberecas &#8220;Bili Tygri&#8221; Starptautisk\u0101s Hokeja feder\u0101cijas (IIHF) \u010cempionu l\u012bgas pirm\u0101s k\u0101rtas ma\u010d\u0101 ceturtdien ar&hellip;\n","protected":false},"author":2,"featured_media":285177,"comment_status":"","ping_status":"","sticky":false,"template":"","format":"standard","meta":{"footnotes":"","_share_on_mastodon":"0"},"categories":[17],"tags":[23,3212,35,39,38,36,37,34,40,67],"class_list":["post-285176","post","type-post","status-publish","format-standard","has-post-thumbnail","category-sports","tag-aktualitates","tag-kristaps-zile","tag-latvia","tag-latvian","tag-latviesu","tag-latviesu-valoda","tag-latviesuvaloda","tag-latvija","tag-lv","tag-sports"],"share_on_mastodon":{"url":"https:\/\/pubeurope.com\/@lv\/117209062919474102","error":""},"_links":{"self":[{"href":"https:\/\/www.europesays.com\/lv\/wp-json\/wp\/v2\/posts\/285176","targetHints":{"allow":["GET"]}}],"collection":[{"href":"https:\/\/www.europesays.com\/lv\/wp-json\/wp\/v2\/posts"}],"about":[{"href":"https:\/\/www.europesays.com\/lv\/wp-json\/wp\/v2\/types\/post"}],"author":[{"embeddable":true,"href":"https:\/\/www.europesays.com\/lv\/wp-json\/wp\/v2\/users\/2"}],"replies":[{"embeddable":true,"href":"https:\/\/www.europesays.com\/lv\/wp-json\/wp\/v2\/comments?post=285176"}],"version-history":[{"count":0,"href":"https:\/\/www.europesays.com\/lv\/wp-json\/wp\/v2\/posts\/285176\/revisions"}],"wp:featuredmedia":[{"embeddable":true,"href":"https:\/\/www.europesays.com\/lv\/wp-json\/wp\/v2\/media\/285177"}],"wp:attachment":[{"href":"https:\/\/www.europesays.com\/lv\/wp-json\/wp\/v2\/media?parent=285176"}],"wp:term":[{"taxonomy":"category","embeddable":true,"href":"https:\/\/www.europesays.com\/lv\/wp-json\/wp\/v2\/categories?post=285176"},{"taxonomy":"post_tag","embeddable":true,"href":"https:\/\/www.europesays.com\/lv\/wp-json\/wp\/v2\/tags?post=285176"}],"curies":[{"name":"wp","href":"https:\/\/api.w.org\/{rel}","templated":true}]}}