{"id":285178,"date":"2026-09-03T20:45:10","date_gmt":"2026-09-03T20:45:10","guid":{"rendered":"https:\/\/www.europesays.com\/lv\/285178\/"},"modified":"2026-09-03T20:45:10","modified_gmt":"2026-09-03T20:45:10","slug":"atklata-pieteiksanas-venture-catalysts-6-un-nosledzosajam-celienam-iespeja-attistit-zinatne-balstitas-inovacijas-un-deep-tech-uznemejdarbibu","status":"publish","type":"post","link":"https:\/\/www.europesays.com\/lv\/285178\/","title":{"rendered":"Atkl\u0101ta pieteik\u0161an\u0101s \u201cVenture Catalysts\u201d 6. un nosl\u0113dzo\u0161ajam c\u0113lienam: iesp\u0113ja att\u012bst\u012bt zin\u0101tn\u0113 balst\u012btas inov\u0101cijas un deep tech uz\u0146\u0113m\u0113jdarb\u012bbu"},"content":{"rendered":"<p>\u201cVenture Catalysts\u201d ir praktiska apm\u0101c\u012bbu programma, kas paredz\u0113ta gan dal\u012bbniekiem, kuri tikai s\u0101k iepaz\u012bt deep tech un zin\u0101tn\u0113 balst\u012btas inov\u0101cijas, gan tiem, kuriem jau ir ideja, ko v\u0113las att\u012bst\u012bt t\u0101l\u0101k. Programmas m\u0113r\u0137is ir sniegt dal\u012bbniekiem pamatzin\u0101\u0161anas un praktiskus r\u012bkus, kas pal\u012bdz izprast inov\u0101ciju att\u012bst\u012bbas un komercializ\u0101cijas procesu. Programmu organiz\u0113 UniLab sadarb\u012bb\u0101 ar RTU R\u012bgas Biznesa skolu, RISEBA un Latvijas Invest\u012bciju un att\u012bst\u012bbas a\u0123ent\u016bru (LIAA).<\/p>\n","protected":false},"excerpt":{"rendered":"\u201cVenture Catalysts\u201d ir praktiska apm\u0101c\u012bbu programma, kas paredz\u0113ta gan dal\u012bbniekiem, kuri tikai s\u0101k iepaz\u012bt deep tech un zin\u0101tn\u0113&hellip;\n","protected":false},"author":2,"featured_media":285179,"comment_status":"","ping_status":"","sticky":false,"template":"","format":"standard","meta":{"footnotes":"","_share_on_mastodon":"0"},"categories":[16],"tags":[77,76,35,39,38,36,37,34,40],"class_list":["post-285178","post","type-post","status-publish","format-standard","has-post-thumbnail","category-bizness","tag-bizness","tag-business","tag-latvia","tag-latvian","tag-latviesu","tag-latviesu-valoda","tag-latviesuvaloda","tag-latvija","tag-lv"],"share_on_mastodon":{"url":"https:\/\/pubeurope.com\/@lv\/117209066819553116","error":""},"_links":{"self":[{"href":"https:\/\/www.europesays.com\/lv\/wp-json\/wp\/v2\/posts\/285178","targetHints":{"allow":["GET"]}}],"collection":[{"href":"https:\/\/www.europesays.com\/lv\/wp-json\/wp\/v2\/posts"}],"about":[{"href":"https:\/\/www.europesays.com\/lv\/wp-json\/wp\/v2\/types\/post"}],"author":[{"embeddable":true,"href":"https:\/\/www.europesays.com\/lv\/wp-json\/wp\/v2\/users\/2"}],"replies":[{"embeddable":true,"href":"https:\/\/www.europesays.com\/lv\/wp-json\/wp\/v2\/comments?post=285178"}],"version-history":[{"count":0,"href":"https:\/\/www.europesays.com\/lv\/wp-json\/wp\/v2\/posts\/285178\/revisions"}],"wp:featuredmedia":[{"embeddable":true,"href":"https:\/\/www.europesays.com\/lv\/wp-json\/wp\/v2\/media\/285179"}],"wp:attachment":[{"href":"https:\/\/www.europesays.com\/lv\/wp-json\/wp\/v2\/media?parent=285178"}],"wp:term":[{"taxonomy":"category","embeddable":true,"href":"https:\/\/www.europesays.com\/lv\/wp-json\/wp\/v2\/categories?post=285178"},{"taxonomy":"post_tag","embeddable":true,"href":"https:\/\/www.europesays.com\/lv\/wp-json\/wp\/v2\/tags?post=285178"}],"curies":[{"name":"wp","href":"https:\/\/api.w.org\/{rel}","templated":true}]}}