{"id":285180,"date":"2026-09-03T20:48:08","date_gmt":"2026-09-03T20:48:08","guid":{"rendered":"https:\/\/www.europesays.com\/lv\/285180\/"},"modified":"2026-09-03T20:48:08","modified_gmt":"2026-09-03T20:48:08","slug":"15-saeimas-velesanas-lsm-lv","status":"publish","type":"post","link":"https:\/\/www.europesays.com\/lv\/285180\/","title":{"rendered":"15. Saeimas v\u0113l\u0113\u0161anas &#8211; LSM.lv"},"content":{"rendered":"<p>Partiju finanses<\/p>\n<p>            Pirms septi\u0146iem gadiem \u2013 2019. gada ruden\u012b \u2013 Saeima pie\u0146\u0113ma b\u016btiskus groz\u012bjumus Politisko organiz\u0101ciju (partiju) finans\u0113\u0161anas likum\u0101, vair\u0101k nek\u0101 se\u0161as reizes <a href=\"https:\/\/www.lsm.lv\/raksts\/zinas\/latvija\/politiskajam-partijam-ieverojami-cels-finansejumu-no-valsts-budzeta.a338475\/?utm_source=lsm&amp;utm_medium=theme&amp;utm_campaign=theme\" rel=\"nofollow noopener\" target=\"_blank\">palielinot valsts bud\u017eeta finans\u0113jumu partij\u0101m<\/a>, kuras sa\u0146\u0113mu\u0161as vismaz 2\u00a0% v\u0113l\u0113t\u0101ju atbalsta. T\u0101 bija ar\u012b viena no tovasar iev\u0113l\u0113t\u0101 Valsts prezidenta Egila Levita pieteiktaj\u0101m priorit\u0101t\u0113m.\u00a0<br \/>\n            <a class=\"btn bg-velesanas-2026\" href=\"https:\/\/www.lsm.lv\/raksts\/zinas\/latvija\/04.09.2026-uzzini-pirms-balso-vai-latvijas-partiju-septiniem-treknajiem-gadiem-bus-turpinajums.a660637\/\" rel=\"nofollow noopener\" target=\"_blank\">Vair\u0101k<\/a><\/p>\n<p>Nabadz\u012bba<\/p>\n<p>Ned\u0113\u013cas vid\u016b jau krietni br\u012bdi pirms zupas virtuves atv\u0113r\u0161anas Ziepniekkaln\u0101 s\u0101k pulc\u0113ties cilv\u0113ki. Pak\u0101peniski pievienojas citi, un var redz\u0113t, ka daudzi no vi\u0146iem jau satuvin\u0101ju\u0161ies. Te brauc cilv\u0113ki no da\u017e\u0101diem, pat att\u0101liem R\u012bgas rajoniem \u2013 \u0113diens \u0161eit esot gar\u0161\u012bg\u0101ks nek\u0101 citur. \u0160ai dien\u0101 izsniedz v\u0101r\u012btus kartupe\u013cus, sal\u0101tus, kotleti. Bet satuvin\u0101jis vi\u0146us ir nevis \u0113diens, bet nabadz\u012bba.\u00a0<\/p>\n<p>            <a class=\"btn bg-velesanas-2026\" href=\"https:\/\/www.lsm.lv\/raksts\/zinas\/latvija\/04.09.2026-uzzini-pirms-balso-noenkurojusies-nabadziba.a660428\/\" rel=\"nofollow noopener\" target=\"_blank\">Vair\u0101k<\/a><\/p>\n<p>V\u0113l\u0113\u0161anu sist\u0113ma<\/p>\n<p>Nav t\u0101das ide\u0101las v\u0113l\u0113\u0161anu sist\u0113mas, kur\u0101\u00a0v\u0113l\u0113t\u0101ji un politiskie sp\u0113ki b\u016btu piln\u012bb\u0101 apmierin\u0101ti ar rezult\u0101tu. Katrai no t\u0101m ir gan priek\u0161roc\u012bbas, gan tr\u016bkumi. Turkl\u0101t katrai ir iesp\u0113jami da\u017e\u0101di veidi, k\u0101\u00a0apr\u0113\u0137ina ieg\u016bto mand\u0101tu skaitu un k\u0101 v\u0113l\u0113t\u0101js var ietekm\u0113t v\u0113l\u0113\u0161anu rezult\u0101tu. Kas der vienai valstij, neb\u016bs piem\u0113rots\u00a0citai, jo katr\u0101 ir unik\u0101la sabiedr\u012bba ar at\u0161\u0137ir\u012bgiem v\u0113sturiskajiem, politiskajiem, kult\u016bras un etniskajiem apst\u0101k\u013ciem. K\u0101 ik katru gadu pirms Saeimas v\u0113l\u0113\u0161an\u0101m ar\u012b \u0161oreiz politi\u0137i \u2013\u00a0\u012bpa\u0161i opozicion\u0101ri vai jaunpien\u0101c\u0113ji \u2013\u00a0run\u0101 par to, ka Latvij\u0101 \u0161aj\u0101 zi\u0146\u0101 kaut kas ir j\u0101maina.<\/p>\n<p>            <a class=\"btn bg-velesanas-2026\" href=\"https:\/\/www.lsm.lv\/raksts\/zinas\/latvija\/04.09.2026-uzzini-pirms-balso-vai-un-kadel-latvijas-velesanu-sistema-kaut-kas-butu-jamaina.a650977\/\" rel=\"nofollow noopener\" target=\"_blank\">Vair\u0101k<\/a><\/p>\n","protected":false},"excerpt":{"rendered":"Partiju finanses Pirms septi\u0146iem gadiem \u2013 2019. gada ruden\u012b \u2013 Saeima pie\u0146\u0113ma b\u016btiskus groz\u012bjumus Politisko organiz\u0101ciju (partiju) finans\u0113\u0161anas&hellip;\n","protected":false},"author":2,"featured_media":285181,"comment_status":"","ping_status":"","sticky":false,"template":"","format":"standard","meta":{"footnotes":"","_share_on_mastodon":"0"},"categories":[5],"tags":[23,28,29,32,33,22,30,31,35,39,38,36,37,34,40,20,26,27,24,25,21],"class_list":["post-285180","post","type-post","status-publish","format-standard","has-post-thumbnail","category-aktualitates","tag-aktualitates","tag-breaking-news","tag-breakingnews","tag-featured-news","tag-featurednews","tag-headlines","tag-latest-news","tag-latestnews","tag-latvia","tag-latvian","tag-latviesu","tag-latviesu-valoda","tag-latviesuvaloda","tag-latvija","tag-lv","tag-news","tag-popularakas-zinas","tag-popularakaszinas","tag-top-stories","tag-topstories","tag-zinas"],"share_on_mastodon":{"url":"https:\/\/pubeurope.com\/@lv\/117209078646331231","error":""},"_links":{"self":[{"href":"https:\/\/www.europesays.com\/lv\/wp-json\/wp\/v2\/posts\/285180","targetHints":{"allow":["GET"]}}],"collection":[{"href":"https:\/\/www.europesays.com\/lv\/wp-json\/wp\/v2\/posts"}],"about":[{"href":"https:\/\/www.europesays.com\/lv\/wp-json\/wp\/v2\/types\/post"}],"author":[{"embeddable":true,"href":"https:\/\/www.europesays.com\/lv\/wp-json\/wp\/v2\/users\/2"}],"replies":[{"embeddable":true,"href":"https:\/\/www.europesays.com\/lv\/wp-json\/wp\/v2\/comments?post=285180"}],"version-history":[{"count":0,"href":"https:\/\/www.europesays.com\/lv\/wp-json\/wp\/v2\/posts\/285180\/revisions"}],"wp:featuredmedia":[{"embeddable":true,"href":"https:\/\/www.europesays.com\/lv\/wp-json\/wp\/v2\/media\/285181"}],"wp:attachment":[{"href":"https:\/\/www.europesays.com\/lv\/wp-json\/wp\/v2\/media?parent=285180"}],"wp:term":[{"taxonomy":"category","embeddable":true,"href":"https:\/\/www.europesays.com\/lv\/wp-json\/wp\/v2\/categories?post=285180"},{"taxonomy":"post_tag","embeddable":true,"href":"https:\/\/www.europesays.com\/lv\/wp-json\/wp\/v2\/tags?post=285180"}],"curies":[{"name":"wp","href":"https:\/\/api.w.org\/{rel}","templated":true}]}}