{"id":285186,"date":"2026-09-03T21:00:20","date_gmt":"2026-09-03T21:00:20","guid":{"rendered":"https:\/\/www.europesays.com\/lv\/285186\/"},"modified":"2026-09-03T21:00:20","modified_gmt":"2026-09-03T21:00:20","slug":"rigas-pasvaldiba-aicina-iedzivotajus-pieteikties-evakuacijas-macibam","status":"publish","type":"post","link":"https:\/\/www.europesays.com\/lv\/285186\/","title":{"rendered":"R\u012bgas pa\u0161vald\u012bba aicina iedz\u012bvot\u0101jus pieteikties evaku\u0101cijas m\u0101c\u012bb\u0101m"},"content":{"rendered":"<p>No plkst. 16.15 dal\u012bbnieki iesaist\u012bsies evaku\u0101cijas centra praktiskaj\u0101s aktivit\u0101t\u0113s un taj\u0101 uztur\u0113sies ar\u012b nakts laik\u0101. M\u0101c\u012bbu nosl\u0113gums paredz\u0113ts sestdien, 19. septembr\u012b, plkst. 9, p\u0113c tam dal\u012bbniekiem tiks nodro\u0161in\u0101ts transports ar autobusiem atpaka\u013c uz Uzvaras parku.<\/p>\n<p>Dal\u012bba m\u0101c\u012bb\u0101s ir br\u012bvpr\u0101t\u012bga un bez maksas. Pa\u0161vald\u012bba dal\u012bbniekiem nodro\u0161in\u0101s nak\u0161\u0146o\u0161anai nepiecie\u0161amo invent\u0101ru, \u0113din\u0101\u0161anu un dzeramo \u016bdeni.<\/p>\n<p>Pieteikties dal\u012bbai evaku\u0101cijas m\u0101c\u012bb\u0101s iesp\u0113jams, aizpildot anketu. M\u0101c\u012bb\u0101s aicin\u0101ti piedal\u012bties ar\u012b \u0123imenes locek\u013ci kop\u0101, tostarp b\u0113rni. Ja m\u0101c\u012bb\u0101s piedal\u0101s vair\u0101ki vienas \u0123imenes locek\u013ci, pieteikuma anketa j\u0101aizpilda atsevi\u0161\u0137i par katru personu, tostarp par nepilngad\u012bgajiem.<\/p>\n<p>Praktisko m\u0101c\u012bbu m\u0113r\u0137is ir p\u0101rbaud\u012bt, k\u0101 re\u0101los apst\u0101k\u013cos darbotos R\u012bg\u0101 izveidot\u0101 iedz\u012bvot\u0101ju evaku\u0101cijas sist\u0113ma &#8211; s\u0101kot no cilv\u0113ku pulc\u0113\u0161an\u0101s un nog\u0101d\u0101\u0161anas dro\u0161\u0101 viet\u0101 l\u012bdz vi\u0146u re\u0123istr\u0101cijai, izmitin\u0101\u0161anai un pamatvajadz\u012bbu nodro\u0161in\u0101\u0161anai evaku\u0101cijas centr\u0101.<\/p>\n","protected":false},"excerpt":{"rendered":"No plkst. 16.15 dal\u012bbnieki iesaist\u012bsies evaku\u0101cijas centra praktiskaj\u0101s aktivit\u0101t\u0113s un taj\u0101 uztur\u0113sies ar\u012b nakts laik\u0101. M\u0101c\u012bbu nosl\u0113gums paredz\u0113ts&hellip;\n","protected":false},"author":2,"featured_media":285187,"comment_status":"","ping_status":"","sticky":false,"template":"","format":"standard","meta":{"footnotes":"","_share_on_mastodon":"0"},"categories":[5],"tags":[23,28,29,5854,32,33,22,30,31,35,39,38,36,37,34,40,1926,2806,20,26,27,172,24,25,21],"class_list":["post-285186","post","type-post","status-publish","format-standard","has-post-thumbnail","category-aktualitates","tag-aktualitates","tag-breaking-news","tag-breakingnews","tag-evakuacija","tag-featured-news","tag-featurednews","tag-headlines","tag-latest-news","tag-latestnews","tag-latvia","tag-latvian","tag-latviesu","tag-latviesu-valoda","tag-latviesuvaloda","tag-latvija","tag-lv","tag-macibas","tag-militaras-macibas-namejs","tag-news","tag-popularakas-zinas","tag-popularakaszinas","tag-riga","tag-top-stories","tag-topstories","tag-zinas"],"share_on_mastodon":{"url":"https:\/\/pubeurope.com\/@lv\/117209125559401838","error":""},"_links":{"self":[{"href":"https:\/\/www.europesays.com\/lv\/wp-json\/wp\/v2\/posts\/285186","targetHints":{"allow":["GET"]}}],"collection":[{"href":"https:\/\/www.europesays.com\/lv\/wp-json\/wp\/v2\/posts"}],"about":[{"href":"https:\/\/www.europesays.com\/lv\/wp-json\/wp\/v2\/types\/post"}],"author":[{"embeddable":true,"href":"https:\/\/www.europesays.com\/lv\/wp-json\/wp\/v2\/users\/2"}],"replies":[{"embeddable":true,"href":"https:\/\/www.europesays.com\/lv\/wp-json\/wp\/v2\/comments?post=285186"}],"version-history":[{"count":0,"href":"https:\/\/www.europesays.com\/lv\/wp-json\/wp\/v2\/posts\/285186\/revisions"}],"wp:featuredmedia":[{"embeddable":true,"href":"https:\/\/www.europesays.com\/lv\/wp-json\/wp\/v2\/media\/285187"}],"wp:attachment":[{"href":"https:\/\/www.europesays.com\/lv\/wp-json\/wp\/v2\/media?parent=285186"}],"wp:term":[{"taxonomy":"category","embeddable":true,"href":"https:\/\/www.europesays.com\/lv\/wp-json\/wp\/v2\/categories?post=285186"},{"taxonomy":"post_tag","embeddable":true,"href":"https:\/\/www.europesays.com\/lv\/wp-json\/wp\/v2\/tags?post=285186"}],"curies":[{"name":"wp","href":"https:\/\/api.w.org\/{rel}","templated":true}]}}