{"id":285190,"date":"2026-09-03T21:06:12","date_gmt":"2026-09-03T21:06:12","guid":{"rendered":"https:\/\/www.europesays.com\/lv\/285190\/"},"modified":"2026-09-03T21:06:12","modified_gmt":"2026-09-03T21:06:12","slug":"zinas-vieglaja-valoda-3-septembri-raksts","status":"publish","type":"post","link":"https:\/\/www.europesays.com\/lv\/285190\/","title":{"rendered":"Zi\u0146as vieglaj\u0101 valod\u0101 3. septembr\u012b \/ Raksts"},"content":{"rendered":"<p>Zi\u0146as vieglaj\u0101 valod\u0101 3. septembr\u012b.<\/p>\n<p style=\"margin-left:0cm; margin-right:0cm\">\u00a0<\/p>\n<p>Zi\u0146as vieglaj\u0101 valod\u0101 3. septembr\u012b<\/p>\n<p>Ministri iztur demisijas piepras\u012bjumus\u00a0<\/p>\n<p style=\"margin-left:0cm; margin-right:0cm\">Liels p\u0101rbaud\u012bjums \u0161odien bija diviem jaun\u0101s vald\u012bbas ministriem.<\/p>\n<p style=\"margin-left:0cm; margin-right:0cm\">Vi\u0146i iztur\u0113ju\u0161i neuztic\u012bbas balsojumu.<\/p>\n<p style=\"margin-left:0cm; margin-right:0cm\">Tas bija ierosin\u0101ts pret iek\u0161lietu ministru J\u0101ni Dombravu no Nacion\u0101l\u0101s apvien\u012bbas un satiksmes ministru Rihardu Kozlovski no &#8220;Jaun\u0101s Vienot\u012bbas&#8221;.<\/p>\n<p style=\"margin-left:0cm; margin-right:0cm\">Opoz\u012bcijas partijas piepras\u012bja, lai abi no amata atk\u0101pjas.<\/p>\n<p style=\"margin-left:0cm; margin-right:0cm\">Ministrus atbalst\u012bja koal\u012bcijas sp\u0113ki.<\/p>\n<p style=\"margin-left:0cm; margin-right:0cm\">Tie \u0161os aicin\u0101jumus nosauca par &#8220;priek\u0161v\u0113l\u0113\u0161anu trikiem&#8221;.<\/p>\n<p>Kiberuzbrukums PTAC\u00a0<\/p>\n<p style=\"margin-left:0cm; margin-right:0cm\">Latvij\u0101 noticis k\u0101rt\u0113jais kiberuzbrukums.<\/p>\n<p style=\"margin-left:0cm; margin-right:0cm\">\u0160oreiz taj\u0101 cietis Pat\u0113ret\u0101ju ties\u012bbu aizsardz\u012bbas centrs (PTAC).<\/p>\n<p style=\"margin-left:0cm; margin-right:0cm\">Uzbrukuma rezult\u0101t\u0101 hakeri ieguvu\u0161i gandr\u012bz 700 komersantu p\u0101rst\u0101vju un 34 Pat\u0113r\u0113t\u0101ju ties\u012bbu aizsardz\u012bbas centra amatpersonu kontaktinform\u0101ciju.\u00a0<\/p>\n<p style=\"margin-left:0cm; margin-right:0cm\">Sabiedr\u012bbas intereses cietu\u0161as nav.<\/p>\n<p style=\"margin-left:0cm; margin-right:0cm\">T\u0101 nor\u0101d\u012bja centra direktore Zaiga Liepi\u0146a.<\/p>\n<p style=\"margin-left:0cm; margin-right:0cm\">Personu kodu konkr\u0113taj\u0101 inform\u0101cijas sist\u0113m\u0101 visp\u0101r nav.<\/p>\n<p style=\"margin-left:0cm; margin-right:0cm\">Kiberuzbrukums notika novecoju\u0161ai sist\u0113mai, par kuras riskiem centr\u0101 zin\u0101ja.<\/p>\n<p style=\"margin-left:0cm; margin-right:0cm\">T\u0101 nor\u0101d\u012bja centra vad\u012bba.\u00a0<\/p>\n<p>&#8220;airBaltic&#8221; aiz\u0146emsies\u00a0<\/p>\n<p style=\"margin-left:0cm; margin-right:0cm\">Latvijas nacion\u0101l\u0101 aviokomp\u0101nija &#8220;airBaltic&#8221; vienojusies par aiz\u0146\u0113mumu l\u012bdz 257 miljoniem eiro.<\/p>\n<p style=\"margin-left:0cm; margin-right:0cm\">\u0160\u012b finans\u0113juma m\u0113r\u0137is ir stiprin\u0101t uz\u0146\u0113mumu un nodro\u0161in\u0101t finan\u0161u resursus.<\/p>\n<p style=\"margin-left:0cm; margin-right:0cm\">Tas nepiecie\u0161ams, lai \u012bstenotu uz\u0146\u0113muma jauno biznesa pl\u0101nu.<\/p>\n<p style=\"margin-left:0cm; margin-right:0cm\">Naudu uz\u0146\u0113mums ieguvis, vienojoties ar t\u0101 investoriem.<\/p>\n<p style=\"margin-left:0cm; margin-right:0cm\">Pl\u0101not\u0101 finans\u0113juma sa\u0146em\u0161anai v\u0113l nepiecie\u0161ams &#8220;airBaltic&#8221; obligacion\u0101ru un akcion\u0101ru apstiprin\u0101jums.<\/p>\n<p style=\"margin-left:0cm; margin-right:0cm\">Sapulce, kur\u0101 par to lems, sasaukta 11. septembr\u012b.<\/p>\n<p>Liels dar\u012bjums\u00a0<\/p>\n<p style=\"margin-left:0cm; margin-right:0cm\">ASV uz\u0146\u0113mums &#8220;Apogee Enterprises&#8221; ieg\u0101d\u0101sies Latvijas augsto tehnolo\u0123iju uz\u0146\u0113mumu &#8220;Groglass&#8221;.<\/p>\n<p style=\"margin-left:0cm; margin-right:0cm\">Dar\u012bjuma cena b\u016bs 62,5 miljoni eiro.<\/p>\n<p style=\"margin-left:0cm; margin-right:0cm\">&#8220;Groglass&#8221; izstr\u0101d\u0101 un ra\u017eo inovat\u012bvus pretatsp\u012bduma stikla p\u0101rkl\u0101jumus.<\/p>\n<p style=\"margin-left:0cm; margin-right:0cm\">Pl\u0101nots, ka dar\u012bjumu nosl\u0113gs l\u012bdz \u0161\u012b gada novembrim.<\/p>\n<p style=\"margin-left:0cm; margin-right:0cm\">&#8220;Apogee Enterprises&#8221; ir glob\u0101ls l\u012bderis inovat\u012bvu p\u0101rkl\u0101jumu materi\u0101lu jom\u0101.<\/p>\n<p style=\"margin-left:0cm; margin-right:0cm\">T\u0101 galven\u0101 m\u012btne atrodas ASV.\u00a0<\/p>\n<p>Nep\u0101l\u0101 turpina gl\u0101bt\u00a0<\/p>\n<p style=\"margin-left:0cm; margin-right:0cm\">Nep\u0101l\u0101 un \u0136\u012bn\u0101 turpin\u0101s gl\u0101b\u0161anas darbi p\u0113c posto\u0161ajiem pl\u016bdiem.<\/p>\n<p style=\"margin-left:0cm; margin-right:0cm\">Upuru skaits sasniedzis jau 1259.<\/p>\n<p style=\"margin-left:0cm; margin-right:0cm\">Vair\u0101k nek\u0101 5083 cilv\u0113ki pazudu\u0161i bez v\u0113sts.<\/p>\n<p style=\"margin-left:0cm; margin-right:0cm\">Starp pazudu\u0161ajiem ir ar\u012b 33 Latvijas valstspieder\u012bgie.<\/p>\n<p style=\"margin-left:0cm; margin-right:0cm\">Pl\u016bdu skartaj\u0101 re\u0123ion\u0101 pamaz\u0101m atjauno sakaru iesp\u0113jas.<\/p>\n<p style=\"margin-left:0cm; margin-right:0cm\">Latvijas \u0101rlietu ministre Baiba Bra\u017ee (&#8220;Jaun\u0101 Vienot\u012bba&#8221;) ir vienojusies ar Kan\u0101das \u0101rlietu ministri Anitu Anandu par abu valstu konsul\u0101ro amatpersonu sadarb\u012bbu.<\/p>\n<p style=\"margin-left:0cm; margin-right:0cm\">Nep\u0101l\u0101 vakar ierad\u0101s \u0100rlietu ministrijas p\u0101rst\u0101vis.<\/p>\n<p style=\"margin-left:0cm; margin-right:0cm\">Vi\u0146\u0161 \u0161odien ticies ar Nep\u0101las policiju.<\/p>\n<p style=\"margin-left:0cm; margin-right:0cm\">Latvija v\u0113las nodro\u0161in\u0101tu sadarb\u012bbu un \u0101tr\u0101ku inform\u0101cijas apmai\u0146u starp Nep\u0101las un pa\u0161m\u0101ju k\u0101rt\u012bbsargiem.<\/p>\n<p style=\"margin-left:0cm; margin-right:0cm\">Pazudu\u0161o Latvijas pilso\u0146u radinieki iepriek\u0161 bija aicin\u0101ti nodot DNS paraugus.<\/p>\n<p style=\"margin-left:0cm; margin-right:0cm\">Tas nepiecie\u0161ams, lai pazudu\u0161os un, iesp\u0113jams, miru\u0161os atpaz\u012btu.<\/p>\n<p style=\"margin-left:0cm; margin-right:0cm\">DNS paraugus ir nodevu\u0161i 32 Latvijas ce\u013cot\u0101ju tuv\u0101kie radinieki.<\/p>\n<p style=\"margin-left:0cm; margin-right:0cm\">\u0100rlietu ministrija nor\u0101da, ka Latvijas ir gatava \u0161os paraugus nekav\u0113joties nos\u016bt\u012bt, tikl\u012bdz process ar Nep\u0101las instit\u016bcij\u0101m b\u016bs saska\u0146ots.<\/p>\n<p>&#8220;El Ninjo&#8221;\u00a0<\/p>\n<p style=\"margin-left:0cm; margin-right:0cm\">Iesp\u0113jams, \u0161\u012b gada dabas par\u0101d\u012bba &#8220;El Ninjo&#8221; b\u016bs sp\u0113c\u012bg\u0101k\u0101 40 gadu laik\u0101.<\/p>\n<p style=\"margin-left:0cm; margin-right:0cm\">T\u0101 br\u012bdina ANO Pasaules Meteorolo\u0123ijas organiz\u0101cija.<\/p>\n<p style=\"margin-left:0cm; margin-right:0cm\">\u0160o dabas par\u0101d\u012bbu izraisa \u016bdens l\u012bme\u0146a sasil\u0161ana Klus\u0101 oke\u0101na centr\u0101laj\u0101 un austrumu da\u013c\u0101 ap ekvatoru.<\/p>\n<p style=\"margin-left:0cm; margin-right:0cm\">Oke\u0101na \u016bdens sasilst un izgaro, atst\u0101jot ietekmi uz klimatu vis\u0101 pasaul\u0113.<\/p>\n<p style=\"margin-left:0cm; margin-right:0cm\">T\u0101 k\u0101 \u016bdens atdziest l\u0113n\u0101k, parasti n\u0101kamaj\u0101 gad\u0101 vis\u0101 pasaul\u0113 palielin\u0101s vid\u0113j\u0101 temperat\u016bra.<\/p>\n<p style=\"margin-left:0cm; margin-right:0cm\">Parasti \u0161is process atk\u0101rtojas ik p\u0113c 2\u20137 gadiem un ilgst 9 12 m\u0113ne\u0161us.<\/p>\n<p style=\"margin-left:0cm; margin-right:0cm\">\u0160\u012b gada &#8220;El Ninjo&#8221; jau nosaukts par &#8220;Super El Ninjo&#8221; vai pat &#8220;El Ninjo Godzillu&#8221;.<\/p>\n<p>Laika zi\u0146as<\/p>\n<p style=\"margin-left:0cm; margin-right:0cm\">R\u012bg\u0101 \u0161obr\u012bd p\u016b\u0161 rietumu v\u0113j\u0161 3 m\/s<\/p>\n<p style=\"margin-left:0cm; margin-right:0cm\">Gaisa temperat\u016bra 19 gr\u0101di.<\/p>\n<p style=\"margin-left:0cm; margin-right:0cm\">\u0160onakt un r\u012bt gaid\u0101ms lietus.<\/p>\n<p style=\"margin-left:0cm; margin-right:0cm\">Viet\u0101m ar\u012b d\u0101rd\u0113s p\u0113rkons.<\/p>\n<p style=\"margin-left:0cm; margin-right:0cm\">Gaisa temperat\u016bra nakt\u012b b\u016bs 11..16 gr\u0101di.<\/p>\n<p style=\"margin-left:0cm; margin-right:0cm\">Maksim\u0101l\u0101 temperat\u016bra r\u012bt dien\u0101 b\u016bs 15..19 gr\u0101di.<\/p>\n<p>                    Valodas k\u013c\u016bda rakst\u0101?<\/p>\n<p class=\"d-none d-md-block\">Iez\u012bm\u0113jiet tekstu un spiediet Ctrl+Enter, lai nos\u016bt\u012btu labojamo teksta fragmentu redaktoram! Par faktu k\u013c\u016bd\u0101m l\u016bdzam zi\u0146ot e-past\u0101 redakcija@lsm.lv.<\/p>\n<p class=\"d-md-none\">Iez\u012bm\u0113jiet tekstu un spiediet uz Zi\u0146ot par k\u013c\u016bdu pogas, lai nos\u016bt\u012btu labojamo teksta fragmentu redaktoram!<\/p>\n<p>\n                    Zi\u0146ot par k\u013c\u016bdu\n                <\/p>\n","protected":false},"excerpt":{"rendered":"Zi\u0146as vieglaj\u0101 valod\u0101 3. septembr\u012b. \u00a0 Zi\u0146as vieglaj\u0101 valod\u0101 3. septembr\u012b Ministri iztur demisijas piepras\u012bjumus\u00a0 Liels p\u0101rbaud\u012bjums \u0161odien&hellip;\n","protected":false},"author":2,"featured_media":285191,"comment_status":"","ping_status":"","sticky":false,"template":"","format":"standard","meta":{"footnotes":"","_share_on_mastodon":"0"},"categories":[5],"tags":[23,28,29,32,33,22,30,31,35,39,38,36,37,34,40,20,26,27,24,25,21],"class_list":["post-285190","post","type-post","status-publish","format-standard","has-post-thumbnail","category-aktualitates","tag-aktualitates","tag-breaking-news","tag-breakingnews","tag-featured-news","tag-featurednews","tag-headlines","tag-latest-news","tag-latestnews","tag-latvia","tag-latvian","tag-latviesu","tag-latviesu-valoda","tag-latviesuvaloda","tag-latvija","tag-lv","tag-news","tag-popularakas-zinas","tag-popularakaszinas","tag-top-stories","tag-topstories","tag-zinas"],"share_on_mastodon":{"url":"https:\/\/pubeurope.com\/@lv\/117209149367941596","error":""},"_links":{"self":[{"href":"https:\/\/www.europesays.com\/lv\/wp-json\/wp\/v2\/posts\/285190","targetHints":{"allow":["GET"]}}],"collection":[{"href":"https:\/\/www.europesays.com\/lv\/wp-json\/wp\/v2\/posts"}],"about":[{"href":"https:\/\/www.europesays.com\/lv\/wp-json\/wp\/v2\/types\/post"}],"author":[{"embeddable":true,"href":"https:\/\/www.europesays.com\/lv\/wp-json\/wp\/v2\/users\/2"}],"replies":[{"embeddable":true,"href":"https:\/\/www.europesays.com\/lv\/wp-json\/wp\/v2\/comments?post=285190"}],"version-history":[{"count":0,"href":"https:\/\/www.europesays.com\/lv\/wp-json\/wp\/v2\/posts\/285190\/revisions"}],"wp:featuredmedia":[{"embeddable":true,"href":"https:\/\/www.europesays.com\/lv\/wp-json\/wp\/v2\/media\/285191"}],"wp:attachment":[{"href":"https:\/\/www.europesays.com\/lv\/wp-json\/wp\/v2\/media?parent=285190"}],"wp:term":[{"taxonomy":"category","embeddable":true,"href":"https:\/\/www.europesays.com\/lv\/wp-json\/wp\/v2\/categories?post=285190"},{"taxonomy":"post_tag","embeddable":true,"href":"https:\/\/www.europesays.com\/lv\/wp-json\/wp\/v2\/tags?post=285190"}],"curies":[{"name":"wp","href":"https:\/\/api.w.org\/{rel}","templated":true}]}}