{"id":285196,"date":"2026-09-03T21:12:48","date_gmt":"2026-09-03T21:12:48","guid":{"rendered":"https:\/\/www.europesays.com\/lv\/285196\/"},"modified":"2026-09-03T21:12:48","modified_gmt":"2026-09-03T21:12:48","slug":"pasaules-vicecempions-balodis-atklaj-profesionala-disku-golfa-realitati-2","status":"publish","type":"post","link":"https:\/\/www.europesays.com\/lv\/285196\/","title":{"rendered":"Pasaules vice\u010dempions Balodis atkl\u0101j profesion\u0101l\u0101 disku golfa realit\u0101ti"},"content":{"rendered":"<p>Aizvad\u012bt\u0101s ned\u0113\u013cas nogal\u0113 Rainers Balodis k\u013cuva par sens\u0101ciju disku golf\u0101. Ar 95. numuru izliktais 21 gadu vecais latvietis non\u0101ca pavisam tuvu pasaules \u010dempiontitulam, ta\u010du no zelta vi\u0146u \u0161\u0137\u012bra pretrun\u012bgi v\u0113rt\u0113ts l\u0113mums. TVNET+ aprun\u0101j\u0101s ar Balodi, lai uzzin\u0101tu vair\u0101k par vi\u0146u pa\u0161u, disku golfu un to, ko praks\u0113 noz\u012bm\u0113 &#8220;profesion\u0101ls disku golferis&#8221;.<\/p>\n","protected":false},"excerpt":{"rendered":"Aizvad\u012bt\u0101s ned\u0113\u013cas nogal\u0113 Rainers Balodis k\u013cuva par sens\u0101ciju disku golf\u0101. Ar 95. numuru izliktais 21 gadu vecais latvietis&hellip;\n","protected":false},"author":2,"featured_media":285197,"comment_status":"","ping_status":"","sticky":false,"template":"","format":"standard","meta":{"footnotes":"","_share_on_mastodon":"0"},"categories":[5],"tags":[23,28,29,42175,32,33,10319,22,30,31,35,39,38,36,37,34,40,20,26,27,42198,24,25,1324,21],"class_list":["post-285196","post","type-post","status-publish","format-standard","has-post-thumbnail","category-aktualitates","tag-aktualitates","tag-breaking-news","tag-breakingnews","tag-disku-golfs","tag-featured-news","tag-featurednews","tag-golfs","tag-headlines","tag-latest-news","tag-latestnews","tag-latvia","tag-latvian","tag-latviesu","tag-latviesu-valoda","tag-latviesuvaloda","tag-latvija","tag-lv","tag-news","tag-popularakas-zinas","tag-popularakaszinas","tag-rainers-balodis","tag-top-stories","tag-topstories","tag-tvnet-sports","tag-zinas"],"share_on_mastodon":{"url":"https:\/\/pubeurope.com\/@lv\/117209172923601185","error":""},"_links":{"self":[{"href":"https:\/\/www.europesays.com\/lv\/wp-json\/wp\/v2\/posts\/285196","targetHints":{"allow":["GET"]}}],"collection":[{"href":"https:\/\/www.europesays.com\/lv\/wp-json\/wp\/v2\/posts"}],"about":[{"href":"https:\/\/www.europesays.com\/lv\/wp-json\/wp\/v2\/types\/post"}],"author":[{"embeddable":true,"href":"https:\/\/www.europesays.com\/lv\/wp-json\/wp\/v2\/users\/2"}],"replies":[{"embeddable":true,"href":"https:\/\/www.europesays.com\/lv\/wp-json\/wp\/v2\/comments?post=285196"}],"version-history":[{"count":0,"href":"https:\/\/www.europesays.com\/lv\/wp-json\/wp\/v2\/posts\/285196\/revisions"}],"wp:featuredmedia":[{"embeddable":true,"href":"https:\/\/www.europesays.com\/lv\/wp-json\/wp\/v2\/media\/285197"}],"wp:attachment":[{"href":"https:\/\/www.europesays.com\/lv\/wp-json\/wp\/v2\/media?parent=285196"}],"wp:term":[{"taxonomy":"category","embeddable":true,"href":"https:\/\/www.europesays.com\/lv\/wp-json\/wp\/v2\/categories?post=285196"},{"taxonomy":"post_tag","embeddable":true,"href":"https:\/\/www.europesays.com\/lv\/wp-json\/wp\/v2\/tags?post=285196"}],"curies":[{"name":"wp","href":"https:\/\/api.w.org\/{rel}","templated":true}]}}