{"id":285198,"date":"2026-09-03T21:15:11","date_gmt":"2026-09-03T21:15:11","guid":{"rendered":"https:\/\/www.europesays.com\/lv\/285198\/"},"modified":"2026-09-03T21:15:11","modified_gmt":"2026-09-03T21:15:11","slug":"sezonas-lideris-antonelli-italijas-grand-prix-saks-no-pedejas-rindas-motoru-sports-sportacentrs-com","status":"publish","type":"post","link":"https:\/\/www.europesays.com\/lv\/285198\/","title":{"rendered":"Sezonas l\u012bderis Antonelli It\u0101lijas &#8220;Grand Prix&#8221; s\u0101ks no p\u0113d\u0113j\u0101s rindas \u2013 Motoru sports \u2013 Sportacentrs.com"},"content":{"rendered":"<p>Starta vietu sods piem\u0113rots &#8220;Mercedes&#8221; komandas pl\u0101not\u0101s dzin\u0113ja mai\u0146as d\u0113\u013c.<\/p>\n<p>P\u0113d\u0113jos divos posmos uzvar\u0113jis &#8220;McLaren&#8221; pilots Lando Noriss, kuru un Antonelli \u0161obr\u012bd kopv\u0113rt\u0113jum\u0101 \u0161\u0137ir 59 punkti. \u0160osezon F-1 \u010dempion\u0101t\u0101 bija paredz\u0113ti 23 posmi.<\/p>\n<p>Pag\u0101ju\u0161aj\u0101 sezon\u0101 pirmo reizi par pasaules \u010dempionu k\u013cuva Lando Noriss, bet otro sezonu p\u0113c k\u0101rtas Konstruktoru kaus\u0101 uzvaru svin\u0113ja &#8220;McLaren&#8221;.<\/p>\n","protected":false},"excerpt":{"rendered":"Starta vietu sods piem\u0113rots &#8220;Mercedes&#8221; komandas pl\u0101not\u0101s dzin\u0113ja mai\u0146as d\u0113\u013c. P\u0113d\u0113jos divos posmos uzvar\u0113jis &#8220;McLaren&#8221; pilots Lando Noriss,&hellip;\n","protected":false},"author":2,"featured_media":285199,"comment_status":"","ping_status":"","sticky":false,"template":"","format":"standard","meta":{"footnotes":"","_share_on_mastodon":"0"},"categories":[17],"tags":[35,39,38,36,37,34,40,165,67],"class_list":["post-285198","post","type-post","status-publish","format-standard","has-post-thumbnail","category-sports","tag-latvia","tag-latvian","tag-latviesu","tag-latviesu-valoda","tag-latviesuvaloda","tag-latvija","tag-lv","tag-motoru-sports","tag-sports"],"share_on_mastodon":{"url":"https:\/\/pubeurope.com\/@lv\/117209184692760457","error":""},"_links":{"self":[{"href":"https:\/\/www.europesays.com\/lv\/wp-json\/wp\/v2\/posts\/285198","targetHints":{"allow":["GET"]}}],"collection":[{"href":"https:\/\/www.europesays.com\/lv\/wp-json\/wp\/v2\/posts"}],"about":[{"href":"https:\/\/www.europesays.com\/lv\/wp-json\/wp\/v2\/types\/post"}],"author":[{"embeddable":true,"href":"https:\/\/www.europesays.com\/lv\/wp-json\/wp\/v2\/users\/2"}],"replies":[{"embeddable":true,"href":"https:\/\/www.europesays.com\/lv\/wp-json\/wp\/v2\/comments?post=285198"}],"version-history":[{"count":0,"href":"https:\/\/www.europesays.com\/lv\/wp-json\/wp\/v2\/posts\/285198\/revisions"}],"wp:featuredmedia":[{"embeddable":true,"href":"https:\/\/www.europesays.com\/lv\/wp-json\/wp\/v2\/media\/285199"}],"wp:attachment":[{"href":"https:\/\/www.europesays.com\/lv\/wp-json\/wp\/v2\/media?parent=285198"}],"wp:term":[{"taxonomy":"category","embeddable":true,"href":"https:\/\/www.europesays.com\/lv\/wp-json\/wp\/v2\/categories?post=285198"},{"taxonomy":"post_tag","embeddable":true,"href":"https:\/\/www.europesays.com\/lv\/wp-json\/wp\/v2\/tags?post=285198"}],"curies":[{"name":"wp","href":"https:\/\/api.w.org\/{rel}","templated":true}]}}