{"id":285200,"date":"2026-09-03T21:25:16","date_gmt":"2026-09-03T21:25:16","guid":{"rendered":"https:\/\/www.europesays.com\/lv\/285200\/"},"modified":"2026-09-03T21:25:16","modified_gmt":"2026-09-03T21:25:16","slug":"zime-gatis-sluka-cels-ir-vala-lasi-lv","status":"publish","type":"post","link":"https:\/\/www.europesays.com\/lv\/285200\/","title":{"rendered":"Z\u012bm\u0113 Gatis \u0160\u013c\u016bka. Ce\u013c\u0161 ir va\u013c\u0101! &#8211; Lasi.lv"},"content":{"rendered":"<ol>\n<li><a href=\"https:\/\/news.google.com\/rss\/articles\/CBMif0FVX3lxTE5IdHc5QnNsNDZ3WjNqcFVrVlhLNVRnNjhja2VNdzNkRF9ScTliSUstQWZkQmdGVU5sMVppYnA1YlNEclJ6a0hEczdDaHc4V1BHYjNhd1pRUFJwb0VPQ2pNVjA3TjlXZmppejBIMmNFc0JBT1JDQ3F0YnR1TVhCbGM?oc=5\" target=\"_blank\" rel=\"nofollow noopener\">Z\u012bm\u0113 Gatis \u0160\u013c\u016bka. Ce\u013c\u0161 ir va\u013c\u0101!<\/a>&nbsp;&nbsp;Lasi.lv<\/li>\n<li><a href=\"https:\/\/news.google.com\/rss\/articles\/CBMijAFBVV95cUxPOXJjMmw5YjFLT3BDaVRoMXpEaVdOMmFQd09DVmdjR2NpaXlGNWRSZG5aa0ZZX01iUTlxWWtiblI5RzFTUmFzcVdoZ1JKWnRwR1hzZFQteUpMdUJDTHJVOTFyaTJmY3doTjZSR1Ffa29veUJEcFFiTThaR3VUX0t2N2FtM3FaeENDOXF2VQ?oc=5\" target=\"_blank\" rel=\"nofollow noopener\">Kulbergs p\u0113c viz\u012btes Ukrain\u0101: \u0160\u012b ir \u013coti nopietna inform\u0101cija, kuru Latvija nedr\u012bkst ignor\u0113t<\/a>&nbsp;&nbsp;NRA<\/li>\n<li><a href=\"https:\/\/news.google.com\/rss\/articles\/CBMirwFBVV95cUxNRWdyVUdqU1NYRWV4cXZ6UmVBYUJCYmFRWGF1b2tuUmJNV1hEaG9vN0k1Qm5CSm9WT0xmRkp4TUN0cHUxSFAtbnNIYnJVTTlNZDlHSm9XWk5jamdwMTBxNWtHalFVNEhRRlE4cXZpZEhYZnFadEE0ODd0XzNaVUhzUThadzJ2dWpXWEFjcWxDbC1ONWx2RXZIdXNPbFN6LUU2M0hOZmFjdWVGUERNeEVB?oc=5\" target=\"_blank\" rel=\"nofollow noopener\">NA un ZZS rosina sl\u0113gt Latvijas tranz\u012bta ce\u013cu Krievijas un Baltkrievijas graudiem<\/a>&nbsp;&nbsp;TVNET<\/li>\n<li><a href=\"https:\/\/news.google.com\/rss\/articles\/CBMiiwFBVV95cUxOX1dxZ2RtMDd2bEtJUHJuYmhLZzBBNWp5NUhKcGJNNlRTeFFJMFdMd2JISWFyOXlYSzI0OE5LX0VLRGFDS3JYRlowa2FfMmJyazlvNjh3aHI1U2FUYnZ4X2FManlJSi1pUl9KTENKOWt0c3NFRl9ObHJRc0VYM3F2bS1xLThDUHJlRTFv?oc=5\" target=\"_blank\" rel=\"nofollow noopener\">Tre\u0161diena, 2. septembris, pl. 16:00<\/a>&nbsp;&nbsp;lr1.lsm.lv<\/li>\n<li><a href=\"https:\/\/news.google.com\/rss\/articles\/CBMinAFBVV95cUxQS0N3MUJWaFJTR1E0UjdmdnRfckZ0YzRLRlJLeTJ5eVh6Sk8zeGVJMzg0Y3RqNmhqdDQ1OW5WaEd4QWdqN1ZSYWRBYm9VbEtnUjhOVmR3MXB1Rms0LUJwUThNRU5iNkh1VFFBbndGaXpsazhmWV9SbEp4Y0FMMjZXby1hZ1VDYmdQMHJOc0VmemFkdlhRcllZTnl0OUs?oc=5\" target=\"_blank\" rel=\"nofollow noopener\">Latvij\u0101 var\u0113tu piln\u012bb\u0101 aizliegt Krievijas graudu tranz\u012btu<\/a>&nbsp;&nbsp;Jauns.lv<\/li>\n<\/ol>\n","protected":false},"excerpt":{"rendered":"Z\u012bm\u0113 Gatis \u0160\u013c\u016bka. Ce\u013c\u0161 ir va\u013c\u0101!&nbsp;&nbsp;Lasi.lv Kulbergs p\u0113c viz\u012btes Ukrain\u0101: \u0160\u012b ir \u013coti nopietna inform\u0101cija, kuru Latvija nedr\u012bkst&hellip;\n","protected":false},"author":2,"featured_media":285201,"comment_status":"","ping_status":"","sticky":false,"template":"","format":"standard","meta":{"footnotes":"","_share_on_mastodon":"0"},"categories":[5],"tags":[23,28,29,32,33,22,30,31,35,39,38,36,37,34,40,20,26,27,24,25,21],"class_list":["post-285200","post","type-post","status-publish","format-standard","has-post-thumbnail","category-aktualitates","tag-aktualitates","tag-breaking-news","tag-breakingnews","tag-featured-news","tag-featurednews","tag-headlines","tag-latest-news","tag-latestnews","tag-latvia","tag-latvian","tag-latviesu","tag-latviesu-valoda","tag-latviesuvaloda","tag-latvija","tag-lv","tag-news","tag-popularakas-zinas","tag-popularakaszinas","tag-top-stories","tag-topstories","tag-zinas"],"share_on_mastodon":{"url":"https:\/\/pubeurope.com\/@lv\/117209224084732073","error":""},"_links":{"self":[{"href":"https:\/\/www.europesays.com\/lv\/wp-json\/wp\/v2\/posts\/285200","targetHints":{"allow":["GET"]}}],"collection":[{"href":"https:\/\/www.europesays.com\/lv\/wp-json\/wp\/v2\/posts"}],"about":[{"href":"https:\/\/www.europesays.com\/lv\/wp-json\/wp\/v2\/types\/post"}],"author":[{"embeddable":true,"href":"https:\/\/www.europesays.com\/lv\/wp-json\/wp\/v2\/users\/2"}],"replies":[{"embeddable":true,"href":"https:\/\/www.europesays.com\/lv\/wp-json\/wp\/v2\/comments?post=285200"}],"version-history":[{"count":0,"href":"https:\/\/www.europesays.com\/lv\/wp-json\/wp\/v2\/posts\/285200\/revisions"}],"wp:featuredmedia":[{"embeddable":true,"href":"https:\/\/www.europesays.com\/lv\/wp-json\/wp\/v2\/media\/285201"}],"wp:attachment":[{"href":"https:\/\/www.europesays.com\/lv\/wp-json\/wp\/v2\/media?parent=285200"}],"wp:term":[{"taxonomy":"category","embeddable":true,"href":"https:\/\/www.europesays.com\/lv\/wp-json\/wp\/v2\/categories?post=285200"},{"taxonomy":"post_tag","embeddable":true,"href":"https:\/\/www.europesays.com\/lv\/wp-json\/wp\/v2\/tags?post=285200"}],"curies":[{"name":"wp","href":"https:\/\/api.w.org\/{rel}","templated":true}]}}