{"id":285202,"date":"2026-09-03T21:34:14","date_gmt":"2026-09-03T21:34:14","guid":{"rendered":"https:\/\/www.europesays.com\/lv\/285202\/"},"modified":"2026-09-03T21:34:14","modified_gmt":"2026-09-03T21:34:14","slug":"jauna-era-matu-veidosana-tehnologija-pielagojas-pasiem-matiem","status":"publish","type":"post","link":"https:\/\/www.europesays.com\/lv\/285202\/","title":{"rendered":"Jauna \u0113ra matu veido\u0161an\u0101 &#8211; tehnolo\u0123ija piel\u0101gojas pa\u0161iem matiem"},"content":{"rendered":"<p>Gadiem ilgi \u0161\u0137ita, ka j\u0101izv\u0113las \u2013 nevainojama friz\u016bra vai maksim\u0101li saudz\u012bga attieksme pret matiem. Tagad skaistumkop\u0161anas tehnolo\u0123ijas m\u0113\u0123ina \u0161o kompromisu main\u012bt pa\u0161os pamatos. Jaun\u0101k\u0101s paaudzes ier\u012bces vairs nekoncentr\u0113jas tikai uz to, cik karstas ir veido\u0161anas pl\u0101ksnes. T\u0101s s\u0101k analiz\u0113t pa\u0161us matus un piel\u0101got veido\u0161anu tam, kas konkr\u0113taj\u0101 br\u012bd\u012b nepiecie\u0161ams konkr\u0113tajai matu \u0161\u0137ipsnai.<\/p>\n","protected":false},"excerpt":{"rendered":"Gadiem ilgi \u0161\u0137ita, ka j\u0101izv\u0113las \u2013 nevainojama friz\u016bra vai maksim\u0101li saudz\u012bga attieksme pret matiem. Tagad skaistumkop\u0161anas tehnolo\u0123ijas m\u0113\u0123ina&hellip;\n","protected":false},"author":2,"featured_media":285203,"comment_status":"","ping_status":"","sticky":false,"template":"","format":"standard","meta":{"footnotes":"","_share_on_mastodon":"0"},"categories":[16],"tags":[77,76,35,39,38,36,37,34,40],"class_list":["post-285202","post","type-post","status-publish","format-standard","has-post-thumbnail","category-bizness","tag-bizness","tag-business","tag-latvia","tag-latvian","tag-latviesu","tag-latviesu-valoda","tag-latviesuvaloda","tag-latvija","tag-lv"],"share_on_mastodon":{"url":"https:\/\/pubeurope.com\/@lv\/117209259308528070","error":""},"_links":{"self":[{"href":"https:\/\/www.europesays.com\/lv\/wp-json\/wp\/v2\/posts\/285202","targetHints":{"allow":["GET"]}}],"collection":[{"href":"https:\/\/www.europesays.com\/lv\/wp-json\/wp\/v2\/posts"}],"about":[{"href":"https:\/\/www.europesays.com\/lv\/wp-json\/wp\/v2\/types\/post"}],"author":[{"embeddable":true,"href":"https:\/\/www.europesays.com\/lv\/wp-json\/wp\/v2\/users\/2"}],"replies":[{"embeddable":true,"href":"https:\/\/www.europesays.com\/lv\/wp-json\/wp\/v2\/comments?post=285202"}],"version-history":[{"count":0,"href":"https:\/\/www.europesays.com\/lv\/wp-json\/wp\/v2\/posts\/285202\/revisions"}],"wp:featuredmedia":[{"embeddable":true,"href":"https:\/\/www.europesays.com\/lv\/wp-json\/wp\/v2\/media\/285203"}],"wp:attachment":[{"href":"https:\/\/www.europesays.com\/lv\/wp-json\/wp\/v2\/media?parent=285202"}],"wp:term":[{"taxonomy":"category","embeddable":true,"href":"https:\/\/www.europesays.com\/lv\/wp-json\/wp\/v2\/categories?post=285202"},{"taxonomy":"post_tag","embeddable":true,"href":"https:\/\/www.europesays.com\/lv\/wp-json\/wp\/v2\/tags?post=285202"}],"curies":[{"name":"wp","href":"https:\/\/api.w.org\/{rel}","templated":true}]}}