{"id":285208,"date":"2026-09-03T21:46:49","date_gmt":"2026-09-03T21:46:49","guid":{"rendered":"https:\/\/www.europesays.com\/lv\/285208\/"},"modified":"2026-09-03T21:46:49","modified_gmt":"2026-09-03T21:46:49","slug":"cik-nopelnis-jaunais-prieksnieks-apple-dzons-ternuss","status":"publish","type":"post","link":"https:\/\/www.europesays.com\/lv\/285208\/","title":{"rendered":"Cik nopeln\u012bs jaunais priek\u0161nieks? Apple D\u017eons ternuss"},"content":{"rendered":"<p>D\u017eons Ternuss ofici\u0101li st\u0101j\u0101s izpilddirektora amat\u0101 tikai pirmdien. Apple, bet m\u0113s jau zin\u0101m, k\u0101 uz\u0146\u0113mums vi\u0146u apbalvos par viena no pasaul\u0113 liel\u0101kajiem tehnolo\u0123iju gigantiem vad\u012b\u0161anu. Apple ASV V\u0113rtspap\u012bru un bir\u017eu komisijai iesniegtajos dokumentos vi\u0146\u0161 atkl\u0101ja savu jauno atl\u012bdz\u012bbas paketi, kuras m\u0113r\u0137a v\u0113rt\u012bba 2027. finan\u0161u gadam sasniedz 58 miljonus ASV dol\u0101ru jeb aptuveni 1,2 miljardus kronu.<\/p>\n<p>                                <a href=\"https:\/\/www.letemsvetemapplem.eu\/lv\/2026\/09\/01\/apple-ceo\/\" class=\"thumbnail\" title=\"8 v\u012bri, kas vad\u012bja Appleno tuvojo\u0161\u0101s bankrota l\u012bdz pasaul\u0113 v\u0113rt\u012bg\u0101kajam uz\u0146\u0113mumam\" rel=\"nofollow noopener\" target=\"_blank\"><\/p>\n<p>    <img decoding=\"async\" class=\"lazyload landscape \"  data- src=\"https:\/\/www.europesays.com\/lv\/wp-content\/uploads\/2026\/09\/apple-ceo.png\" title=\"apple CEO\" alt=\"apple CEO\" data-caption=\"\" data-orig-width=\"1672\" data-orig-height=\"941\"\/><br \/>\n                    <\/a><\/p>\n<p>Bet, ja j\u016bs sagaid\u0101t, ka Ternus katru m\u0113nesi sav\u0101 kont\u0101 sa\u0146ems miljoniem dol\u0101ru, tas, protams, nav tik vienk\u0101r\u0161i. Vi\u0146a klasisk\u0101 gada alga ir &#8220;tikai&#8221; 3 miljoni dol\u0101ru jeb aptuveni 63 miljoni kronu. Atliku\u0161ie 55 miljoni dol\u0101ru ir akciju atl\u012bdz\u012bbas m\u0113r\u0137a v\u0113rt\u012bba. Interesanti, ka tikai ceturt\u0101 da\u013ca no akciju atl\u012bdz\u012bbas ir saist\u012bta ar laiku, un Ternus to pak\u0101peniski izmaks\u0101s \u010detru gadu laik\u0101. Atliku\u0161ie 75% ir atkar\u012bgi no akciju v\u0113rt\u012bbas pieauguma. Apple sal\u012bdzin\u0101jum\u0101 ar citiem uz\u0146\u0113mumiem S&amp;P 500 indeks\u0101.<\/p>\n<p>T\u0101p\u0113c gal\u012bg\u0101 summa, ko jaunais izpilddirektors faktiski sa\u0146ems, var iev\u0113rojami at\u0161\u0137irties no 58 miljoniem ASV dol\u0101ru. Turkl\u0101t atkl\u0101taj\u0101 m\u0113r\u0137a atalgojum\u0101 nav iek\u013cautas nek\u0101das snieguma pr\u0113mijas. Par to 2026. finan\u0161u gada da\u013cu, ko vi\u0146\u0161 jau pavad\u012bs k\u0101 izpilddirektors, Ternuss sa\u0146\u0113ma ar\u012b proporcion\u0101lu akciju pr\u0113miju ar m\u0113r\u0137a v\u0113rt\u012bbu 2,5 miljoni ASV dol\u0101ru.<\/p>\n<p>            \t\t    <a href=\"https:\/\/www.letemsvetemapplem.eu\/lv\/2026\/03\/09\/budouci-sef-applu-se-rozpovidal-o-levnem-macbooku-i-budoucnosti\/john-ternus-fb\/\" title=\"Atv\u0113rt piln\u0101 iz\u0161\u0137irtsp\u0113j\u0101\" rel=\"nofollow noopener\" target=\"_blank\"><\/p>\n<p>    <img decoding=\"async\" class=\"lazyload landscape \"  data- src=\"https:\/\/www.europesays.com\/lv\/wp-content\/uploads\/2026\/09\/1788472008_436_John-Ternus-FB.webp\" title=\"D\u017eons Ternuss FB\" alt=\"D\u017eons Ternuss FB\" data-caption=\"\" data-orig-width=\"1024\" data-orig-height=\"512\"\/><br \/>\n            <\/a><\/p>\n<p>Ar\u012b sal\u012bdzin\u0101jums ar Timu ir interesants. Cookem, kur\u0161 ir beidzis izpilddirektora amatu, bet k\u0101 jaunais direktoru padomes izpildpriek\u0161s\u0113d\u0113t\u0101js vi\u0146\u0161 noteikti nestr\u0101d\u0101s par velti. Apple Vi\u0146\u0161 ir noteicis m\u0113r\u0137a atalgojumu 47 miljonu ASV dol\u0101ru apm\u0113r\u0101 2027. finan\u0161u gadam. No tiem 2 miljoni ASV dol\u0101ru ir alga un v\u0113l 45 miljoni ASV dol\u0101ru ir akciju kompens\u0101cija. Lai sniegtu jums priek\u0161statu, Cook 2025. gad\u0101 vi\u0146\u0161 kop\u0101 nopeln\u012bja 74,3 miljonus ASV dol\u0101ru. Vi\u0146a pamatalga bija 3 miljoni ASV dol\u0101ru, t\u0101pat k\u0101 pa\u0161laik Ternus, plus v\u0113l 12 miljoni ASV dol\u0101ru sasniegumu pr\u0113mij\u0101s un 57,5 \u200b\u200bmiljoni ASV dol\u0101ru akciju opcij\u0101s. Diem\u017e\u0113l Ternus iepriek\u0161\u0113j\u0101 alga k\u0101 aparat\u016bras in\u017eenierijas vad\u012bt\u0101jam Apple mums nav publiskas inform\u0101cijas. Pa\u0161reiz\u0113jie dokumenti pirmo reizi par\u0101da, cik daudz\u00a0Apple nopeln\u012bs.<\/p>\n<p>                                <a href=\"https:\/\/www.letemsvetemapplem.eu\/lv\/2026\/09\/02\/prectete-si-prvni-dopis-noveho-sefa-apple-zamestnancum\/\" class=\"thumbnail\" title=\"Izlasiet jaun\u0101 priek\u0161nieka pirmo v\u0113stuli Apple nodarbin\u0101tsancum\" rel=\"nofollow noopener\" target=\"_blank\"><\/p>\n<p>    <img decoding=\"async\" class=\"lazyload landscape \"  data- src=\"https:\/\/www.europesays.com\/lv\/wp-content\/uploads\/2026\/09\/1788472009_971_John-Ternus.jpg\" title=\"D\u017eons ternuss\" alt=\"D\u017eons ternuss\" data-caption=\"\" data-orig-width=\"1280\" data-orig-height=\"720\"\/><br \/>\n                    <\/a><\/p>\n<p>Summa 58 miljoni ASV dol\u0101ru, protams, izklaus\u0101s nepr\u0101t\u012bgi, ta\u010du ir ar\u012b v\u0113rts piebilst, ka Ternus liel\u0101ko da\u013cu no t\u0101s faktiski ieg\u016bs tikai tad, ja pa\u0161am veiksies labi. AppleUn \u0146emot v\u0113r\u0101, ka uz\u0146\u0113mums ir miljardu v\u0113rtsonedol\u0101ru, dro\u0161i vien nebija paredz\u0113ts, ka vi\u0146as jaun\u0101 priek\u0161niece str\u0101d\u0101s par da\u017eiem miljoniem kronu gad\u0101.<\/p>\n","protected":false},"excerpt":{"rendered":"D\u017eons Ternuss ofici\u0101li st\u0101j\u0101s izpilddirektora amat\u0101 tikai pirmdien. Apple, bet m\u0113s jau zin\u0101m, k\u0101 uz\u0146\u0113mums vi\u0146u apbalvos par&hellip;\n","protected":false},"author":2,"featured_media":285209,"comment_status":"","ping_status":"","sticky":false,"template":"","format":"standard","meta":{"footnotes":"","_share_on_mastodon":"0"},"categories":[16],"tags":[77,76,35,39,38,36,37,34,40],"class_list":["post-285208","post","type-post","status-publish","format-standard","has-post-thumbnail","category-bizness","tag-bizness","tag-business","tag-latvia","tag-latvian","tag-latviesu","tag-latviesu-valoda","tag-latviesuvaloda","tag-latvija","tag-lv"],"share_on_mastodon":{"url":"https:\/\/pubeurope.com\/@lv\/117209310731593649","error":""},"_links":{"self":[{"href":"https:\/\/www.europesays.com\/lv\/wp-json\/wp\/v2\/posts\/285208","targetHints":{"allow":["GET"]}}],"collection":[{"href":"https:\/\/www.europesays.com\/lv\/wp-json\/wp\/v2\/posts"}],"about":[{"href":"https:\/\/www.europesays.com\/lv\/wp-json\/wp\/v2\/types\/post"}],"author":[{"embeddable":true,"href":"https:\/\/www.europesays.com\/lv\/wp-json\/wp\/v2\/users\/2"}],"replies":[{"embeddable":true,"href":"https:\/\/www.europesays.com\/lv\/wp-json\/wp\/v2\/comments?post=285208"}],"version-history":[{"count":0,"href":"https:\/\/www.europesays.com\/lv\/wp-json\/wp\/v2\/posts\/285208\/revisions"}],"wp:featuredmedia":[{"embeddable":true,"href":"https:\/\/www.europesays.com\/lv\/wp-json\/wp\/v2\/media\/285209"}],"wp:attachment":[{"href":"https:\/\/www.europesays.com\/lv\/wp-json\/wp\/v2\/media?parent=285208"}],"wp:term":[{"taxonomy":"category","embeddable":true,"href":"https:\/\/www.europesays.com\/lv\/wp-json\/wp\/v2\/categories?post=285208"},{"taxonomy":"post_tag","embeddable":true,"href":"https:\/\/www.europesays.com\/lv\/wp-json\/wp\/v2\/tags?post=285208"}],"curies":[{"name":"wp","href":"https:\/\/api.w.org\/{rel}","templated":true}]}}