{"id":28521,"date":"2025-10-22T20:10:15","date_gmt":"2025-10-22T20:10:15","guid":{"rendered":"https:\/\/www.europesays.com\/lv\/28521\/"},"modified":"2025-10-22T20:10:15","modified_gmt":"2025-10-22T20:10:15","slug":"krievija-ar-droniem-uzbrukusi-harkivas-bernudarzam-ltv-reportaza-raksts","status":"publish","type":"post","link":"https:\/\/www.europesays.com\/lv\/28521\/","title":{"rendered":"Krievija ar droniem uzbrukusi Harkivas b\u0113rnud\u0101rzam. LTV report\u0101\u017ea \/ Raksts"},"content":{"rendered":"<p>Krievija tre\u0161dien ar droniem uzbrukusi b\u0113rnud\u0101rza \u0113kai Ukrainas pils\u0113t\u0101 Harkiv\u0101. Ukrainas prezidents Volodimirs Zelenskis \u0161o uzbrukumu raksturojis k\u0101 Krievijas sp\u013c\u0101vienu sej\u0101 ikvienam, kur\u0161 prasa pan\u0101kt mieru. Zelenskis br\u012bdin\u0101jis, ka Krievija k\u013c\u016bst arvien nekaun\u012bg\u0101ka.\u00a0<\/p>\n<p style=\"text-align:left\">\u0160aj\u0101 uzbrukum\u0101 viens cilv\u0113ks g\u0101jis boj\u0101, vair\u0101ki ievainoti. B\u0113rni un d\u0101rzi\u0146a person\u0101ls uzbrukumu laik\u0101 bija \u0113k\u0101, bet visi ir izgl\u0101bti, ta\u010du piedz\u012bvoju\u0161i milz\u012bgu stresu.\u00a0<\/p>\n<p style=\"text-align:left\">Uzbrukuma vietu apmekl\u0113ja ar\u012b LTV film\u0113\u0161anas grupa.\u00a0<\/p>\n<p style=\"text-align:left\">Pa\u0161laik \u0161eit viss ir kluss, ap \u0161o laiku p\u0101rsvar\u0101 cilv\u0113ki jau cen\u0161as vairs nepalikt uz ielas. P\u0113c \u0161odienas uzbrukuma, cik nu tas iesp\u0113jams \u2013 izsist\u0101s logu ailes ir aiztais\u012btas ciet ar skaidu pl\u0101ksn\u0113m. B\u0113rnud\u0101rza \u0113ka ir stipri cietusi.\u00a0<\/p>\n<p>            <img decoding=\"async\" src=\"https:\/\/www.europesays.com\/lv\/wp-content\/uploads\/2025\/10\/rup1.jpg\" alt=\"Gl\u0101b\u0161anas darbi p\u0113c Krievijas dronu trieciena Harkiv\u0101\"\/><\/p>\n<p>Gl\u0101b\u0161anas darbi p\u0113c Krievijas dronu trieciena Harkiv\u0101<\/p>\n<p>Foto: Odita Krenberga, LTV<\/p>\n<\/p>\n<p style=\"text-align:left\">Kad tai tr\u0101p\u012bja Krievijas droni, b\u0113rnud\u0101rz\u0101 bija 48 b\u0113rni un person\u0101ls. Ta\u010du, t\u0101 k\u0101 bija izsludin\u0101ta gaisa trauksme, tad visi bija paguvu\u0161i pasl\u0113pties pagrab\u0101 un necieta, kaut gan no triecieniem un tiem sekojo\u0161\u0101 ugunsgr\u0113ka nog\u0101z\u0101s otr\u0101 st\u0101va p\u0101rsegums.\u00a0<\/p>\n<p style=\"text-align:left\">Caur d\u016bmiem un gruve\u0161iem gl\u0101b\u0113jiem visus izdevies evaku\u0113t un p\u0113c medic\u012bnisk\u0101s apskates palaisti m\u0101j\u0101s tikai ar p\u0101rciesto izb\u012bli.\u00a0<\/p>\n<blockquote>\n<p style=\"text-align:left\">&#8220;Man vect\u0113ti\u0146\u0161 piezvan\u012bja, pras\u012bja \u2013 kur Nastja? Es saku \u2013 d\u0101rzi\u0146\u0101. Tur ir uzbrukumi, es redzu! Nosviedu visas somas un skr\u0113ju turp!&#8221; st\u0101sta Nastjas mamma Oksana Kalmikova.\u00a0<\/p>\n<\/blockquote>\n<p style=\"text-align:left\">Boj\u0101 ir g\u0101jis viens no Harkivas komun\u0101l\u0101 dienesta darbiniekiem, 40 gadus vecais Vit\u0101lijs, kur\u0161 spr\u0101dziena br\u012bd\u012b str\u0101d\u0101ja uz ielas. Vi\u0146a kol\u0113\u0123e Oksana necieta, jo bija cit\u0101 iel\u0101 turpat net\u0101lu.\u00a0<\/p>\n<p style=\"text-align:left\">&#8220;Es biju uz Jaroslavskas ielas un p\u0113c pirm\u0101 spr\u0101dziena skr\u0113ju \u0161urp, jo zin\u0101ju, ka te ir uz ielas cilv\u0113ki,&#8221; st\u0101sta Harkivas komun\u0101l\u0101 dienesta darbiniece Oksana.<\/p>\n<p>            <img decoding=\"async\" src=\"https:\/\/www.europesays.com\/lv\/wp-content\/uploads\/2025\/10\/rup0.jpg\" alt=\"Krievijas drona &quot;Shahed&quot; motors\"\/><\/p>\n<p>Krievijas drona &#8220;Shahed&#8221; motors<\/p>\n<p>Foto: Odita Krenberga, LTV<\/p>\n<\/p>\n<p style=\"text-align:left\">Tepat l\u012bdz\u0101s v\u0113l redzams sadegu\u0161\u0101 &#8220;Shahed&#8221; drona motors. Kopum\u0101 traumas guvu\u0161i devi\u0146i cilv\u0113ki, kas tobr\u012bd atrad\u0101s uz ielas. Viens no tiem guvis 20% \u0137erme\u0146a apdegumu.\u00a0<\/p>\n<blockquote>\n<p style=\"text-align:left\">Krievija turpin\u0101jusi ar\u012b triecienus citviet gan pa Ukrainas energosist\u0113m\u0101m, gan pa dz\u012bvojam\u0101m \u0113k\u0101m, tai skait\u0101 Kijiv\u0101 un Kijivas apgabal\u0101, kur g\u0101ju\u0161i boj\u0101 vair\u0101ki cilv\u0113ki, tai skait\u0101 ar\u012b b\u0113rni.\u00a0<\/p>\n<\/blockquote>\n<p style=\"text-align:left\">Krievija karu turpina \u013coti intens\u012bvi. K\u0101 zin\u0101ms, ASV prezidents Donalds Tramps uz nenoteiktu laiku ir atc\u0113lis iecer\u0113to tik\u0161anos ar Krievijas diktatoru Vladimiru Putinu, kas bija pl\u0101nota Ung\u0101rijas galvaspils\u0113t\u0101 Budape\u0161t\u0101. K\u0101 izteicies Tramps \u2013 vi\u0146\u0161 negribot ar Putinu t\u0101du tik\u0161anos, kas ir bezj\u0113dz\u012bga.<\/p>\n<p>KONTEKSTS:<\/p>\n<p>Nepamatotais un neizprovoc\u0113tais Krievijas pla\u0161a m\u0113roga iebrukums Ukrain\u0101 s\u0101k\u0101s<a class=\"lsm-link\" data-id=\"445043\" data-type=\"article\" href=\"https:\/\/www.lsm.lv\/raksts\/zinas\/arzemes\/putina-rezims-sacis-masivu-uzbrukumu-ukrainai.a445043\/\" rel=\"nofollow noopener\" target=\"_blank\"> 2022. gada 24. febru\u0101r\u012b<\/a>. Krem\u013ca propaganda sol\u012bja ie\u0146emt Kijivu tr\u012bs dien\u0101s, ta\u010du ukrai\u0146u sp\u0113c\u012bg\u0101 pretest\u012bba ne\u013c\u0101va Kremlim realiz\u0113t savus pl\u0101nus.<\/p>\n<p>P\u0113c neveiksm\u0113m Kremlis izveda armiju no Kijivas apgabala, bet turpin\u0101ja ofens\u012bvu citos re\u0123ionos. 2022. gada ruden\u012b ukrai\u0146u armijai izdev\u0101s atbr\u012bvot\u00a0<a class=\"lsm-link\" data-id=\"477237\" data-type=\"article\" href=\"https:\/\/www.lsm.lv\/raksts\/zinas\/arzemes\/sala-zeme-harkivas-atbrivosana--ltv-zinu-dienesta-filma-par-krievijas-kara-plosito-ukrainu.a477237\/\" rel=\"nofollow noopener\" target=\"_blank\">Harkivas apgabalu<\/a> un da\u013cu<a class=\"lsm-link\" data-id=\"482245\" data-type=\"article\" href=\"https:\/\/www.lsm.lv\/raksts\/zinas\/arzemes\/zelenskis-mes-esam-atguvusi-hersonu.a482245\/\" rel=\"nofollow noopener\" target=\"_blank\"> Hersonas apgabala<\/a>, vairojot cer\u012bbas uz iesp\u0113ju sakaut pretinieku.<\/p>\n<p>Ta\u010du 2023. gada vasar\u0101 s\u0101ktais Ukrainas pretuzbrukums nebija tik veiksm\u012bgs, ko Ukrainas armija skaidro gan ar nepietiekamu iero\u010du nodro\u0161in\u0101jumu no Rietumu sabiedrotajiem, gan ar Krievijas armijas izveidoto pamat\u012bgo aizsardz\u012bbas l\u012bniju un pla\u0161ajiem m\u012bnu laukiem.<\/p>\n<p>2024. gada august\u0101 Ukraina veica<a class=\"lsm-link\" data-id=\"564270\" data-type=\"article\" href=\"https:\/\/www.lsm.lv\/article-preview\/zinas\/arzemes\/07.08.2024-ukraina-un-krievija-uzsakusi-cinas-kurskas-apgabala.a564270\/\" rel=\"nofollow noopener\" target=\"_blank\"> iebrukumu<\/a> Kurskas apgabal\u0101 Krievij\u0101. T\u0101 ir pirm\u0101 reize kop\u0161 Otr\u0101 pasaules kara, kad Krievijas teritorijas da\u013cu ilgsto\u0161i ie\u0146\u0113mis \u0101rvalstu karasp\u0113ks.<\/p>\n<p>Lai ar\u012b l\u012bdz ar ASV prezidenta Donalda Trampa st\u0101\u0161anos amat\u0101 starp Balto namu, Kremli un Kijivu vair\u0101kk\u0101rt notiku\u0161as sarunas par pamieru Ukrain\u0101, l\u012bdz \u0161im t\u0101s rezult\u0101tus nav devu\u0161as.<\/p>\n<p>                    Valodas k\u013c\u016bda rakst\u0101?<\/p>\n<p class=\"d-none d-md-block\">Iez\u012bm\u0113jiet tekstu un spiediet Ctrl+Enter, lai nos\u016bt\u012btu labojamo teksta fragmentu redaktoram! Par faktu k\u013c\u016bd\u0101m l\u016bdzam zi\u0146ot e-past\u0101 <a href=\"https:\/\/www.lsm.lv\/cdn-cgi\/l\/email-protection\" class=\"__cf_email__\" data-cfemail=\"fa889f9e9b919993909bba968997d4968c\" rel=\"nofollow noopener\" target=\"_blank\">[email\u00a0protected]<\/a>.<\/p>\n<p class=\"d-md-none\">Iez\u012bm\u0113jiet tekstu un spiediet uz Zi\u0146ot par k\u013c\u016bdu pogas, lai nos\u016bt\u012btu labojamo teksta fragmentu redaktoram!<\/p>\n<p>\n                    Zi\u0146ot par k\u013c\u016bdu\n                <\/p>\n","protected":false},"excerpt":{"rendered":"Krievija tre\u0161dien ar droniem uzbrukusi b\u0113rnud\u0101rza \u0113kai Ukrainas pils\u0113t\u0101 Harkiv\u0101. Ukrainas prezidents Volodimirs Zelenskis \u0161o uzbrukumu raksturojis k\u0101&hellip;\n","protected":false},"author":2,"featured_media":28522,"comment_status":"","ping_status":"","sticky":false,"template":"","format":"standard","meta":{"footnotes":""},"categories":[14],"tags":[23,57,28,29,32,33,22,30,31,35,39,38,36,37,34,40,20,26,27,24,25,54,55,56,21,58],"class_list":{"0":"post-28521","1":"post","2":"type-post","3":"status-publish","4":"format-standard","5":"has-post-thumbnail","7":"category-zinas-no-arvalstim","8":"tag-aktualitates","9":"tag-arvalstim","10":"tag-breaking-news","11":"tag-breakingnews","12":"tag-featured-news","13":"tag-featurednews","14":"tag-headlines","15":"tag-latest-news","16":"tag-latestnews","17":"tag-latvia","18":"tag-latvian","19":"tag-latviesu","20":"tag-latviesu-valoda","21":"tag-latviesuvaloda","22":"tag-latvija","23":"tag-lv","24":"tag-news","25":"tag-popularakas-zinas","26":"tag-popularakaszinas","27":"tag-top-stories","28":"tag-topstories","29":"tag-world","30":"tag-world-news","31":"tag-worldnews","32":"tag-zinas","33":"tag-zinas-no-arvalstim"},"share_on_mastodon":{"url":"","error":""},"_links":{"self":[{"href":"https:\/\/www.europesays.com\/lv\/wp-json\/wp\/v2\/posts\/28521","targetHints":{"allow":["GET"]}}],"collection":[{"href":"https:\/\/www.europesays.com\/lv\/wp-json\/wp\/v2\/posts"}],"about":[{"href":"https:\/\/www.europesays.com\/lv\/wp-json\/wp\/v2\/types\/post"}],"author":[{"embeddable":true,"href":"https:\/\/www.europesays.com\/lv\/wp-json\/wp\/v2\/users\/2"}],"replies":[{"embeddable":true,"href":"https:\/\/www.europesays.com\/lv\/wp-json\/wp\/v2\/comments?post=28521"}],"version-history":[{"count":0,"href":"https:\/\/www.europesays.com\/lv\/wp-json\/wp\/v2\/posts\/28521\/revisions"}],"wp:featuredmedia":[{"embeddable":true,"href":"https:\/\/www.europesays.com\/lv\/wp-json\/wp\/v2\/media\/28522"}],"wp:attachment":[{"href":"https:\/\/www.europesays.com\/lv\/wp-json\/wp\/v2\/media?parent=28521"}],"wp:term":[{"taxonomy":"category","embeddable":true,"href":"https:\/\/www.europesays.com\/lv\/wp-json\/wp\/v2\/categories?post=28521"},{"taxonomy":"post_tag","embeddable":true,"href":"https:\/\/www.europesays.com\/lv\/wp-json\/wp\/v2\/tags?post=28521"}],"curies":[{"name":"wp","href":"https:\/\/api.w.org\/{rel}","templated":true}]}}