{"id":285212,"date":"2026-09-03T21:53:55","date_gmt":"2026-09-03T21:53:55","guid":{"rendered":"https:\/\/www.europesays.com\/lv\/285212\/"},"modified":"2026-09-03T21:53:55","modified_gmt":"2026-09-03T21:53:55","slug":"sedeklu-komforts-patiesa-grezniba-automobili","status":"publish","type":"post","link":"https:\/\/www.europesays.com\/lv\/285212\/","title":{"rendered":"S\u0113dek\u013cu komforts \u2013 paties\u0101 grezn\u012bba automobil\u012b"},"content":{"rendered":"<p>Auto ieg\u0101des proces\u0101 past\u0101v viena liela il\u016bzija, ko ap\u0161auba \u013coti reti, \u2013 15 min\u016b\u0161u testa brauciens. \u0160aj\u0101 \u012bsaj\u0101 braucien\u0101 ap autosalonu pirc\u0113ji cen\u0161as nov\u0113rt\u0113t visu: motora dinamiku, trok\u0161\u0146u izol\u0101ciju, balstiek\u0101rtas darbu un, protams, s\u0113dek\u013cu komfortu. Daudziem vad\u012bt\u0101jiem pietiek vien da\u017eas min\u016btes pas\u0113d\u0113t jaun\u0101 auto, lai izdar\u012btu gal\u012bgo secin\u0101jumu par ergonomiku. Ta\u010du fiziolo\u0123isk\u0101 realit\u0101te ir krietni sare\u017e\u0123\u012bt\u0101ka.<\/p>\n","protected":false},"excerpt":{"rendered":"Auto ieg\u0101des proces\u0101 past\u0101v viena liela il\u016bzija, ko ap\u0161auba \u013coti reti, \u2013 15 min\u016b\u0161u testa brauciens. \u0160aj\u0101 \u012bsaj\u0101&hellip;\n","protected":false},"author":2,"featured_media":285213,"comment_status":"","ping_status":"","sticky":false,"template":"","format":"standard","meta":{"footnotes":"","_share_on_mastodon":"0"},"categories":[16],"tags":[77,76,35,39,38,36,37,34,40],"class_list":["post-285212","post","type-post","status-publish","format-standard","has-post-thumbnail","category-bizness","tag-bizness","tag-business","tag-latvia","tag-latvian","tag-latviesu","tag-latviesu-valoda","tag-latviesuvaloda","tag-latvija","tag-lv"],"share_on_mastodon":{"url":"https:\/\/pubeurope.com\/@lv\/117209338092412863","error":""},"_links":{"self":[{"href":"https:\/\/www.europesays.com\/lv\/wp-json\/wp\/v2\/posts\/285212","targetHints":{"allow":["GET"]}}],"collection":[{"href":"https:\/\/www.europesays.com\/lv\/wp-json\/wp\/v2\/posts"}],"about":[{"href":"https:\/\/www.europesays.com\/lv\/wp-json\/wp\/v2\/types\/post"}],"author":[{"embeddable":true,"href":"https:\/\/www.europesays.com\/lv\/wp-json\/wp\/v2\/users\/2"}],"replies":[{"embeddable":true,"href":"https:\/\/www.europesays.com\/lv\/wp-json\/wp\/v2\/comments?post=285212"}],"version-history":[{"count":0,"href":"https:\/\/www.europesays.com\/lv\/wp-json\/wp\/v2\/posts\/285212\/revisions"}],"wp:featuredmedia":[{"embeddable":true,"href":"https:\/\/www.europesays.com\/lv\/wp-json\/wp\/v2\/media\/285213"}],"wp:attachment":[{"href":"https:\/\/www.europesays.com\/lv\/wp-json\/wp\/v2\/media?parent=285212"}],"wp:term":[{"taxonomy":"category","embeddable":true,"href":"https:\/\/www.europesays.com\/lv\/wp-json\/wp\/v2\/categories?post=285212"},{"taxonomy":"post_tag","embeddable":true,"href":"https:\/\/www.europesays.com\/lv\/wp-json\/wp\/v2\/tags?post=285212"}],"curies":[{"name":"wp","href":"https:\/\/api.w.org\/{rel}","templated":true}]}}