{"id":285216,"date":"2026-09-03T22:04:34","date_gmt":"2026-09-03T22:04:34","guid":{"rendered":"https:\/\/www.europesays.com\/lv\/285216\/"},"modified":"2026-09-03T22:04:34","modified_gmt":"2026-09-03T22:04:34","slug":"tradicijas-un-jaunrade-latvijas-nacionalas-operas-un-baleta-jaunaja-sezona","status":"publish","type":"post","link":"https:\/\/www.europesays.com\/lv\/285216\/","title":{"rendered":"Trad\u012bcijas un jaunrade Latvijas Nacion\u0101l\u0101s operas un baleta jaunaj\u0101 sezon\u0101"},"content":{"rendered":"<p>Baleta Sapnis vasaras nakt\u012b\u00a0pirmizr\u0101de gaid\u0101ma 27. novembr\u012b. Pasaules baleta le\u0123enda D\u017eons Neimeiers \u0161o darbu rad\u012bjis Hamburgas baletam 1977. gad\u0101, iedvesmojoties no Viljama \u0160eksp\u012bra kom\u0113dijas. Ar\u012b gandr\u012bz piecdesmit gadus v\u0113l\u0101k tas tiek iestud\u0113ts pasaules vado\u0161aj\u0101s baleta komp\u0101nij\u0101s. Iestud\u0113jum\u0101 humors apvienots ar sap\u0146ainu po\u0113ziju, bet muzik\u0101l\u0101 dramatur\u0123ija ved cauri trim stilistiski at\u0161\u0137ir\u012bg\u0101m pasaul\u0113m. Iestud\u0113juma muzik\u0101lais vad\u012bt\u0101js un diri\u0123ents b\u016bs M\u0101rti\u0146\u0161 Ozoli\u0146\u0161, scenogr\u0101fiju un kost\u012bmus veidojis Jirgens Roze. Sapnis vasaras nakt\u012b\u00a0b\u016bs pirmais D\u017eona Neimeiera iestud\u0113jums Latvijas Nacion\u0101l\u0101 baleta repertu\u0101r\u0101. Jauniestud\u0113juma pirmizr\u0101d\u0113 dejos latvie\u0161u primabaler\u012bna, ilggad\u0113j\u0101 Hamburgas baleta vado\u0161\u0101 soliste Anna Laudere.<\/p>\n<p>D\u017euzepes Verdi operas Masku balle\u00a0pirmizr\u0101de R\u012bg\u0101 gaid\u0101ma 25. febru\u0101r\u012b. \u0160aj\u0101 \u0161edevr\u0101 savijas person\u012bgas greizsird\u012bbas mot\u012bvi, nosl\u0113pumainas priek\u0161nojautas, m\u012blest\u012bbas un pien\u0101kuma savstarp\u0113j\u0101 c\u012b\u0146a. Re\u017eisores Mar\u012bnas Bianki veidotais iestud\u0113jums Leilas Fteitas scenogr\u0101fij\u0101 un Lor\u0113nas Marinas rad\u012btajos kost\u012bmos pasaules pirmizr\u0101di piedz\u012bvoja 2019. gad\u0101 Parmas Teatro Regio. T\u0101 muzik\u0101lais vad\u012bt\u0101js un diri\u0123ents b\u016bs M\u0101rti\u0146\u0161 Ozoli\u0146\u0161. Iestud\u0113jum\u0101 izmantotas v\u0113sturiskas dekor\u0101cijas, ko scenogr\u0101fs D\u017euzepe Karminj\u0101ni rad\u012bja Masku balles\u00a0iestud\u0113jumam 1913. gad\u0101, ar kuru tika atz\u012bm\u0113ta D\u017euzepes Verdi simtgade.<\/p>\n<p>Pavasar\u012b gaid\u0101mas divu latvie\u0161u autoru jaundarbu pasaules pirmizr\u0101des. \u0112rika E\u0161envalda balets Ilgu zvaigzn\u0101js\u00a0pirmizr\u0101di piedz\u012bvos 9. apr\u012bl\u012b. Jaundarba tap\u0161anu iedvesmojusi sena le\u0123enda par septi\u0146\u0101m debesu m\u0101s\u0101m, kuru nosl\u0113pumi mirdz spo\u017e\u0101k par pa\u0161\u0101m zvaigzn\u0113m. Baletu veido horeogr\u0101fe Milana Komarova, muzik\u0101lais vad\u012bt\u0101js un diri\u0123ents Andris Veismanis, scenogr\u0101fs Ivars Veinbergs, kost\u012bmu m\u0101ksliniece Krist\u012bne Pasternaka, videom\u0101kslinieks Roberts Rub\u012bns un gaismu m\u0101kslinieks Reinis Smiltenis.<\/p>\n","protected":false},"excerpt":{"rendered":"Baleta Sapnis vasaras nakt\u012b\u00a0pirmizr\u0101de gaid\u0101ma 27. novembr\u012b. Pasaules baleta le\u0123enda D\u017eons Neimeiers \u0161o darbu rad\u012bjis Hamburgas baletam 1977.&hellip;\n","protected":false},"author":2,"featured_media":285217,"comment_status":"","ping_status":"","sticky":false,"template":"","format":"standard","meta":{"footnotes":"","_share_on_mastodon":"0"},"categories":[19],"tags":[89,90,35,39,38,36,37,34,40],"class_list":["post-285216","post","type-post","status-publish","format-standard","has-post-thumbnail","category-izklaide","tag-entertainment","tag-izklaide","tag-latvia","tag-latvian","tag-latviesu","tag-latviesu-valoda","tag-latviesuvaloda","tag-latvija","tag-lv"],"share_on_mastodon":{"url":"https:\/\/pubeurope.com\/@lv\/117209377460641733","error":""},"_links":{"self":[{"href":"https:\/\/www.europesays.com\/lv\/wp-json\/wp\/v2\/posts\/285216","targetHints":{"allow":["GET"]}}],"collection":[{"href":"https:\/\/www.europesays.com\/lv\/wp-json\/wp\/v2\/posts"}],"about":[{"href":"https:\/\/www.europesays.com\/lv\/wp-json\/wp\/v2\/types\/post"}],"author":[{"embeddable":true,"href":"https:\/\/www.europesays.com\/lv\/wp-json\/wp\/v2\/users\/2"}],"replies":[{"embeddable":true,"href":"https:\/\/www.europesays.com\/lv\/wp-json\/wp\/v2\/comments?post=285216"}],"version-history":[{"count":0,"href":"https:\/\/www.europesays.com\/lv\/wp-json\/wp\/v2\/posts\/285216\/revisions"}],"wp:featuredmedia":[{"embeddable":true,"href":"https:\/\/www.europesays.com\/lv\/wp-json\/wp\/v2\/media\/285217"}],"wp:attachment":[{"href":"https:\/\/www.europesays.com\/lv\/wp-json\/wp\/v2\/media?parent=285216"}],"wp:term":[{"taxonomy":"category","embeddable":true,"href":"https:\/\/www.europesays.com\/lv\/wp-json\/wp\/v2\/categories?post=285216"},{"taxonomy":"post_tag","embeddable":true,"href":"https:\/\/www.europesays.com\/lv\/wp-json\/wp\/v2\/tags?post=285216"}],"curies":[{"name":"wp","href":"https:\/\/api.w.org\/{rel}","templated":true}]}}