{"id":285218,"date":"2026-09-03T22:10:12","date_gmt":"2026-09-03T22:10:12","guid":{"rendered":"https:\/\/www.europesays.com\/lv\/285218\/"},"modified":"2026-09-03T22:10:12","modified_gmt":"2026-09-03T22:10:12","slug":"riharda-lepera-jelais-tuncis-cieminiem-rada-bazas-izskan-pat-raizes-par-parazitiem-santa","status":"publish","type":"post","link":"https:\/\/www.europesays.com\/lv\/285218\/","title":{"rendered":"Riharda Lepera j\u0113lais tuncis ciemi\u0146iem rada ba\u017eas; izskan pat raizes par paraz\u012btiem \u2014 Santa"},"content":{"rendered":"<p>Riharda Lepera slavenie viesi, nogar\u0161ojot j\u0113lo zivi, s\u0101ka ba\u017e\u012bties, vai taj\u0101 nevar\u0113tu b\u016bt paraz\u012bti. Rais\u012bj\u0101s ar\u012b\u00a0jaut\u0101jumi, k\u0101 \u0161is tuncis visp\u0101r non\u0101cis l\u012bdz vakari\u0146u galdam. K\u0101ds no viesiem jau p\u0113c pirm\u0101 kumosa atzina,\u00a0ka izteikt\u0101s citronu gar\u0161as d\u0113\u013c \u012bsti nevarot saprast, k\u0101 tad gar\u0161o pati zivs.<\/p>\n<p>\u00abMan bija \u013coti, \u013coti citron\u0113ts viss, ko\u00a0j\u016btu &#8211;\u00a0tikai citrons,\u00bb s\u016broj\u0101s dzied\u0101t\u0101ja Nansija Garkalne, tom\u0113r nol\u0113ma\u00a0nobaud\u012bt v\u0113 vien gabali\u0146u.<\/p>\n<p>Pie galda izsan\u0113ja\u00a0ba\u017eas\u00a0par j\u0113las zivs lieto\u0161anu uztur\u0101. M\u016bzi\u0137is\u00a0Horens\u00a0Stalbe aizdom\u0101j\u0101s\u00a0par\u00a0paraz\u012btiem, un ar\u012b citi viesi s\u0101ka \u0161aub\u012bties par to, cik dro\u0161i visp\u0101r ir \u0113st \u0161\u0101du produktu.<\/p>\n<p>\u00abNu, tad jau visp\u0101r neko m\u0113s dz\u012bv\u0113 nevaram \u0113st. Viss ir ind\u012bgs,\u00a0viss ir \u0137\u012bmisks,\u00bb secin\u0101ja\u00a0Garkalne, lai gan atzina, ka \u012bstu baud\u012bjumu no \u0161\u012bs malt\u012btes nav guvusi. Toties aktrise Linda Kalni\u0146a gan ar visu bija apmierin\u0101ta.\u00a0<\/p>\n<p>\u00a0<\/p>\n<p>Riharda izv\u0113le vakari\u0146u gald\u0101 l\u012bdz ar to k\u013c\u016bst par vienu no vakara apspriest\u0101kajiem tematiem &#8211;\u00a0vai tuncis patie\u0161\u0101m ir delikatese, ko nov\u0113rt\u0113s visi viesi, vai ar\u012b aizdomas par t\u0101 svaigumu un paraz\u012btiem b\u016bs gana, lai apet\u012bte pazustu?<\/p>\n<p>        <img decoding=\"async\" class=\"no-convert\" alt=\"\" data-init=\"lazy-image\" src=\"https:\/\/www.europesays.com\/lv\/wp-content\/uploads\/2026\/09\/f2cf6cd96910.jpg\"\/><a target=\"_self\" href=\"https:\/\/www.santa.lv\/raksts\/ievasveseliba\/vai-esi-izbaudijis-latgales-juru-astoni-neparasti-pieturpunkti-latgale-85100\/\" aria-label=\"Vai esi izbaud\u012bjis Latgales j\u016bru? Asto\u0146i neparasti pieturpunkti Latgal\u0113\" rel=\"nofollow noopener\"><\/p>\n<p>Raivis Bah\u0161teins<\/p>\n<p>\t\t\t\t\t\t\tPadalies ar draugiem<\/p>\n","protected":false},"excerpt":{"rendered":"Riharda Lepera slavenie viesi, nogar\u0161ojot j\u0113lo zivi, s\u0101ka ba\u017e\u012bties, vai taj\u0101 nevar\u0113tu b\u016bt paraz\u012bti. Rais\u012bj\u0101s ar\u012b\u00a0jaut\u0101jumi, k\u0101 \u0161is&hellip;\n","protected":false},"author":2,"featured_media":285219,"comment_status":"","ping_status":"","sticky":false,"template":"","format":"standard","meta":{"footnotes":"","_share_on_mastodon":"0"},"categories":[19],"tags":[89,90,35,39,38,36,37,34,40],"class_list":["post-285218","post","type-post","status-publish","format-standard","has-post-thumbnail","category-izklaide","tag-entertainment","tag-izklaide","tag-latvia","tag-latvian","tag-latviesu","tag-latviesu-valoda","tag-latviesuvaloda","tag-latvija","tag-lv"],"share_on_mastodon":{"url":"https:\/\/pubeurope.com\/@lv\/117209401451531019","error":""},"_links":{"self":[{"href":"https:\/\/www.europesays.com\/lv\/wp-json\/wp\/v2\/posts\/285218","targetHints":{"allow":["GET"]}}],"collection":[{"href":"https:\/\/www.europesays.com\/lv\/wp-json\/wp\/v2\/posts"}],"about":[{"href":"https:\/\/www.europesays.com\/lv\/wp-json\/wp\/v2\/types\/post"}],"author":[{"embeddable":true,"href":"https:\/\/www.europesays.com\/lv\/wp-json\/wp\/v2\/users\/2"}],"replies":[{"embeddable":true,"href":"https:\/\/www.europesays.com\/lv\/wp-json\/wp\/v2\/comments?post=285218"}],"version-history":[{"count":0,"href":"https:\/\/www.europesays.com\/lv\/wp-json\/wp\/v2\/posts\/285218\/revisions"}],"wp:featuredmedia":[{"embeddable":true,"href":"https:\/\/www.europesays.com\/lv\/wp-json\/wp\/v2\/media\/285219"}],"wp:attachment":[{"href":"https:\/\/www.europesays.com\/lv\/wp-json\/wp\/v2\/media?parent=285218"}],"wp:term":[{"taxonomy":"category","embeddable":true,"href":"https:\/\/www.europesays.com\/lv\/wp-json\/wp\/v2\/categories?post=285218"},{"taxonomy":"post_tag","embeddable":true,"href":"https:\/\/www.europesays.com\/lv\/wp-json\/wp\/v2\/tags?post=285218"}],"curies":[{"name":"wp","href":"https:\/\/api.w.org\/{rel}","templated":true}]}}