{"id":285228,"date":"2026-09-03T23:09:48","date_gmt":"2026-09-03T23:09:48","guid":{"rendered":"https:\/\/www.europesays.com\/lv\/285228\/"},"modified":"2026-09-03T23:09:48","modified_gmt":"2026-09-03T23:09:48","slug":"dombrava-un-kozlovskis-iztur-uzticibas-balsojumu-saeima-jauns-lv","status":"publish","type":"post","link":"https:\/\/www.europesays.com\/lv\/285228\/","title":{"rendered":"Dombrava un Kozlovskis iztur uztic\u012bbas balsojumu Saeim\u0101 &#8211; Jauns.lv"},"content":{"rendered":"<ol>\n<li><a href=\"https:\/\/news.google.com\/rss\/articles\/CBMilwFBVV95cUxQdWdrUnJoU1BWWXI5WjNEMEwxekVLR1NpbzlxY1pCekIwSThaYkhMLWlSOGhCbkpSejFxUEJsQm9FQzloMkFNNWg5ZjVwMEdLYkJUNEJLUGtMQmVaYzJndXJNUTJfUWV6bldaYVcxYnQxUkpwMnY5TEFRMG4xYWU1MGl4T0RQeF9RSEo4djNXcmlXNk5abHJ3?oc=5\" target=\"_blank\" rel=\"nofollow noopener\">Dombrava un Kozlovskis iztur uztic\u012bbas balsojumu Saeim\u0101<\/a>&nbsp;&nbsp;Jauns.lv<\/li>\n<li><a href=\"https:\/\/news.google.com\/rss\/articles\/CBMiggJBVV95cUxPWFFhbS04TU9DTmFHSTd4VlhQWTlDUUdkVlZjeVp6VE1hNElLYXpmTzJmZ2JVRUVPVXM1VE54dnpJWDJYazNqTUozSnhjeEY5Y1VxYU9iSThCVUJuWVBVMXZmMDJNR2FWbmI3MnI5b1VYOFlWRS0zWUVQMlFBY2dXbWFMWnRfRTNNaUE5YjdyOENLYnh5Tjk1SEV2NnVkZll4dUh4T21VSWtiVHpUbEc2VFFYU3pOU3ZRRm1XMEdHSlRHT1h2Y00zNnFJVUZxaHd5b0hlck9ORThqVWtJS2trYnNIVUpXUkRvaU42ejN0TThLU0hyNUlUR3VKUUMxSjd4bWc?oc=5\" target=\"_blank\" rel=\"nofollow noopener\">Kulberga vald\u012bba p\u0101rvar pirmos demisijas piepras\u012bjumus \u2013 neuztic\u012bbas balsojumu Saeim\u0101 iztur Dombrava un Kozlovskis<\/a>&nbsp;&nbsp;LSM<\/li>\n<li><a href=\"https:\/\/news.google.com\/rss\/articles\/CBMingFBVV95cUxONDR6dC1Db0JDclB6YjNmLVNPdlBkRXI0TkpDOUZPSWJVQUhwX3N5aXN5M2lzdkRNZ3ZBZFA5bk1KMEVXNHF0bmlJbXFYajNqbE52SnhyWUtfdUxWT3lITWRka1IzcmQ2RmJWenFJc1RtdkV2alFJUm5GRGhzY0RVVmdPSlJfYVl5YnFnSzNmM2Y4VDhkZXJCTHRYQTItQQ?oc=5\" target=\"_blank\" rel=\"nofollow noopener\">Foto: Pie Saeimas nama pulc\u0113jas Dombravas atbalst\u012bt\u0101ji<\/a>&nbsp;&nbsp;DELFI<\/li>\n<li><a href=\"https:\/\/news.google.com\/rss\/articles\/CBMiwgFBVV95cUxPRjdva1FSd1pab1prU1l4dnhNZ3JjMGRaTDQtN2drREdLSFJSaGN6bUx1eWkzSjFGSFJZVmJWckd3OEFiaHZDM3FkV3VyRWhOZEZ3QTYtV3hrZDB5Z0NoT3hzeHJhYllHWDNHMzdhNDB6WU45VzN5Q3hnU0pSSXRMN09ndXJGUmZmT0JYVzB3ckl3NDRFZmNOeUhva3IxTGRCQ2E5dk9vMF94SmRYUDc4V1ZwaDAzY2k3eFdRSjFERzFEQQ?oc=5\" target=\"_blank\" rel=\"nofollow noopener\">Rudens sesija s\u0101kas ar spriedzi: Saeima \u0161odien lems par neuztic\u012bbas izteik\u0161anu Dombravam<\/a>&nbsp;&nbsp;Jauns.lv<\/li>\n<li><a href=\"https:\/\/news.google.com\/rss\/articles\/CBMikgFBVV95cUxOQnlRYXNMMkhwOURpU3lTam1iNjJ3a1JZaTJ3RF9uSTVDMHppR0lHM09IZmhmMXZYeHZhbk1RUGN2dUFYWm5WLUYwdmFIRTNGX3RHeVl2R0I3MmctbEpNci0ySGo0cC1jRWtKYnNrWnAydktkUmFDTHdCVUZ5UGFFU2dqV001N2tVcmJubXpxb2pMdw?oc=5\" target=\"_blank\" rel=\"nofollow noopener\">Ar\u012b Kozlovskis iztur uztic\u012bbas balsojumu Saeim\u0101<\/a>&nbsp;&nbsp;Diena<\/li>\n<\/ol>\n","protected":false},"excerpt":{"rendered":"Dombrava un Kozlovskis iztur uztic\u012bbas balsojumu Saeim\u0101&nbsp;&nbsp;Jauns.lv Kulberga vald\u012bba p\u0101rvar pirmos demisijas piepras\u012bjumus \u2013 neuztic\u012bbas balsojumu Saeim\u0101 iztur&hellip;\n","protected":false},"author":2,"featured_media":285229,"comment_status":"","ping_status":"","sticky":false,"template":"","format":"standard","meta":{"footnotes":"","_share_on_mastodon":"0"},"categories":[5],"tags":[23,28,29,32,33,22,30,31,35,39,38,36,37,34,40,20,26,27,24,25,21],"class_list":["post-285228","post","type-post","status-publish","format-standard","has-post-thumbnail","category-aktualitates","tag-aktualitates","tag-breaking-news","tag-breakingnews","tag-featured-news","tag-featurednews","tag-headlines","tag-latest-news","tag-latestnews","tag-latvia","tag-latvian","tag-latviesu","tag-latviesu-valoda","tag-latviesuvaloda","tag-latvija","tag-lv","tag-news","tag-popularakas-zinas","tag-popularakaszinas","tag-top-stories","tag-topstories","tag-zinas"],"share_on_mastodon":{"url":"https:\/\/pubeurope.com\/@lv\/117209636811959392","error":""},"_links":{"self":[{"href":"https:\/\/www.europesays.com\/lv\/wp-json\/wp\/v2\/posts\/285228","targetHints":{"allow":["GET"]}}],"collection":[{"href":"https:\/\/www.europesays.com\/lv\/wp-json\/wp\/v2\/posts"}],"about":[{"href":"https:\/\/www.europesays.com\/lv\/wp-json\/wp\/v2\/types\/post"}],"author":[{"embeddable":true,"href":"https:\/\/www.europesays.com\/lv\/wp-json\/wp\/v2\/users\/2"}],"replies":[{"embeddable":true,"href":"https:\/\/www.europesays.com\/lv\/wp-json\/wp\/v2\/comments?post=285228"}],"version-history":[{"count":0,"href":"https:\/\/www.europesays.com\/lv\/wp-json\/wp\/v2\/posts\/285228\/revisions"}],"wp:featuredmedia":[{"embeddable":true,"href":"https:\/\/www.europesays.com\/lv\/wp-json\/wp\/v2\/media\/285229"}],"wp:attachment":[{"href":"https:\/\/www.europesays.com\/lv\/wp-json\/wp\/v2\/media?parent=285228"}],"wp:term":[{"taxonomy":"category","embeddable":true,"href":"https:\/\/www.europesays.com\/lv\/wp-json\/wp\/v2\/categories?post=285228"},{"taxonomy":"post_tag","embeddable":true,"href":"https:\/\/www.europesays.com\/lv\/wp-json\/wp\/v2\/tags?post=285228"}],"curies":[{"name":"wp","href":"https:\/\/api.w.org\/{rel}","templated":true}]}}