{"id":28523,"date":"2025-10-22T20:12:09","date_gmt":"2025-10-22T20:12:09","guid":{"rendered":"https:\/\/www.europesays.com\/lv\/28523\/"},"modified":"2025-10-22T20:12:09","modified_gmt":"2025-10-22T20:12:09","slug":"princis-endru-20-gadus-nemaksa-iri-vindzora-skandala-detalas","status":"publish","type":"post","link":"https:\/\/www.europesays.com\/lv\/28523\/","title":{"rendered":"Princis Endr\u016b 20 gadus nemaks\u0101 \u012bri Vindzor\u0101: skand\u0101la deta\u013cas"},"content":{"rendered":"<p class=\"descr\">Saska\u0146\u0101 ar The Crown Estate public\u0113to \u012bres l\u012bgumu, princis Endr\u016b vair\u0101k nek\u0101 divas desmitgades nav maks\u0101jis \u012bri par savu Karalisko lo\u017eu, zi\u0146o independent.co.uk<\/p>\n<p>\u012ares l\u012bgum\u0101, kas tika nos\u016bt\u012bts laikrakstam \u201cThe Independent\u201d, zi\u0146ots par aicin\u0101jumiem nodro\u0161in\u0101t p\u0101rredzam\u012bbu attiec\u012bb\u0101 uz karalisk\u0101s \u0123imenes rezidenci, piev\u0113r\u0161oties Endr\u016b 75 gadus ilgai \u012brei par 30 gu\u013camistabu Karalisko lo\u017eu Vindzor\u0101.<\/p>\n<p>L\u012bgum\u0101 teikts, ka Endr\u016b par \u012bri samaks\u0101ja 1 miljonu m\u0101rci\u0146u, k\u0101 ar\u012b vismaz 7,5 miljonus m\u0101rci\u0146u par renov\u0101ciju 2005. gad\u0101. Kop\u0161 2003. gada vi\u0146\u0161 \u012br\u0113 ir maks\u0101jis tikai &#8220;vienu piparu graudu\u201d gad\u0101.<\/p>\n<p>Endr\u016b un vi\u0146a \u0123imenei ir 75 gadu \u012bres l\u012bgums par 30 gu\u013camistabu Karalisko lo\u017eu Vindzor\u0101, kas \u013cauj vi\u0146iem dz\u012bvot \u012bpa\u0161um\u0101 l\u012bdz 2078. gadam. Jaun\u0101k\u0101 atkl\u0101sme pastiprin\u0101s spiedienu uz skand\u0101l\u0101 iesaist\u012bto karalisko \u0123imeni atteikties no Karalisk\u0101s lo\u017eas, kas atrodas 98 akru liel\u0101 \u012bpa\u0161um\u0101 Vindzoras Lielaj\u0101 park\u0101 un tiek nom\u0101ta no kro\u0146a \u012bpa\u0161uma.<\/p>\n<p>Princis piektdien pazi\u0146oja, ka vairs netiks saukts par Jorkas hercogu, sekojot nep\u0101rtrauktaj\u0101m aps\u016bdz\u012bb\u0101m par vi\u0146a attiec\u012bb\u0101m ar <a href=\"https:\/\/nra.lv\/pasaule\/442623-publiskotajos-dokumentos-par-dzimumnoziedznieku-mineti-princis-endru-un-klintons.htm\" data-item-link=\"true\" data-item-id=\"442623\" rel=\"nofollow noopener\" target=\"_blank\">noties\u0101to seksu\u0101lo noziedznieku D\u017eefriju Epst\u012bnu.<\/a><\/p>\n<p>Valsts kases atlases komitejas priek\u0161s\u0113d\u0113t\u0101ja D\u0101ma Mega Hilj\u0113ra nor\u0101d\u012bja, ka parlaments b\u016btu ieinteres\u0113ts izskat\u012bt visus aspektus, kas saist\u012bti ar nodok\u013cu maks\u0101t\u0101ju naudu.<\/p>\n<p>Otrdien vi\u0146a BBC Radio 4 sac\u012bja, ka &#8220;tur, kur pl\u016bst nauda un jo \u012bpa\u0161i tur, kur ir iesaist\u012bta nodok\u013cu maks\u0101t\u0101ju nauda vai nodok\u013cu maks\u0101t\u0101ju intereses, parlamentam ir pien\u0101kums to noskaidrot, un mums ir j\u0101sa\u0146em atbildes&#8221;.<\/p>\n<p>Tikm\u0113r k\u0101ds kabineta ministrs otrdien pazi\u0146oja, ka prin\u010da \u012bres l\u012bgums ir \u201cVi\u0146a Majest\u0101tes Kara\u013ca jaut\u0101jums\u201d, ta\u010du teica, ka karalis ir r\u012bkojies \u201cizl\u0113m\u012bgi\u201d.<\/p>\n<p>Parlament\u0101rie\u0161i turpina paust ba\u017eas par princi Endr\u016b, un viens augsta ranga konservat\u012bvais p\u0101rst\u0101vis otrdien teica, ka kara\u013ca br\u0101lim vajadz\u0113tu dz\u012bvot \u201cpiln\u012bgi priv\u0101tu dz\u012bvi\u201d.<\/p>\n<p>\u0112nu tieslietu ministrs Roberts D\u017eenriks BBC Breakfast sac\u012bja, ka \u201csabiedr\u012bba ir apnicis prin\u010da Endr\u016b un kait\u0113jums, ko vi\u0146\u0161 ir nodar\u012bjis m\u016bsu karalisk\u0101s \u0123imenes un \u0161\u012bs valsts reput\u0101cijai\u201d.<\/p>\n<p>Tikm\u0113r SNP ir iesniegusi agr\u012bnas dienas priek\u0161likumu, aicinot \u201cvald\u012bbu veikt likumdo\u0161anas pas\u0101kumus, lai atceltu princim Endr\u016b pie\u0161\u0137irto hercogisma statusu\u201d.<\/p>\n<p>Vird\u017e\u012bnijas D\u017eufras p\u0113cn\u0101ves memu\u0101ri tiks public\u0113ti otrdien, un tajos b\u016bs vair\u0101k inform\u0101cijas par apgalvojumiem, ka vi\u0146iem tr\u012bs reizes bija seksu\u0101las attiec\u012bbas. Princis Endr\u016b vienm\u0113r ir stingri noliedzis aps\u016bdz\u012bbas, kas saist\u012btas ar D\u017eufru.<\/p>\n<p>Pirmdien da\u017ei deput\u0101ti piepras\u012bja parlamentam at\u0146emt vi\u0146am titulus, un pieauga spiediens uz \u012bpa\u0161umu, lai tas atkl\u0101tu vair\u0101k deta\u013cu par \u012bres l\u012bgumu, jo pieauga aicin\u0101jumi Endr\u016b p\u0101rcelties.<\/p>\n<p>Atbildot uz piepras\u012bjumu par \u0161o jaut\u0101jumu, kro\u0146a \u012bpa\u0161ums nos\u016bt\u012bja laikrakstam \u201cThe Independent\u201d 2003. gad\u0101 nosl\u0113gt\u0101 nomas l\u012bguma kopiju, par kuru Endr\u016b samaks\u0101ja 1 miljonu m\u0101rci\u0146u, un vi\u0146am bija j\u0101veic 7,5 miljonu m\u0101rci\u0146u v\u0113rta renov\u0101cija II pak\u0101pes sarakst\u0101 iek\u013cautaj\u0101 \u012bpa\u0161um\u0101.<\/p>\n<p>L\u012bgum\u0101 teikts, ka \u012bpa\u0161ums var lauzt l\u012bgumu, ja \u012bre netiek maks\u0101ta 21 dienu vai ja tiek p\u0101rk\u0101pts \u012brnieka l\u012bgums.<\/p>\n<p>Dokument\u0101 ar\u012b teikts, ka \u012brniekam ir j\u0101uztur un j\u0101saglab\u0101 teritorija lab\u0101 un pien\u0101c\u012bg\u0101 k\u0101rt\u012bb\u0101, un ka \u0113ka j\u0101p\u0101rkr\u0101so ik p\u0113c pieciem gadiem. Kro\u0146a \u012bpa\u0161umam ir ar\u012b ties\u012bbas veikt p\u0101rbaudi \u201cp\u0113c sapr\u0101t\u012bga br\u012bdin\u0101juma\u201d.<\/p>\n<p>\t\t\t\t\t\tinfo<\/p>\n<p>Uzzini pirmais<br \/>kas interesants noticis Latvij\u0101 un pasaul\u0113,<br \/>pievienojoties mums <a href=\"https:\/\/t.me\/neatkariga\" rel=\"nofollow\">Telegram<\/a> vai <a href=\"https:\/\/whatsapp.com\/channel\/0029VaMLFUH5K3zLU5s4wm3y\" rel=\"nofollow noopener\" target=\"_blank\">Whatsapp<\/a> kan\u0101l\u0101<\/p>\n","protected":false},"excerpt":{"rendered":"Saska\u0146\u0101 ar The Crown Estate public\u0113to \u012bres l\u012bgumu, princis Endr\u016b vair\u0101k nek\u0101 divas desmitgades nav maks\u0101jis \u012bri par&hellip;\n","protected":false},"author":2,"featured_media":28524,"comment_status":"","ping_status":"","sticky":false,"template":"","format":"standard","meta":{"footnotes":""},"categories":[5],"tags":[23,28,29,32,33,22,30,31,35,39,38,36,37,34,40,20,26,27,24,25,21],"class_list":{"0":"post-28523","1":"post","2":"type-post","3":"status-publish","4":"format-standard","5":"has-post-thumbnail","7":"category-aktualitates","8":"tag-aktualitates","9":"tag-breaking-news","10":"tag-breakingnews","11":"tag-featured-news","12":"tag-featurednews","13":"tag-headlines","14":"tag-latest-news","15":"tag-latestnews","16":"tag-latvia","17":"tag-latvian","18":"tag-latviesu","19":"tag-latviesu-valoda","20":"tag-latviesuvaloda","21":"tag-latvija","22":"tag-lv","23":"tag-news","24":"tag-popularakas-zinas","25":"tag-popularakaszinas","26":"tag-top-stories","27":"tag-topstories","28":"tag-zinas"},"share_on_mastodon":{"url":"","error":""},"_links":{"self":[{"href":"https:\/\/www.europesays.com\/lv\/wp-json\/wp\/v2\/posts\/28523","targetHints":{"allow":["GET"]}}],"collection":[{"href":"https:\/\/www.europesays.com\/lv\/wp-json\/wp\/v2\/posts"}],"about":[{"href":"https:\/\/www.europesays.com\/lv\/wp-json\/wp\/v2\/types\/post"}],"author":[{"embeddable":true,"href":"https:\/\/www.europesays.com\/lv\/wp-json\/wp\/v2\/users\/2"}],"replies":[{"embeddable":true,"href":"https:\/\/www.europesays.com\/lv\/wp-json\/wp\/v2\/comments?post=28523"}],"version-history":[{"count":0,"href":"https:\/\/www.europesays.com\/lv\/wp-json\/wp\/v2\/posts\/28523\/revisions"}],"wp:featuredmedia":[{"embeddable":true,"href":"https:\/\/www.europesays.com\/lv\/wp-json\/wp\/v2\/media\/28524"}],"wp:attachment":[{"href":"https:\/\/www.europesays.com\/lv\/wp-json\/wp\/v2\/media?parent=28523"}],"wp:term":[{"taxonomy":"category","embeddable":true,"href":"https:\/\/www.europesays.com\/lv\/wp-json\/wp\/v2\/categories?post=28523"},{"taxonomy":"post_tag","embeddable":true,"href":"https:\/\/www.europesays.com\/lv\/wp-json\/wp\/v2\/tags?post=28523"}],"curies":[{"name":"wp","href":"https:\/\/api.w.org\/{rel}","templated":true}]}}