{"id":285238,"date":"2026-09-04T00:04:17","date_gmt":"2026-09-04T00:04:17","guid":{"rendered":"https:\/\/www.europesays.com\/lv\/285238\/"},"modified":"2026-09-04T00:04:17","modified_gmt":"2026-09-04T00:04:17","slug":"airbaltic-vienojies-par-starpfinansejuma-nosacijumiem-lidz-257-miljonu-eiro-emites-jaunas-obligacijas-plkst-2050-delfi","status":"publish","type":"post","link":"https:\/\/www.europesays.com\/lv\/285238\/","title":{"rendered":"&quot;airBaltic&quot; vienojies par starpfinans\u0113juma nosac\u012bjumiem l\u012bdz 257 miljonu eiro; emit\u0113s jaunas oblig\u0101cijas (plkst. 20:50) &#8211; DELFI"},"content":{"rendered":"<ol>\n<li><a href=\"https:\/\/news.google.com\/rss\/articles\/CBMihAJBVV95cUxQY2UzbEVRTVFWZXVJTlA1XzVYTWVnWmtUOHhQbFJmUlB3LS1BRjdFeVc2RTJPSmpmNG9KYW1BSHdhOF9KWU9iMkN4WmxhR2taN3V5TEE2Q3dBby1EdXVNcG9MdzlBaWtObnFYUUwzR2Qzb1lDcUljSWp3UUdQeFAzRlBXdldYRHhnOG4yU2Y0MU9OUjNEc0Q3a0NkdEZ5NXQ0V1VqeFM3Uk9WVzJkN29keFhyUzhLclkxX3dyZTRfaGpvTEZOdjlJS0lMYm4xWmI2eVdzVG1PNERYZ1lRRUZxY215VUQ3QkJTeGxhLTE4SWI3RzhoUDczZ2ZOTFdYSHNadjNCeQ?oc=5\" target=\"_blank\" rel=\"nofollow noopener\">&#8220;airBaltic&#8221; vienojies par starpfinans\u0113juma nosac\u012bjumiem l\u012bdz 257 miljonu eiro; emit\u0113s jaunas oblig\u0101cijas (plkst. 20:50)<\/a>&nbsp;&nbsp;DELFI<\/li>\n<li><a href=\"https:\/\/news.google.com\/rss\/articles\/CBMiwwFBVV95cUxQNWl2MFhKcG5VajE2WnJpd1RaSEc0NjlUZ3M5WVVua0pIMzh1QWFvMXZuUTZLcWo1RjltMFhCWFprZFNGTzY2TFV3U2JEWnd0aFlJNWtOaHFiNzkzb0ZxTHZncHFDYWpxVFowcnB3RzlHZnFOZ1htRERYNmpuRXV0TTFvVGw2djgzNDRjZWR5RkFiQkFLMzRsV3laZG05RWk2S3k4eTdSSkZtY0lLbWh6ZUQxLWk5dlh4ZVFQUGtIVjN6VUE?oc=5\" target=\"_blank\" rel=\"nofollow noopener\">&#8220;airBaltic&#8221; vienojusies par starpfinans\u0113juma nosac\u012bjumiem l\u012bdz 257 miljonu eiro apm\u0113r\u0101 ar 25% likmi<\/a>&nbsp;&nbsp;TVNET<\/li>\n<li><a href=\"https:\/\/news.google.com\/rss\/articles\/CBMilwFBVV95cUxNR1o3VGF4aVJjZHF0YllwOGJwTV9TLU5zamxBYWkzLU5oRUpfOHkzTHYzS2dnLWVQOVFSUS1sVzJXNm5OSXBhN1RVcEUzb0VlZkxHWTdzdGdzaWhmajV1WGdfNFhSNnNreHJDb3RRTmVJRzBvb0ZsQ3ZqQjk5Rk9XR1FnaW1IaWl1clQwc2ZkdHFiRWpwM2F3?oc=5\" target=\"_blank\" rel=\"nofollow noopener\">Runa ir par pla\u0161\u0101ku ietekmi uz visu tautsaimniec\u012bbu<\/a>&nbsp;&nbsp;Diena<\/li>\n<li><a href=\"https:\/\/news.google.com\/rss\/articles\/CBMiugFBVV95cUxOWjVibG14cWtsVmdicDB6N09MdWdmX3BOREJrYWM2bkowZklKVnRKQnpIbTdsNHpMc0pUaF9yanhkTFpSMG1nV1Z3RHBkajgyTUFLRUdrSWhrWU0wQzlac1JZdG9PNWtyRTA2TnNpN1ItLTJ0RHhtbXhucnFZR3UxM1htcXU3dnhJZ3o4ZjRYOGEwVzFURF9kdWY4QUl4d3NRamRqZnhjWmRjNk9vejV6SXEtX0NsWThDYlE?oc=5\" target=\"_blank\" rel=\"nofollow noopener\">\u00abairBaltic\u00bb vienojas par aiz\u0146\u0113mumu l\u012bdz 257 miljoniem eiro \/ Raksts<\/a>&nbsp;&nbsp;LSM<\/li>\n<li><a href=\"https:\/\/news.google.com\/rss\/articles\/CBMiwAFBVV95cUxPdlR1X214Vk43bnRwOXlNT3Z6MXJidFRFMnYwZzUwbjF5QnZmcm9OV044Q2phYXoxU05lTmtTUWxCbFY3T1JEN0t5eTd2aXdWYmJfRVVPYWVWLU5DRGs5aXNVYUw4ODJkN3NPd0FPZG00OHdnRXMzUVM0Z0hweU15eEFlQ3k3cFpyTGM0ZWtBSXpLX0J2MHZaUjZwSV9oMmtQNHlVLWF4eFdvZXpPXzlMRFNGbC1mZ2wxUkpSRkpWclY?oc=5\" target=\"_blank\" rel=\"nofollow noopener\">&#8220;airBaltic&#8221; vienojas par l\u012bdz 257 miljonu eiro lielu starpfinans\u0113jumu<\/a>&nbsp;&nbsp;Inbox.lv<\/li>\n<\/ol>\n","protected":false},"excerpt":{"rendered":"&#8220;airBaltic&#8221; vienojies par starpfinans\u0113juma nosac\u012bjumiem l\u012bdz 257 miljonu eiro; emit\u0113s jaunas oblig\u0101cijas (plkst. 20:50)&nbsp;&nbsp;DELFI &#8220;airBaltic&#8221; vienojusies par starpfinans\u0113juma&hellip;\n","protected":false},"author":2,"featured_media":285239,"comment_status":"","ping_status":"","sticky":false,"template":"","format":"standard","meta":{"footnotes":"","_share_on_mastodon":"0"},"categories":[5],"tags":[3307,23,1133,28,29,32,33,22,30,31,35,39,38,36,37,34,40,20,10627,26,27,1529,24,25,21],"class_list":["post-285238","post","type-post","status-publish","format-standard","has-post-thumbnail","category-aktualitates","tag-airbaltic","tag-aktualitates","tag-aviacija","tag-breaking-news","tag-breakingnews","tag-featured-news","tag-featurednews","tag-headlines","tag-latest-news","tag-latestnews","tag-latvia","tag-latvian","tag-latviesu","tag-latviesu-valoda","tag-latviesuvaloda","tag-latvija","tag-lv","tag-news","tag-obligacijas","tag-popularakas-zinas","tag-popularakaszinas","tag-satiksme","tag-top-stories","tag-topstories","tag-zinas"],"share_on_mastodon":{"url":"https:\/\/pubeurope.com\/@lv\/117209848965381701","error":""},"_links":{"self":[{"href":"https:\/\/www.europesays.com\/lv\/wp-json\/wp\/v2\/posts\/285238","targetHints":{"allow":["GET"]}}],"collection":[{"href":"https:\/\/www.europesays.com\/lv\/wp-json\/wp\/v2\/posts"}],"about":[{"href":"https:\/\/www.europesays.com\/lv\/wp-json\/wp\/v2\/types\/post"}],"author":[{"embeddable":true,"href":"https:\/\/www.europesays.com\/lv\/wp-json\/wp\/v2\/users\/2"}],"replies":[{"embeddable":true,"href":"https:\/\/www.europesays.com\/lv\/wp-json\/wp\/v2\/comments?post=285238"}],"version-history":[{"count":0,"href":"https:\/\/www.europesays.com\/lv\/wp-json\/wp\/v2\/posts\/285238\/revisions"}],"wp:featuredmedia":[{"embeddable":true,"href":"https:\/\/www.europesays.com\/lv\/wp-json\/wp\/v2\/media\/285239"}],"wp:attachment":[{"href":"https:\/\/www.europesays.com\/lv\/wp-json\/wp\/v2\/media?parent=285238"}],"wp:term":[{"taxonomy":"category","embeddable":true,"href":"https:\/\/www.europesays.com\/lv\/wp-json\/wp\/v2\/categories?post=285238"},{"taxonomy":"post_tag","embeddable":true,"href":"https:\/\/www.europesays.com\/lv\/wp-json\/wp\/v2\/tags?post=285238"}],"curies":[{"name":"wp","href":"https:\/\/api.w.org\/{rel}","templated":true}]}}