{"id":285244,"date":"2026-09-04T00:59:32","date_gmt":"2026-09-04T00:59:32","guid":{"rendered":"https:\/\/www.europesays.com\/lv\/285244\/"},"modified":"2026-09-04T00:59:32","modified_gmt":"2026-09-04T00:59:32","slug":"planots-paplasinat-elektroliniju-trases-lai-mazinatu-krituso-koku-raditos-bojajumus-un-elektroapgades-partraukumus-2","status":"publish","type":"post","link":"https:\/\/www.europesays.com\/lv\/285244\/","title":{"rendered":"Pl\u0101nots papla\u0161in\u0101t elektrol\u012bniju trases, lai mazin\u0101tu kritu\u0161o koku rad\u012btos boj\u0101jumus un elektroapg\u0101des p\u0101rtraukumus"},"content":{"rendered":"<p>Lai mazin\u0101tu risku, ka apdz\u012bvotas vietas p\u0113c stipr\u0101m v\u0113tr\u0101m ilgsto\u0161i paliek bez elektroapg\u0101des, pl\u0101nots papla\u0161in\u0101t no kokiem att\u012br\u0101mo joslu zem 110 kilovoltu (kV) elektrol\u012bniju tras\u0113m. To paredz ceturtdien, 3. septembr\u012b, par steidzamiem atz\u012btie un Saeim\u0101 konceptu\u0101li atbalst\u012btie\u00a0<a href=\"https:\/\/titania.saeima.lv\/LIVS14\/saeimalivs14.nsf\/webSasaiste?OpenView&amp;restricttocategory=1515\/Lp14\" target=\"_blank\" rel=\"nofollow noopener\">groz\u012bjumi Aizsargjoslu likum\u0101<\/a>. Groz\u012bjumus izstr\u0101d\u0101jusi Tautsaimniec\u012bbas, agr\u0101r\u0101s, vides un re\u0123ion\u0101l\u0101s politikas komisija.<\/p>\n<p>110 kV l\u012bnijas ir t\u0101s, kas nodro\u0161ina elektroener\u0123ijas p\u0101rvadi no lielaj\u0101m elektrostacij\u0101m un starptautiskajiem ma\u0123istr\u0101lajiem t\u012bkliem l\u012bdz re\u0123ion\u0101laj\u0101m apak\u0161stacij\u0101m, no kur\u0101m t\u0101 tiek pieg\u0101d\u0101ta iedz\u012bvot\u0101jiem. Nupat piedz\u012bvotaj\u0101 v\u0113tr\u0101 vair\u0101k nek\u0101 70 procentus boj\u0101jumu \u0161\u012bm elektrol\u012bnij\u0101m rad\u012bja kr\u012bto\u0161i koki, kas auga 18 metru josl\u0101 no elektrol\u012bnijas ass, Tautsaimniec\u012bbas komisijas s\u0113d\u0113 iepriek\u0161 nor\u0101d\u012bja AS \u201cAugstsprieguma t\u012bkls\u201d.<\/p>\n<p>Patlaban aizsargjoslas platums zem \u0161\u012bm elektrol\u012bnij\u0101m ir 35 metri, bet piln\u012bb\u0101 no kokiem un kr\u016bmiem j\u0101att\u012bra 13 metrus plata josla katr\u0101 pus\u0113 no elektrol\u012bnijas ass. Pl\u0101nots \u0161o joslu papla\u0161in\u0101t l\u012bdz 18 metriem katr\u0101 pus\u0113.<\/p>\n<p>\u201cNesen\u0101 v\u0113tra aktualiz\u0113ja ne tikai elektroapg\u0101des dro\u0161uma, bet ar\u012b pla\u0161\u0101kus civil\u0101s aizsardz\u012bbas un kritisk\u0101s infrastrukt\u016bras notur\u012bbas jaut\u0101jumus. Nav pie\u013caujams, ka iedz\u012bvot\u0101ji ilgsto\u0161i paliek bez elektr\u012bbas un sakariem,\u201d iepriek\u0161 uzsv\u0113ra Tautsaimniec\u012bbas komisijas priek\u0161s\u0113d\u0113t\u0101js Arvils A\u0161eradens. Komisijas pied\u0101v\u0101tais risin\u0101jums \u013cautu samazin\u0101t kr\u012bto\u0161u koku rad\u012btos gaisvadu l\u012bniju boj\u0101jumus par aptuveni 80 procentiem, vi\u0146\u0161 nor\u0101d\u012bja.<\/p>\n<p>T\u0101pat A.A\u0161eradens pauda, ka Tautsaimniec\u012bbas komisija tuv\u0101kaj\u0101 laik\u0101 aicin\u0101s atbild\u012bg\u0101s ministrijas kop\u0101 mekl\u0113t risin\u0101jumus ener\u0123\u0113tisk\u0101s autonomijas, degvielas pieejam\u012bbas un sakaru notur\u012bbas stiprin\u0101\u0161anai n\u0101kotn\u0113.<\/p>\n<p>\u0160\u0101 gada 22.august\u0101 un nakt\u012b uz 23.augustu teju visu Latvijas teritoriju sk\u0101ra sp\u0113c\u012bga v\u0113tra, k\u0101 rezult\u0101t\u0101 aptuveni 280 000 m\u0101jsaimniec\u012bbu tika trauc\u0113ta elektroapg\u0101de. Pla\u0161\u0101kie boj\u0101jumi un elektroapg\u0101des p\u0101rr\u0101vumi bija valsts centr\u0101laj\u0101 da\u013c\u0101 un dienvidaustrumos. T\u0101pat bija trauc\u0113ti mobilie sakari. \u0160\u012b v\u0113tra atz\u012bta par sp\u0113c\u012bg\u0101ko vasaras v\u0113tru kop\u0161 1966.gada.<\/p>\n<p>Lai izmai\u0146as st\u0101tos sp\u0113k\u0101, t\u0101s Saeimai j\u0101atbalsta gal\u012bgaj\u0101 las\u012bjum\u0101.<\/p>\n<p>          <img decoding=\"async\" src=\"https:\/\/www.europesays.com\/lv\/wp-content\/uploads\/2026\/09\/1788483572_928_logo-lv.png\" alt=\"\"\/><\/p>\n<p>                  \u0160\u012b inform\u0101cija ir publisks pazi\u0146ojums un neatspogu\u013co LV port\u0101la viedokli. Par t\u0101s saturu atbild ies\u016bt\u012bt\u0101js. <a data-popup=\"rules\">Public\u0113\u0161anas noteikumi<\/a><\/p>\n","protected":false},"excerpt":{"rendered":"Lai mazin\u0101tu risku, ka apdz\u012bvotas vietas p\u0113c stipr\u0101m v\u0113tr\u0101m ilgsto\u0161i paliek bez elektroapg\u0101des, pl\u0101nots papla\u0161in\u0101t no kokiem att\u012br\u0101mo&hellip;\n","protected":false},"author":2,"featured_media":285245,"comment_status":"","ping_status":"","sticky":false,"template":"","format":"standard","meta":{"footnotes":"","_share_on_mastodon":"0"},"categories":[5],"tags":[23,28,29,32,33,22,30,31,35,39,38,36,37,34,40,20,26,27,24,25,21],"class_list":["post-285244","post","type-post","status-publish","format-standard","has-post-thumbnail","category-aktualitates","tag-aktualitates","tag-breaking-news","tag-breakingnews","tag-featured-news","tag-featurednews","tag-headlines","tag-latest-news","tag-latestnews","tag-latvia","tag-latvian","tag-latviesu","tag-latviesu-valoda","tag-latviesuvaloda","tag-latvija","tag-lv","tag-news","tag-popularakas-zinas","tag-popularakaszinas","tag-top-stories","tag-topstories","tag-zinas"],"share_on_mastodon":{"url":"https:\/\/pubeurope.com\/@lv\/117210065697227174","error":""},"_links":{"self":[{"href":"https:\/\/www.europesays.com\/lv\/wp-json\/wp\/v2\/posts\/285244","targetHints":{"allow":["GET"]}}],"collection":[{"href":"https:\/\/www.europesays.com\/lv\/wp-json\/wp\/v2\/posts"}],"about":[{"href":"https:\/\/www.europesays.com\/lv\/wp-json\/wp\/v2\/types\/post"}],"author":[{"embeddable":true,"href":"https:\/\/www.europesays.com\/lv\/wp-json\/wp\/v2\/users\/2"}],"replies":[{"embeddable":true,"href":"https:\/\/www.europesays.com\/lv\/wp-json\/wp\/v2\/comments?post=285244"}],"version-history":[{"count":0,"href":"https:\/\/www.europesays.com\/lv\/wp-json\/wp\/v2\/posts\/285244\/revisions"}],"wp:featuredmedia":[{"embeddable":true,"href":"https:\/\/www.europesays.com\/lv\/wp-json\/wp\/v2\/media\/285245"}],"wp:attachment":[{"href":"https:\/\/www.europesays.com\/lv\/wp-json\/wp\/v2\/media?parent=285244"}],"wp:term":[{"taxonomy":"category","embeddable":true,"href":"https:\/\/www.europesays.com\/lv\/wp-json\/wp\/v2\/categories?post=285244"},{"taxonomy":"post_tag","embeddable":true,"href":"https:\/\/www.europesays.com\/lv\/wp-json\/wp\/v2\/tags?post=285244"}],"curies":[{"name":"wp","href":"https:\/\/api.w.org\/{rel}","templated":true}]}}