{"id":285256,"date":"2026-09-04T01:24:20","date_gmt":"2026-09-04T01:24:20","guid":{"rendered":"https:\/\/www.europesays.com\/lv\/285256\/"},"modified":"2026-09-04T01:24:20","modified_gmt":"2026-09-04T01:24:20","slug":"tris-zodiaka-zimes-kuram-septembris-var-atnest-liktenigu-iepazisanos-1188-lv","status":"publish","type":"post","link":"https:\/\/www.europesays.com\/lv\/285256\/","title":{"rendered":"Tr\u012bs Zodiaka z\u012bmes, kur\u0101m septembris var atnest likten\u012bgu iepaz\u012b\u0161anos &#8211; 1188.lv"},"content":{"rendered":"<ol>\n<li><a href=\"https:\/\/news.google.com\/rss\/articles\/CBMiqAFBVV95cUxQdmZ6WnRxOVprYXJ6SFJLTXFzRmtHVUtLQWQ5Z2ZzUS1WTTRUVy12Z0paNnFoX2ZFN1BDOTdKOGVXUFFaUXZPd1l1Y3lxMVdjMDJ0RkpWQjlUSEV0M2lDSlNBaFgwVmNCSjJEZ0phb3JWR1FoMkhianNVZ2RkWUx0SUhoWDRrY2oyVXZaSW1ZeVVDSHltdjFKeGYxaElPV29sT1RlNzVFdnU?oc=5\" target=\"_blank\" rel=\"nofollow noopener\">Tr\u012bs Zodiaka z\u012bmes, kur\u0101m septembris var atnest likten\u012bgu iepaz\u012b\u0161anos<\/a>&nbsp;&nbsp;1188.lv<\/li>\n<li><a href=\"https:\/\/news.google.com\/rss\/articles\/CBMioAFBVV95cUxNazcwb0syM3M4V0UyVHpNdk9sTEI3UnFIYjN1NXJOYnlGSlE0SUtMTFc4SnhtUGwxVXRpckF6bWlwQkFqUHI0VlduUWJUTDRmUnVOSXZEaFJ0ZEEtZzk4VWFJTUVvREJGZ051N0tTaXpqX2JPMXBSVlJSOGEwaS1uNFZIT2xBXzFYVk5abW93R1QtZE5wdW40UUxuRFhDWVhk?oc=5\" target=\"_blank\" rel=\"nofollow noopener\">Septembris b\u016bs gr\u016bts: \u0161\u012bm zodiaka z\u012bm\u0113m nevajadz\u0113tu steigties ar l\u0113mumu pie\u0146em\u0161anu<\/a>&nbsp;&nbsp;la.lv<\/li>\n<li><a href=\"https:\/\/news.google.com\/rss\/articles\/CBMivwFBVV95cUxNVnREUEJnc0NLWUF0aFBuQ0dQX3BZZnloVU02VEJwYTUzZGdXLUdQeFZSalZYRkpYWnZaQXdEVzFXalZpSVhVZnhuMlctLUZCdF80cXFrSVNnT3VnVkJUbTZId04xdXcxdUVEeVg5WVVTUi1SeWtLZ0k0dGpaRFhWQjNGUUswc3VhbzJnWFpvZW1KQVFIUGhJanA0X2VvcFVKNjBpb09hLWh6bWpfV3FfTEFIZWtzOTFxZnZSSGlwYw?oc=5\" target=\"_blank\" rel=\"nofollow noopener\">Laiks spert pirmo soli! Ko astrolo\u0123e Inita Dil\u0101ne prognoz\u0113 no 3. l\u012bdz 9. septembrim?<\/a>&nbsp;&nbsp;Santa.lv<\/li>\n<li><a href=\"https:\/\/news.google.com\/rss\/articles\/CBMiqgFBVV95cUxNaXJ1QXFjWUp6aU85YlFKRFFUVkZqTENCeVVPVGd5Sm5td3pQbG9mWE1sVVQ3VFlqZzRnN0U4SlhkSjE5cWM4MkZjWUt4c0VJWDVsWW9xdm50bW9NMFZPUVJvUzN4WmNNbGh0S2dGYVBuQjkzQk1CQnJIOThHSE8wenA5bG1sb3dfd2FTc3ZEc2hYbEMxRnBuUUpEaU5wTzZuSE9GUVVVeUk3UQ?oc=5\" target=\"_blank\" rel=\"nofollow noopener\">Astrolo\u0123isk\u0101 prognoze. Lielais septembra m\u0113ne\u0161a horoskops vis\u0101m zodiaka z\u012bm\u0113m<\/a>&nbsp;&nbsp;Apollo.lv<\/li>\n<li><a href=\"https:\/\/news.google.com\/rss\/articles\/CBMisAFBVV95cUxQMGkzdTVzb1Q3RjVjQmNIc21zNXhhejRMYklBSm0yYWMwa1lvQXFsQ0tOWnZ5MFE2X09sMXZBbGZKN1Y2Rno4aUQxblk4SlJlV2VzODFzbmhCY1A3ZERXWHJuOXdfbjlZVmtqckxXbFBQa0VBRURtT2twbmJzREEybzNJSnFGLV95WjBSSEVPSm44Yk44V2xWOVNkcWQwSUtiOUxrc1ZyWVN6Z0J3ZUdvOA?oc=5\" target=\"_blank\" rel=\"nofollow noopener\">Ko Ugun\u012bg\u0101 Gai\u013ca m\u0113nesis sola katrai Zodiaka z\u012bmei? \u0136\u012bnie\u0161u horoskops septembrim<\/a>&nbsp;&nbsp;1188.lv<\/li>\n<\/ol>\n","protected":false},"excerpt":{"rendered":"Tr\u012bs Zodiaka z\u012bmes, kur\u0101m septembris var atnest likten\u012bgu iepaz\u012b\u0161anos&nbsp;&nbsp;1188.lv Septembris b\u016bs gr\u016bts: \u0161\u012bm zodiaka z\u012bm\u0113m nevajadz\u0113tu steigties ar&hellip;\n","protected":false},"author":2,"featured_media":285257,"comment_status":"","ping_status":"","sticky":false,"template":"","format":"standard","meta":{"footnotes":"","_share_on_mastodon":"0"},"categories":[19],"tags":[129,1749,23533,1746,89,90,35,39,38,36,37,34,40,42387,23534,1750,23535,1751,42388],"class_list":["post-285256","post","type-post","status-publish","format-standard","has-post-thumbnail","category-izklaide","tag-__typenameadvicekeyword","tag-id1557","tag-id1987","tag-id98","tag-entertainment","tag-izklaide","tag-latvia","tag-latvian","tag-latviesu","tag-latviesu-valoda","tag-latviesuvaloda","tag-latvija","tag-lv","tag-sluggoroskop","tag-slughoroskops-2026","tag-slugzodiaka-zime","tag-titlehoroskops-2026","tag-titlezodiaka-zime","tag-title"],"share_on_mastodon":{"url":"https:\/\/pubeurope.com\/@lv\/117210163841516577","error":""},"_links":{"self":[{"href":"https:\/\/www.europesays.com\/lv\/wp-json\/wp\/v2\/posts\/285256","targetHints":{"allow":["GET"]}}],"collection":[{"href":"https:\/\/www.europesays.com\/lv\/wp-json\/wp\/v2\/posts"}],"about":[{"href":"https:\/\/www.europesays.com\/lv\/wp-json\/wp\/v2\/types\/post"}],"author":[{"embeddable":true,"href":"https:\/\/www.europesays.com\/lv\/wp-json\/wp\/v2\/users\/2"}],"replies":[{"embeddable":true,"href":"https:\/\/www.europesays.com\/lv\/wp-json\/wp\/v2\/comments?post=285256"}],"version-history":[{"count":0,"href":"https:\/\/www.europesays.com\/lv\/wp-json\/wp\/v2\/posts\/285256\/revisions"}],"wp:featuredmedia":[{"embeddable":true,"href":"https:\/\/www.europesays.com\/lv\/wp-json\/wp\/v2\/media\/285257"}],"wp:attachment":[{"href":"https:\/\/www.europesays.com\/lv\/wp-json\/wp\/v2\/media?parent=285256"}],"wp:term":[{"taxonomy":"category","embeddable":true,"href":"https:\/\/www.europesays.com\/lv\/wp-json\/wp\/v2\/categories?post=285256"},{"taxonomy":"post_tag","embeddable":true,"href":"https:\/\/www.europesays.com\/lv\/wp-json\/wp\/v2\/tags?post=285256"}],"curies":[{"name":"wp","href":"https:\/\/api.w.org\/{rel}","templated":true}]}}