{"id":285258,"date":"2026-09-04T01:25:13","date_gmt":"2026-09-04T01:25:13","guid":{"rendered":"https:\/\/www.europesays.com\/lv\/285258\/"},"modified":"2026-09-04T01:25:13","modified_gmt":"2026-09-04T01:25:13","slug":"latvijas-florbola-savieniba-lv-2025-2026-jaunumi-junioru-izlases-kandidatiem-tris-dienu-treninnometne-somija","status":"publish","type":"post","link":"https:\/\/www.europesays.com\/lv\/285258\/","title":{"rendered":"Latvijas Florbola savien\u012bba \u00bb LV \u00bb 2025\/2026 \u00bb Jaunumi \u00bb Junioru izlases kandid\u0101tiem tr\u012bs dienu treni\u0146nometne Somij\u0101"},"content":{"rendered":"<p>Junioru izlases kandid\u0101tiem tr\u012bs dienu treni\u0146nometne Somij\u0101<\/p>\n<p><\/p>\n<p>\t\t\t\t\t<img decoding=\"async\" src=\"https:\/\/www.europesays.com\/lv\/wp-content\/uploads\/2026\/09\/img_2759.jpeg\" class=\"news-title-image\" width=\"292.5\" alt=\"img_2759.jpeg\" title=\"Junioru izlases kandid\u0101tiem tr\u012bs dienu treni\u0146nometne Somij\u0101\" \/><\/p>\n<p style=\"text-align: justify;\">\u0160odien 23 Latvijas U19 florbola izlases kandid\u0101ti sava galven\u0101 trenera Arta Raituma vad\u012bb\u0101 dev\u0101s uz Somiju, lai tur aizvad\u012btu tr\u012bs dienas ilgu treni\u0146nometni, kuras laik\u0101 m\u016bsu jaunie florbolisti ne tikai piedal\u012bsies treni\u0146os, bet ar\u012b aizvad\u012bs tr\u012bs p\u0101rbaudes sp\u0113les, kur\u0101s pretiniec\u0113s b\u016bs viet\u0113jo klubu\u00a0&#8220;Eera Viikingit&#8221;, &#8220;Nokian Krp&#8221; un &#8220;Classic&#8221; komandas.<\/p>\n<p>\u00a0<\/p>\n<p style=\"text-align: justify;\">Latvijas jaunie florbolisti turpina gatavoties pasaules \u010dempion\u0101ta fin\u0101lturn\u012bram, kas n\u0101kamgad no 17. l\u012bdz 21. febru\u0101rim norisin\u0101sies m\u016bsu valsts galvaspils\u0113t\u0101 R\u012bg\u0101. Sp\u0113les notiks\u00a0&#8220;Xiaomi Ar\u0113n\u0101&#8221; un &#8220;Komandu sporta sp\u0113\u013cu hall\u0113&#8221;, fin\u0101lturn\u012br\u0101 piedal\u012bsies se\u0161padsmit valstu izlases.<\/p>\n<p style=\"text-align: justify;\">\u00a0<\/p>\n<p style=\"text-align: justify;\">Pag\u0101ju\u0161aj\u0101 m\u0113nes\u012b Ulbrok\u0101 notika pasaules \u010dempion\u0101ta fin\u0101lturn\u012bra apak\u0161grupu izloze. Latvijas v\u012brie\u0161u U19 izlase, kas Starptautisk\u0101s florbola feder\u0101cijas (IFF) rang\u0101 ie\u0146em sesto poz\u012bciju, tika izloz\u0113ta no otr\u0101 groza, kur\u0101 t\u0101 atrad\u0101s kop\u0101 ar slov\u0101kiem, norv\u0113\u0123iem un d\u0101\u0146iem. M\u016bsu florbolistus ieloz\u0113ja B grup\u0101, kur\u0101 vi\u0146i sp\u0113kosies ar \u010cehiju, Somiju un D\u0101niju. A apak\u0161grup\u0101 sp\u0113l\u0113s \u0160veices, Zviedrijas, Slov\u0101kijas un Norv\u0113\u0123ijas izlases. C grup\u0101 tika ieloz\u0113tas Jap\u0101na, V\u0101cija un divas Eiropas zonas kvalifik\u0101cijas veiksminieces, bet D grup\u0101 &#8211; Kan\u0101da, Singap\u016bra, Austr\u0101lija un viena komanda no Eiropas kvalifik\u0101cijas.<\/p>\n<p style=\"text-align: justify;\">\u00a0<\/p>\n<p style=\"text-align: justify;\">Latvie\u0161u pretinieki apak\u0161grup\u0101 somi iepriek\u0161\u0113j\u0101 fin\u0101lturn\u012br\u0101 izc\u012bn\u012bja zelta meda\u013cas, \u010dehi sudraba, bet d\u0101\u0146i ierindoj\u0101s 8. viet\u0101. Latvijas izlase pirms diviem gadiem C\u012brih\u0113 notiku\u0161aj\u0101 pasaules \u010dempion\u0101t\u0101 fini\u0161\u0113ja sestaj\u0101 poz\u012bcij\u0101.<\/p>\n<p style=\"text-align: justify;\">\u00a0<\/p>\n<p>Latvijas U19 izlases kandid\u0101ti<\/p>\n<p>&#13;<br \/>\n&#13;<\/p>\n<tr>&#13;<\/p>\n<td>&#13;<\/p>\n<p align=\"center\">Nr.p.k.<\/p>\n<p>&#13;\n<\/td>\n<p>&#13;<\/p>\n<td>&#13;<\/p>\n<p align=\"center\">V\u0101rds, Uzv\u0101rds<\/p>\n<p>&#13;\n<\/td>\n<p>&#13;<\/p>\n<td>&#13;<\/p>\n<p align=\"center\">Dzim. g.<\/p>\n<p>&#13;\n<\/td>\n<p>&#13;<\/p>\n<td>&#13;<\/p>\n<p align=\"center\">Klubs<\/p>\n<p>&#13;\n<\/td>\n<p>&#13;<br \/>\n<\/tr>\n<p>&#13;<br \/>\n&#13;<br \/>\n&#13;<\/p>\n<tr>&#13;<\/p>\n<td>&#13;<\/p>\n<p align=\"center\">1.<\/p>\n<p>&#13;\n<\/td>\n<p>&#13;<\/p>\n<td>&#13;<\/p>\n<p>Gvido Griez\u012btis<\/p>\n<p>&#13;\n<\/td>\n<p>&#13;<\/p>\n<td>&#13;<\/p>\n<p>2008.<\/p>\n<p>&#13;\n<\/td>\n<p>&#13;<\/p>\n<td>&#13;<\/p>\n<p>FK Kur\u0161i<\/p>\n<p>&#13;\n<\/td>\n<p>&#13;<br \/>\n<\/tr>\n<p>&#13;<\/p>\n<tr>&#13;<\/p>\n<td>&#13;<\/p>\n<p align=\"center\">2.<\/p>\n<p>&#13;\n<\/td>\n<p>&#13;<\/p>\n<td>&#13;<\/p>\n<p>Eduards Meisters<\/p>\n<p>&#13;\n<\/td>\n<p>&#13;<\/p>\n<td>&#13;<\/p>\n<p>2009.<\/p>\n<p>&#13;\n<\/td>\n<p>&#13;<\/p>\n<td>&#13;<\/p>\n<p>FK Kur\u0161i<\/p>\n<p>&#13;\n<\/td>\n<p>&#13;<br \/>\n<\/tr>\n<p>&#13;<\/p>\n<tr>&#13;<\/p>\n<td>&#13;<\/p>\n<p align=\"center\">3.<\/p>\n<p>&#13;\n<\/td>\n<p>&#13;<\/p>\n<td>&#13;<\/p>\n<p>Edvards Eglienis<\/p>\n<p>&#13;\n<\/td>\n<p>&#13;<\/p>\n<td>&#13;<\/p>\n<p>2010.<\/p>\n<p>&#13;\n<\/td>\n<p>&#13;<\/p>\n<td>&#13;<\/p>\n<p>FK Kur\u0161i<\/p>\n<p>&#13;\n<\/td>\n<p>&#13;<br \/>\n<\/tr>\n<p>&#13;<\/p>\n<tr>&#13;<\/p>\n<td>&#13;<\/p>\n<p align=\"center\">4.<\/p>\n<p>&#13;\n<\/td>\n<p>&#13;<\/p>\n<td>&#13;<\/p>\n<p>Markuss Nerets<\/p>\n<p>&#13;\n<\/td>\n<p>&#13;<\/p>\n<td>&#13;<\/p>\n<p>2008.<\/p>\n<p>&#13;\n<\/td>\n<p>&#13;<\/p>\n<td>&#13;<\/p>\n<p>FK Kur\u0161i<\/p>\n<p>&#13;\n<\/td>\n<p>&#13;<br \/>\n<\/tr>\n<p>&#13;<\/p>\n<tr>&#13;<\/p>\n<td>&#13;<\/p>\n<p align=\"center\">5.<\/p>\n<p>&#13;\n<\/td>\n<p>&#13;<\/p>\n<td>&#13;<\/p>\n<p>Artis Up\u012btis<\/p>\n<p>&#13;\n<\/td>\n<p>&#13;<\/p>\n<td>&#13;<\/p>\n<p>2008.<\/p>\n<p>&#13;\n<\/td>\n<p>&#13;<\/p>\n<td>&#13;<\/p>\n<p>FK Irlava<\/p>\n<p>&#13;\n<\/td>\n<p>&#13;<br \/>\n<\/tr>\n<p>&#13;<\/p>\n<tr>&#13;<\/p>\n<td>&#13;<\/p>\n<p align=\"center\">6.<\/p>\n<p>&#13;\n<\/td>\n<p>&#13;<\/p>\n<td>&#13;<\/p>\n<p>Aleksis Sa\u013ckovs<\/p>\n<p>&#13;\n<\/td>\n<p>&#13;<\/p>\n<td>&#13;<\/p>\n<p>2009.<\/p>\n<p>&#13;\n<\/td>\n<p>&#13;<\/p>\n<td>&#13;<\/p>\n<p>Lielv\u0101rde<\/p>\n<p>&#13;\n<\/td>\n<p>&#13;<br \/>\n<\/tr>\n<p>&#13;<\/p>\n<tr>&#13;<\/p>\n<td>&#13;<\/p>\n<p align=\"center\">7.<\/p>\n<p>&#13;\n<\/td>\n<p>&#13;<\/p>\n<td>&#13;<\/p>\n<p>Fr\u012bdrihs Feldmanis<\/p>\n<p>&#13;\n<\/td>\n<p>&#13;<\/p>\n<td>&#13;<\/p>\n<p>2009.<\/p>\n<p>&#13;\n<\/td>\n<p>&#13;<\/p>\n<td>&#13;<\/p>\n<p>Lielv\u0101rde<\/p>\n<p>&#13;\n<\/td>\n<p>&#13;<br \/>\n<\/tr>\n<p>&#13;<\/p>\n<tr>&#13;<\/p>\n<td>&#13;<\/p>\n<p align=\"center\">8.<\/p>\n<p>&#13;\n<\/td>\n<p>&#13;<\/p>\n<td>&#13;<\/p>\n<p>K\u0101rlis Vi\u013cums<\/p>\n<p>&#13;\n<\/td>\n<p>&#13;<\/p>\n<td>&#13;<\/p>\n<p>2008.<\/p>\n<p>&#13;\n<\/td>\n<p>&#13;<\/p>\n<td>&#13;<\/p>\n<p>FBK Valmiera<\/p>\n<p>&#13;\n<\/td>\n<p>&#13;<br \/>\n<\/tr>\n<p>&#13;<\/p>\n<tr>&#13;<\/p>\n<td>&#13;<\/p>\n<p align=\"center\">9.<\/p>\n<p>&#13;\n<\/td>\n<p>&#13;<\/p>\n<td>&#13;<\/p>\n<p>K\u0101rlis Laukmanis<\/p>\n<p>&#13;\n<\/td>\n<p>&#13;<\/p>\n<td>&#13;<\/p>\n<p>2008.<\/p>\n<p>&#13;\n<\/td>\n<p>&#13;<\/p>\n<td>&#13;<\/p>\n<p>FK Talsi<\/p>\n<p>&#13;\n<\/td>\n<p>&#13;<br \/>\n<\/tr>\n<p>&#13;<\/p>\n<tr>&#13;<\/p>\n<td>&#13;<\/p>\n<p align=\"center\">10.<\/p>\n<p>&#13;\n<\/td>\n<p>&#13;<\/p>\n<td>&#13;<\/p>\n<p>Kl\u0101vs V\u012btols<\/p>\n<p>&#13;\n<\/td>\n<p>&#13;<\/p>\n<td>&#13;<\/p>\n<p>2008.<\/p>\n<p>&#13;\n<\/td>\n<p>&#13;<\/p>\n<td>&#13;<\/p>\n<p>FK Talsi<\/p>\n<p>&#13;\n<\/td>\n<p>&#13;<br \/>\n<\/tr>\n<p>&#13;<\/p>\n<tr>&#13;<\/p>\n<td>&#13;<\/p>\n<p align=\"center\">11.<\/p>\n<p>&#13;\n<\/td>\n<p>&#13;<\/p>\n<td>&#13;<\/p>\n<p>Adrians Spunde<\/p>\n<p>&#13;\n<\/td>\n<p>&#13;<\/p>\n<td>&#13;<\/p>\n<p>2008.<\/p>\n<p>&#13;\n<\/td>\n<p>&#13;<\/p>\n<td>&#13;<\/p>\n<p>FK Talsi<\/p>\n<p>&#13;\n<\/td>\n<p>&#13;<br \/>\n<\/tr>\n<p>&#13;<\/p>\n<tr>&#13;<\/p>\n<td>&#13;<\/p>\n<p align=\"center\">12.<\/p>\n<p>&#13;\n<\/td>\n<p>&#13;<\/p>\n<td>&#13;<\/p>\n<p>R\u016bdolfs Niedr\u0101js<\/p>\n<p>&#13;\n<\/td>\n<p>&#13;<\/p>\n<td>&#13;<\/p>\n<p>2008.<\/p>\n<p>&#13;\n<\/td>\n<p>&#13;<\/p>\n<td>&#13;<\/p>\n<p>FK Talsi<\/p>\n<p>&#13;\n<\/td>\n<p>&#13;<br \/>\n<\/tr>\n<p>&#13;<\/p>\n<tr>&#13;<\/p>\n<td>&#13;<\/p>\n<p align=\"center\">13.<\/p>\n<p>&#13;\n<\/td>\n<p>&#13;<\/p>\n<td>&#13;<\/p>\n<p>D\u0101vis Auzi\u0146\u0161<\/p>\n<p>&#13;\n<\/td>\n<p>&#13;<\/p>\n<td>&#13;<\/p>\n<p>2008.<\/p>\n<p>&#13;\n<\/td>\n<p>&#13;<\/p>\n<td>&#13;<\/p>\n<p>FK Talsi<\/p>\n<p>&#13;\n<\/td>\n<p>&#13;<br \/>\n<\/tr>\n<p>&#13;<\/p>\n<tr>&#13;<\/p>\n<td>&#13;<\/p>\n<p align=\"center\">14.<\/p>\n<p>&#13;\n<\/td>\n<p>&#13;<\/p>\n<td>&#13;<\/p>\n<p>Anrijs Strazdi\u0146\u0161<\/p>\n<p>&#13;\n<\/td>\n<p>&#13;<\/p>\n<td>&#13;<\/p>\n<p>2009.<\/p>\n<p>&#13;\n<\/td>\n<p>&#13;<\/p>\n<td>&#13;<\/p>\n<p>\u0136ekavas Bulldogs<\/p>\n<p>&#13;\n<\/td>\n<p>&#13;<br \/>\n<\/tr>\n<p>&#13;<\/p>\n<tr>&#13;<\/p>\n<td>&#13;<\/p>\n<p align=\"center\">15.<\/p>\n<p>&#13;\n<\/td>\n<p>&#13;<\/p>\n<td>&#13;<\/p>\n<p>Kri\u0161s Jan\u010duks<\/p>\n<p>&#13;\n<\/td>\n<p>&#13;<\/p>\n<td>&#13;<\/p>\n<p>2009.<\/p>\n<p>&#13;\n<\/td>\n<p>&#13;<\/p>\n<td>&#13;<\/p>\n<p>Rubene<\/p>\n<p>&#13;\n<\/td>\n<p>&#13;<br \/>\n<\/tr>\n<p>&#13;<\/p>\n<tr>&#13;<\/p>\n<td>&#13;<\/p>\n<p align=\"center\">16.<\/p>\n<p>&#13;\n<\/td>\n<p>&#13;<\/p>\n<td>&#13;<\/p>\n<p>Gustavs Liekni\u0146\u0161<\/p>\n<p>&#13;\n<\/td>\n<p>&#13;<\/p>\n<td>&#13;<\/p>\n<p>2008.<\/p>\n<p>&#13;\n<\/td>\n<p>&#13;<\/p>\n<td>&#13;<\/p>\n<p>FS Masters<\/p>\n<p>&#13;\n<\/td>\n<p>&#13;<br \/>\n<\/tr>\n<p>&#13;<\/p>\n<tr>&#13;<\/p>\n<td>&#13;<\/p>\n<p align=\"center\">17.<\/p>\n<p>&#13;\n<\/td>\n<p>&#13;<\/p>\n<td>&#13;<\/p>\n<p>Markus Sanders<\/p>\n<p>&#13;\n<\/td>\n<p>&#13;<\/p>\n<td>&#13;<\/p>\n<p>2008.<\/p>\n<p>&#13;\n<\/td>\n<p>&#13;<\/p>\n<td>&#13;<\/p>\n<p>FS Masters<\/p>\n<p>&#13;\n<\/td>\n<p>&#13;<br \/>\n<\/tr>\n<p>&#13;<\/p>\n<tr>&#13;<\/p>\n<td>&#13;<\/p>\n<p align=\"center\">18.<\/p>\n<p>&#13;\n<\/td>\n<p>&#13;<\/p>\n<td>&#13;<\/p>\n<p>K\u0101rlis Fel\u0161us<\/p>\n<p>&#13;\n<\/td>\n<p>&#13;<\/p>\n<td>&#13;<\/p>\n<p>2009.<\/p>\n<p>&#13;\n<\/td>\n<p>&#13;<\/p>\n<td>&#13;<\/p>\n<p>FS Masters<\/p>\n<p>&#13;\n<\/td>\n<p>&#13;<br \/>\n<\/tr>\n<p>&#13;<\/p>\n<tr>&#13;<\/p>\n<td>&#13;<\/p>\n<p align=\"center\">19.<\/p>\n<p>&#13;\n<\/td>\n<p>&#13;<\/p>\n<td>&#13;<\/p>\n<p>D\u0101vids Cim\u017ea<\/p>\n<p>&#13;\n<\/td>\n<p>&#13;<\/p>\n<td>&#13;<\/p>\n<p>2008.<\/p>\n<p>&#13;\n<\/td>\n<p>&#13;<\/p>\n<td>&#13;<\/p>\n<p>FS Masters<\/p>\n<p>&#13;\n<\/td>\n<p>&#13;<br \/>\n<\/tr>\n<p>&#13;<\/p>\n<tr>&#13;<\/p>\n<td>&#13;<\/p>\n<p align=\"center\">20.<\/p>\n<p>&#13;\n<\/td>\n<p>&#13;<\/p>\n<td>&#13;<\/p>\n<p>Haralds \u0100bele<\/p>\n<p>&#13;\n<\/td>\n<p>&#13;<\/p>\n<td>&#13;<\/p>\n<p>2009.<\/p>\n<p>&#13;\n<\/td>\n<p>&#13;<\/p>\n<td>&#13;<\/p>\n<p>Thurgau<\/p>\n<p>&#13;\n<\/td>\n<p>&#13;<br \/>\n<\/tr>\n<p>&#13;<\/p>\n<tr>&#13;<\/p>\n<td>&#13;<\/p>\n<p align=\"center\">21.<\/p>\n<p>&#13;\n<\/td>\n<p>&#13;<\/p>\n<td>&#13;<\/p>\n<p>Roberts \u0100bele<\/p>\n<p>&#13;\n<\/td>\n<p>&#13;<\/p>\n<td>&#13;<\/p>\n<p>2009.<\/p>\n<p>&#13;\n<\/td>\n<p>&#13;<\/p>\n<td>&#13;<\/p>\n<p>Thurgau<\/p>\n<p>&#13;\n<\/td>\n<p>&#13;<br \/>\n<\/tr>\n<p>&#13;<\/p>\n<tr>&#13;<\/p>\n<td>&#13;<\/p>\n<p align=\"center\">22.<\/p>\n<p>&#13;\n<\/td>\n<p>&#13;<\/p>\n<td>&#13;<\/p>\n<p>Kristaps Petrovskis<\/p>\n<p>&#13;\n<\/td>\n<p>&#13;<\/p>\n<td>&#13;<\/p>\n<p>2008.<\/p>\n<p>&#13;\n<\/td>\n<p>&#13;<\/p>\n<td>&#13;<\/p>\n<p>Storvreta<\/p>\n<p>&#13;\n<\/td>\n<p>&#13;<br \/>\n<\/tr>\n<p>&#13;<\/p>\n<tr>&#13;<\/p>\n<td>&#13;<\/p>\n<p align=\"center\">23.<\/p>\n<p>&#13;\n<\/td>\n<p>&#13;<\/p>\n<td>&#13;<\/p>\n<p>Gustavs Marks Zari\u0146\u0161<\/p>\n<p>&#13;\n<\/td>\n<p>&#13;<\/p>\n<td>&#13;<\/p>\n<p>2008.<\/p>\n<p>&#13;\n<\/td>\n<p>&#13;<\/p>\n<td>&#13;<\/p>\n<p>H\u00e4sselby<\/p>\n<p>&#13;\n<\/td>\n<p>&#13;<br \/>\n<\/tr>\n<p>&#13;<br \/>\n&#13;<\/p>\n<p style=\"text-align: justify;\">\u00a0<\/p>\n<p style=\"text-align: justify;\">Izlases person\u0101ls<\/p>\n<p style=\"text-align: justify;\">Galvenais treneris: Artis Raitums<\/p>\n<p style=\"text-align: justify;\">Treneris: Toms Akme\u0146lauks<\/p>\n<p style=\"text-align: justify;\">Treneris: Pauls Erenbots<\/p>\n<p style=\"text-align: justify;\">V\u0101rtsargu treneris: Sandijs Gabriels Sili\u0146\u0161<\/p>\n<p style=\"text-align: justify;\">Fizisk\u0101s sagatavot\u012bbas treneris: Mikus Embrekts<\/p>\n<p style=\"text-align: justify;\">Fizioterapeite: Evel\u012bna Kasja\u0146enko<\/p>\n<p style=\"text-align: justify;\">Invent\u0101ra mened\u017eeris: Arsenijs Potapovs<\/p>\n<p style=\"text-align: justify;\">Izlases mened\u017eere: Klinta \u0100boli\u0146a<\/p>\n","protected":false},"excerpt":{"rendered":"Junioru izlases kandid\u0101tiem tr\u012bs dienu treni\u0146nometne Somij\u0101 \u0160odien 23 Latvijas U19 florbola izlases kandid\u0101ti sava galven\u0101 trenera Arta&hellip;\n","protected":false},"author":2,"featured_media":285259,"comment_status":"","ping_status":"","sticky":false,"template":"","format":"standard","meta":{"footnotes":"","_share_on_mastodon":"0"},"categories":[17],"tags":[405,1039,42389,7610,42390,35,39,38,36,37,34,1038,40,24097,67,2643],"class_list":["post-285258","post","type-post","status-publish","format-standard","has-post-thumbnail","category-sports","tag-405","tag-cempionata","tag-grupa","tag-izlases","tag-jaunie","tag-latvia","tag-latvian","tag-latviesu","tag-latviesu-valoda","tag-latviesuvaloda","tag-latvija","tag-latvijas","tag-lv","tag-pasaules","tag-sports","tag-treneris"],"share_on_mastodon":{"url":"https:\/\/pubeurope.com\/@lv\/117210168087465757","error":""},"_links":{"self":[{"href":"https:\/\/www.europesays.com\/lv\/wp-json\/wp\/v2\/posts\/285258","targetHints":{"allow":["GET"]}}],"collection":[{"href":"https:\/\/www.europesays.com\/lv\/wp-json\/wp\/v2\/posts"}],"about":[{"href":"https:\/\/www.europesays.com\/lv\/wp-json\/wp\/v2\/types\/post"}],"author":[{"embeddable":true,"href":"https:\/\/www.europesays.com\/lv\/wp-json\/wp\/v2\/users\/2"}],"replies":[{"embeddable":true,"href":"https:\/\/www.europesays.com\/lv\/wp-json\/wp\/v2\/comments?post=285258"}],"version-history":[{"count":0,"href":"https:\/\/www.europesays.com\/lv\/wp-json\/wp\/v2\/posts\/285258\/revisions"}],"wp:featuredmedia":[{"embeddable":true,"href":"https:\/\/www.europesays.com\/lv\/wp-json\/wp\/v2\/media\/285259"}],"wp:attachment":[{"href":"https:\/\/www.europesays.com\/lv\/wp-json\/wp\/v2\/media?parent=285258"}],"wp:term":[{"taxonomy":"category","embeddable":true,"href":"https:\/\/www.europesays.com\/lv\/wp-json\/wp\/v2\/categories?post=285258"},{"taxonomy":"post_tag","embeddable":true,"href":"https:\/\/www.europesays.com\/lv\/wp-json\/wp\/v2\/tags?post=285258"}],"curies":[{"name":"wp","href":"https:\/\/api.w.org\/{rel}","templated":true}]}}