{"id":285288,"date":"2026-09-04T03:44:00","date_gmt":"2026-09-04T03:44:00","guid":{"rendered":"https:\/\/www.europesays.com\/lv\/285288\/"},"modified":"2026-09-04T03:44:00","modified_gmt":"2026-09-04T03:44:00","slug":"latvija-pazistamas-personas-parada-ka-vinu-gimenes-atzimeja-zinibu-dienu-apollo-lv","status":"publish","type":"post","link":"https:\/\/www.europesays.com\/lv\/285288\/","title":{"rendered":"Latvij\u0101 paz\u012bstamas personas par\u0101da, k\u0101 vi\u0146u \u0123imen\u0113s atz\u012bm\u0113ja Zin\u012bbu dienu &#8211; Apollo.lv"},"content":{"rendered":"<ol>\n<li><a href=\"https:\/\/news.google.com\/rss\/articles\/CBMipAFBVV95cUxOeW1iNi1sR2FjNTdmM0doXzg1XzIzeUplLUc1cUNVMUFMc0ZueXhqUVFMVEZrem1CTFRlS3g0R3NUZjhPN1dVSWg4R3ZDN0tfZ0VSSXpXSlFoY2M4NXJodzNiZTJIbjZpamM4S0l3SjQ2bHIxS1QxMUNkU0lfbHRIdzhsMHFJc0JGSGhlTWlJZW9qN2EweXpxdmhWSURHazBhekZNbQ?oc=5\" target=\"_blank\" rel=\"nofollow noopener\">Latvij\u0101 paz\u012bstamas personas par\u0101da, k\u0101 vi\u0146u \u0123imen\u0113s atz\u012bm\u0113ja Zin\u012bbu dienu<\/a>&nbsp;&nbsp;Apollo.lv<\/li>\n<li><a href=\"https:\/\/news.google.com\/rss\/articles\/CBMiqgFBVV95cUxNNndXREpaN3VhQmM1UGsxWnYzOUdZSE9EQlN0eHdHSDhNQnZyMmpPdlY0a0U4ZGxqczUwdHhyNUVwSDZDRG5tUnBaOVRGMFBNRnJnaWlna1otMmJqTmQyNHYxbHJxT2lhaXllMmFoM052bU54LW5ZSzJYTy1JSVIwcjB3RmlCWUZFeFp1emhMeHpGYmhwYkc5S0RvcGlOUmxsTU1wcFU3R1VPQQ?oc=5\" target=\"_blank\" rel=\"nofollow noopener\">Foto: K\u0101 taut\u0101 zin\u0101mi \u013caudis Zin\u012bbu dienu aizvad\u012bja<\/a>&nbsp;&nbsp;DELFI<\/li>\n<li><a href=\"https:\/\/news.google.com\/rss\/articles\/CBMiygFBVV95cUxNT3h0YXlkMjNMenEzVVlTY1ZkOFd4c0xlaW53OTJpRDlfcGFuelBXZ1NlUEd5azQydWozVjdxQjBRd2s1bzlKVFZIRnQ2Mm1ZdmthR0M5RVh1SlpqZjdsNzZjZkdkSzRKTm05dk9maVJHUUlVZi1FMGtUc1U5dE5IWU1PbUl2dnRTQkt6Q0hmeklSRzJiT1h2aHp2aFA5SFZEdThYb25DeFRWdjlkVGg1Tm53TnpBU2VlcGZjRmxoazBmTG5ILVZzR2VR?oc=5\" target=\"_blank\" rel=\"nofollow noopener\">FOTO: Intars Busulis par\u0101da, k\u0101ds paties\u012bb\u0101 izskat\u0101s 1. septembris daudzb\u0113rnu \u0123imen\u0113<\/a>&nbsp;&nbsp;Santa.lv<\/li>\n<li><a href=\"https:\/\/news.google.com\/rss\/articles\/CBMilAFBVV95cUxNZDhxbUtSNGlSYzhuZ0RTclRqTjd2WlY3R2k4aEtuWWdDUjU0M1hFcFhaZWRjTm9XNjBObWlBSVNTODI4ZWxMc0g2b2V5QVdTZm9xRFhaZk81ZGI3Snc1VUljR19CLXI3U2RHMGVWTHFETXNhbmtISjZiNDY3UkVPX0FrSnN5RmpwLVg5aWNsamptOGx2?oc=5\" target=\"_blank\" rel=\"nofollow noopener\">FOTO. Sabiedr\u012bb\u0101 zin\u0101mi cilv\u0113ki pavada savas atvases jaunaj\u0101 m\u0101c\u012bbu gad\u0101<\/a>&nbsp;&nbsp;LA.LV<\/li>\n<\/ol>\n","protected":false},"excerpt":{"rendered":"Latvij\u0101 paz\u012bstamas personas par\u0101da, k\u0101 vi\u0146u \u0123imen\u0113s atz\u012bm\u0113ja Zin\u012bbu dienu&nbsp;&nbsp;Apollo.lv Foto: K\u0101 taut\u0101 zin\u0101mi \u013caudis Zin\u012bbu dienu aizvad\u012bja&nbsp;&nbsp;DELFI&hellip;\n","protected":false},"author":2,"featured_media":285289,"comment_status":"","ping_status":"","sticky":false,"template":"","format":"standard","meta":{"footnotes":"","_share_on_mastodon":"0"},"categories":[19],"tags":[89,90,35,39,38,36,37,34,40,42224],"class_list":["post-285288","post","type-post","status-publish","format-standard","has-post-thumbnail","category-izklaide","tag-entertainment","tag-izklaide","tag-latvia","tag-latvian","tag-latviesu","tag-latviesu-valoda","tag-latviesuvaloda","tag-latvija","tag-lv","tag-zinibu-diena"],"share_on_mastodon":{"url":"https:\/\/pubeurope.com\/@lv\/117210714315744084","error":""},"_links":{"self":[{"href":"https:\/\/www.europesays.com\/lv\/wp-json\/wp\/v2\/posts\/285288","targetHints":{"allow":["GET"]}}],"collection":[{"href":"https:\/\/www.europesays.com\/lv\/wp-json\/wp\/v2\/posts"}],"about":[{"href":"https:\/\/www.europesays.com\/lv\/wp-json\/wp\/v2\/types\/post"}],"author":[{"embeddable":true,"href":"https:\/\/www.europesays.com\/lv\/wp-json\/wp\/v2\/users\/2"}],"replies":[{"embeddable":true,"href":"https:\/\/www.europesays.com\/lv\/wp-json\/wp\/v2\/comments?post=285288"}],"version-history":[{"count":0,"href":"https:\/\/www.europesays.com\/lv\/wp-json\/wp\/v2\/posts\/285288\/revisions"}],"wp:featuredmedia":[{"embeddable":true,"href":"https:\/\/www.europesays.com\/lv\/wp-json\/wp\/v2\/media\/285289"}],"wp:attachment":[{"href":"https:\/\/www.europesays.com\/lv\/wp-json\/wp\/v2\/media?parent=285288"}],"wp:term":[{"taxonomy":"category","embeddable":true,"href":"https:\/\/www.europesays.com\/lv\/wp-json\/wp\/v2\/categories?post=285288"},{"taxonomy":"post_tag","embeddable":true,"href":"https:\/\/www.europesays.com\/lv\/wp-json\/wp\/v2\/tags?post=285288"}],"curies":[{"name":"wp","href":"https:\/\/api.w.org\/{rel}","templated":true}]}}