{"id":285338,"date":"2026-09-04T05:38:21","date_gmt":"2026-09-04T05:38:21","guid":{"rendered":"https:\/\/www.europesays.com\/lv\/285338\/"},"modified":"2026-09-04T05:38:21","modified_gmt":"2026-09-04T05:38:21","slug":"nikolajs-puzikovs-ar-sievu-gitu-hertu-kluvusi-par-vecakiem-1188-lv","status":"publish","type":"post","link":"https:\/\/www.europesays.com\/lv\/285338\/","title":{"rendered":"Nikolajs Puzikovs ar sievu Gitu Hertu k\u013cuvu\u0161i par vec\u0101kiem &#8211; 1188.lv"},"content":{"rendered":"<ol>\n<li><a href=\"https:\/\/news.google.com\/rss\/articles\/CBMilAFBVV95cUxPTEstdWpFSUJoUnRzNHRnQzBOdVRGdmRQakwyYnpsRGNfbGpiWFZQRkIzTEVSanV0UmR2RVlRSjIzOHJYRkJvRktzdGZoTk5md1I1UEVYT2x2NXJUZWJzekVualhfTG9LTFdlWTZORVRJbDNmTllYTXRmUGJISFBYaTZxN2VsRW1Da2NickxrQW5nek9n?oc=5\" target=\"_blank\" rel=\"nofollow noopener\">Nikolajs Puzikovs ar sievu Gitu Hertu k\u013cuvu\u0161i par vec\u0101kiem<\/a>&nbsp;&nbsp;1188.lv<\/li>\n<li><a href=\"https:\/\/news.google.com\/rss\/articles\/CBMijgFBVV95cUxNUjdiZDJ2TnBxWHAxbm1KeGhCajhJTF9xd2FVT3dDZGhBa1JZdWZtVkphMkhhSGhodk41c2p4RU9pU3FDbk5VWjNwTEhnOUZxT2ZkMDBpcTNhR0tvb1BMQ3ItamZRSjRUWkZGUEFLRHFFdzZVT2dORk1vVmZmc2RpSWdPZGVsVXo4V09LaG9n?oc=5\" target=\"_blank\" rel=\"nofollow noopener\">\u201cLaim\u012bgi pazi\u0146ojam\u2026\u201d Nikolajs Puzikovs publisko ilgi gaid\u012btus jaunumus<\/a>&nbsp;&nbsp;LA.LV<\/li>\n<li><a href=\"https:\/\/news.google.com\/rss\/articles\/CBMiqgFBVV95cUxNRHFsdzRiSnJXSTBJeEl3eVZFM2tUNGxYVHpkeEJMVFZlQl9lMFVCalpiQlI2b0dlSGpZMEY5RjZfLTYweE1PSk9MNk9YcGdSejVHYXpHaHppckg2VHhYMUdmcGRYNkVHZ0tCMWI4QXRGUzhSSVEzM0NEcnhwcExkTXVKTGFxU1BLRnlsc3NJSkNLMklaQ2VQYVJIczlKOVR4UjJMU1RxenJGQQ?oc=5\" target=\"_blank\" rel=\"nofollow noopener\">Sieva Herta d\u0101v\u0101jusi Nikolajam Puzikovam pirmdzimto<\/a>&nbsp;&nbsp;tv3.lv<\/li>\n<li><a href=\"https:\/\/news.google.com\/rss\/articles\/CBMimgFBVV95cUxQVkVqYm9Mc1Jfdm9PLURYTHdMSXBtN3pmMHBYbHJPc1pXeUMwVnF1VnR4N3k0cUxsM19OZks1LUlRWS13ZUR1ZHgtNVJyOS0zdzI5N1dCY1pyQVV4dHRVVGdFVjUzUkZ2dHpQVS1KbE5kaXRuUDNvUEdZNzduakJuRlA0MkdyUThmZmIyNEI5cWp2dkIxWVZ4cG93?oc=5\" target=\"_blank\" rel=\"nofollow noopener\">Dziedo\u0161ais policists Nikolajs Puzikovs k\u013cuvis par t\u0113ti.<\/a>&nbsp;&nbsp;Jauns.lv<\/li>\n<li><a href=\"https:\/\/news.google.com\/rss\/articles\/CBMiwAFBVV95cUxPU1FPRC1RZkZ0ZFkzVnBFeE5TdkNXNnE5cFJBSFhSZmRUV1JiSzVTa3F1M2ctMmNWbWFmTnJiNTRhT196ZENxY0hKSGxlQWc1cXY5NXZfMzhsRDJYSEJXVDEzZ0E0MHZ0eldkc0loT25qLUR2T010TXV1bEVJbDZlVTFfNU9ZVTVJQkpVVkVsYnNMSHhoTDNPOFJfX3I2VmYwcTlYXzJuOGVmd21ZUTgxYVJFOUNIN2o2LU1ZNTBEOXo?oc=5\" target=\"_blank\" rel=\"nofollow noopener\">Dziedo\u0161ais policists Nikolajs Puzikovs dal\u0101s ar priec\u012bgu v\u0113sti \u2013 vi\u0146\u0161 k\u013cuvis par t\u0113ti<\/a>&nbsp;&nbsp;OgreNet<\/li>\n<\/ol>\n","protected":false},"excerpt":{"rendered":"Nikolajs Puzikovs ar sievu Gitu Hertu k\u013cuvu\u0161i par vec\u0101kiem&nbsp;&nbsp;1188.lv \u201cLaim\u012bgi pazi\u0146ojam\u2026\u201d Nikolajs Puzikovs publisko ilgi gaid\u012btus jaunumus&nbsp;&nbsp;LA.LV Sieva&hellip;\n","protected":false},"author":2,"featured_media":285339,"comment_status":"","ping_status":"","sticky":false,"template":"","format":"standard","meta":{"footnotes":"","_share_on_mastodon":"0"},"categories":[19],"tags":[129,30513,1773,22304,89,90,35,39,38,36,37,34,40,22305,1774,30514,22306,1775,30515],"class_list":["post-285338","post","type-post","status-publish","format-standard","has-post-thumbnail","category-izklaide","tag-__typenameadvicekeyword","tag-id1051","tag-id1061","tag-id821","tag-entertainment","tag-izklaide","tag-latvia","tag-latvian","tag-latviesu","tag-latviesu-valoda","tag-latviesuvaloda","tag-latvija","tag-lv","tag-slugnikolajs-puzikovs","tag-slugslavenibas","tag-slugvecaki","tag-titlenikolajs-puzikovs","tag-titleslavenibas","tag-titlevecaki"],"share_on_mastodon":{"url":"https:\/\/pubeurope.com\/@lv\/117211162712359161","error":""},"_links":{"self":[{"href":"https:\/\/www.europesays.com\/lv\/wp-json\/wp\/v2\/posts\/285338","targetHints":{"allow":["GET"]}}],"collection":[{"href":"https:\/\/www.europesays.com\/lv\/wp-json\/wp\/v2\/posts"}],"about":[{"href":"https:\/\/www.europesays.com\/lv\/wp-json\/wp\/v2\/types\/post"}],"author":[{"embeddable":true,"href":"https:\/\/www.europesays.com\/lv\/wp-json\/wp\/v2\/users\/2"}],"replies":[{"embeddable":true,"href":"https:\/\/www.europesays.com\/lv\/wp-json\/wp\/v2\/comments?post=285338"}],"version-history":[{"count":0,"href":"https:\/\/www.europesays.com\/lv\/wp-json\/wp\/v2\/posts\/285338\/revisions"}],"wp:featuredmedia":[{"embeddable":true,"href":"https:\/\/www.europesays.com\/lv\/wp-json\/wp\/v2\/media\/285339"}],"wp:attachment":[{"href":"https:\/\/www.europesays.com\/lv\/wp-json\/wp\/v2\/media?parent=285338"}],"wp:term":[{"taxonomy":"category","embeddable":true,"href":"https:\/\/www.europesays.com\/lv\/wp-json\/wp\/v2\/categories?post=285338"},{"taxonomy":"post_tag","embeddable":true,"href":"https:\/\/www.europesays.com\/lv\/wp-json\/wp\/v2\/tags?post=285338"}],"curies":[{"name":"wp","href":"https:\/\/api.w.org\/{rel}","templated":true}]}}