{"id":285454,"date":"2026-09-04T07:21:29","date_gmt":"2026-09-04T07:21:29","guid":{"rendered":"https:\/\/www.europesays.com\/lv\/285454\/"},"modified":"2026-09-04T07:21:29","modified_gmt":"2026-09-04T07:21:29","slug":"galvenie-virzieni-un-pieturas-punkti-kas-jazina-par-modi-saja-rudeni","status":"publish","type":"post","link":"https:\/\/www.europesays.com\/lv\/285454\/","title":{"rendered":"Galvenie virzieni un pieturas punkti, kas j\u0101zina par modi \u0161aj\u0101 ruden\u012b"},"content":{"rendered":"<p>Ja \u0161\u012b vasara bija k\u0101 antialgoritmu \u0123\u0113rb\u0161an\u0101s vingrin\u0101jums, tad <a rel=\"noopener nofollow\" target=\"_blank\" href=\"https:\/\/www.delfi.lv\/temas\/44182851\/rudens\" data-rel-date-range=\"[]\">rudens<\/a> un ziemas sezona spers soli v\u0113l t\u0101l\u0101k un iek\u0101ps fant\u0101ziju zem\u0113, t\u0101lu prom no piezem\u0113t\u0101s realit\u0101tes un visa t\u0101, ko zin\u0101m, saprotam un esam \u0161aj\u0101 dz\u012bv\u0113 apguvu\u0161i. Ne velti z\u012bmola &#8220;<a rel=\"noopener nofollow\" target=\"_blank\" href=\"https:\/\/www.delfi.lv\/temas\/53486739\/louis-vuitton\" data-rel-date-range=\"[]\">Louis Vuitton<\/a>&#8221; dizainers Nikolass Geskj\u0113rs mums uzsauc: &#8220;Folklora n\u0101kotnei!&#8221; J\u0101, korporat\u012bvaj\u0101 vid\u0113 ir savi likumi un tikumi, bet dizaineri un z\u012bmoli aus\u012b \u010dukst \u2013 mazliet izklaides un gr\u0113ka pie\u0161\u0137ir dz\u012bvei asumu! &#8220;M\u0113s \u0161aj\u0101 pasaul\u0113 esam maz\u012bti\u0146i, ta\u010du pietiekami,&#8221; uzmundrina z\u012bmola &#8220;<a rel=\"noopener nofollow\" target=\"_blank\" href=\"https:\/\/www.delfi.lv\/temas\/42758296\/prada\" data-rel-date-range=\"[]\">Prada<\/a>&#8221; dizainere Miu\u010da Prada.<\/p>\n","protected":false},"excerpt":{"rendered":"Ja \u0161\u012b vasara bija k\u0101 antialgoritmu \u0123\u0113rb\u0161an\u0101s vingrin\u0101jums, tad rudens un ziemas sezona spers soli v\u0113l t\u0101l\u0101k un&hellip;\n","protected":false},"author":2,"featured_media":285455,"comment_status":"","ping_status":"","sticky":false,"template":"","format":"standard","meta":{"footnotes":"","_share_on_mastodon":"0"},"categories":[19],"tags":[3976,31061,2058,89,42412,6262,90,35,39,38,36,37,34,42411,40,6324,3058,42410,155,40450],"class_list":["post-285454","post","type-post","status-publish","format-standard","has-post-thumbnail","category-izklaide","tag-atelpas-bridim","tag-balenciaga","tag-chanel","tag-entertainment","tag-fendi","tag-givenchy","tag-izklaide","tag-latvia","tag-latvian","tag-latviesu","tag-latviesu-valoda","tag-latviesuvaloda","tag-latvija","tag-louis-vuitton","tag-lv","tag-modes-skate","tag-modes-tendences","tag-prada","tag-rudens","tag-stils-un-mode"],"share_on_mastodon":{"url":"https:\/\/pubeurope.com\/@lv\/117211567681250843","error":""},"_links":{"self":[{"href":"https:\/\/www.europesays.com\/lv\/wp-json\/wp\/v2\/posts\/285454","targetHints":{"allow":["GET"]}}],"collection":[{"href":"https:\/\/www.europesays.com\/lv\/wp-json\/wp\/v2\/posts"}],"about":[{"href":"https:\/\/www.europesays.com\/lv\/wp-json\/wp\/v2\/types\/post"}],"author":[{"embeddable":true,"href":"https:\/\/www.europesays.com\/lv\/wp-json\/wp\/v2\/users\/2"}],"replies":[{"embeddable":true,"href":"https:\/\/www.europesays.com\/lv\/wp-json\/wp\/v2\/comments?post=285454"}],"version-history":[{"count":0,"href":"https:\/\/www.europesays.com\/lv\/wp-json\/wp\/v2\/posts\/285454\/revisions"}],"wp:featuredmedia":[{"embeddable":true,"href":"https:\/\/www.europesays.com\/lv\/wp-json\/wp\/v2\/media\/285455"}],"wp:attachment":[{"href":"https:\/\/www.europesays.com\/lv\/wp-json\/wp\/v2\/media?parent=285454"}],"wp:term":[{"taxonomy":"category","embeddable":true,"href":"https:\/\/www.europesays.com\/lv\/wp-json\/wp\/v2\/categories?post=285454"},{"taxonomy":"post_tag","embeddable":true,"href":"https:\/\/www.europesays.com\/lv\/wp-json\/wp\/v2\/tags?post=285454"}],"curies":[{"name":"wp","href":"https:\/\/api.w.org\/{rel}","templated":true}]}}