{"id":28551,"date":"2025-10-22T21:00:14","date_gmt":"2025-10-22T21:00:14","guid":{"rendered":"https:\/\/www.europesays.com\/lv\/28551\/"},"modified":"2025-10-22T21:00:14","modified_gmt":"2025-10-22T21:00:14","slug":"eiropas-savieniba-vienojas-par-jaunam-sankcijam-pret-krieviju","status":"publish","type":"post","link":"https:\/\/www.europesays.com\/lv\/28551\/","title":{"rendered":"Eiropas Savien\u012bba vienojas par jaun\u0101m sankcij\u0101m pret Krieviju"},"content":{"rendered":"<p>Eiropas Savien\u012bbas (ES) dal\u012bbvalstis tre\u0161dien vienoju\u0161\u0101s par jaun\u0101m sankcij\u0101m pret Krieviju, taj\u0101 skait\u0101 par turpm\u0101ku krievu naftas un g\u0101zes importa ierobe\u017eo\u0161anu, zi\u0146o <a rel=\"noopener nofollow\" target=\"_blank\" href=\"https:\/\/www.delfi.lv\/temas\/37892905\/danija\" tag-id=\"37892905\">D\u0101nija<\/a>, kas \u0161obr\u012bd pilda bloka prezid\u0113jo\u0161\u0101s valsts pien\u0101kumus.<\/p>\n<p class=\"m-0\">Seko &#8220;Delfi&#8221; ar\u012b  <a target=\"_blank\" href=\"https:\/\/www.instagram.com\/delfi.lv\/\" rel=\"nofollow noopener\">Instagram<\/a>  un <a target=\"_blank\" href=\"https:\/\/www.youtube.com\/channel\/UCw5foWtcJvAbUm64rv7jwUQ\" rel=\"nofollow noopener\">YouTube<\/a>  profil\u0101 \u2013 pievienojies, lai uzzin\u0101tu svar\u012bg\u0101ko un interesant\u0101ko pirmais!<\/p>\n<p>Publik\u0101cijas saturs vai t\u0101s jebk\u0101da apjoma da\u013ca ir aizsarg\u0101ts autorties\u012bbu objekts Autorties\u012bbu likuma izpratn\u0113, un t\u0101 izmanto\u0161ana bez izdev\u0113ja at\u013caujas ir aizliegta. Vair\u0101k lasi  <a target=\"_blank\" href=\"https:\/\/www.delfi.lv\/noteikumi#autortiesibas\" rel=\"nofollow noopener\">\u0161eit<\/a><script async src=\"\/\/www.instagram.com\/embed.js\"><\/script><\/p>\n","protected":false},"excerpt":{"rendered":"Eiropas Savien\u012bbas (ES) dal\u012bbvalstis tre\u0161dien vienoju\u0161\u0101s par jaun\u0101m sankcij\u0101m pret Krieviju, taj\u0101 skait\u0101 par turpm\u0101ku krievu naftas un&hellip;\n","protected":false},"author":2,"featured_media":28552,"comment_status":"","ping_status":"","sticky":false,"template":"","format":"standard","meta":{"footnotes":""},"categories":[5],"tags":[23,28,29,1418,7221,32,33,22,234,74,30,31,35,39,38,36,37,34,40,20,26,27,515,3008,24,25,21],"class_list":{"0":"post-28551","1":"post","2":"type-post","3":"status-publish","4":"format-standard","5":"has-post-thumbnail","7":"category-aktualitates","8":"tag-aktualitates","9":"tag-breaking-news","10":"tag-breakingnews","11":"tag-danija","12":"tag-eiropas-zinas","13":"tag-featured-news","14":"tag-featurednews","15":"tag-headlines","16":"tag-krievija","17":"tag-krievijas-iebrukums-ukraina","18":"tag-latest-news","19":"tag-latestnews","20":"tag-latvia","21":"tag-latvian","22":"tag-latviesu","23":"tag-latviesu-valoda","24":"tag-latviesuvaloda","25":"tag-latvija","26":"tag-lv","27":"tag-news","28":"tag-popularakas-zinas","29":"tag-popularakaszinas","30":"tag-sankcijas-pret-krieviju","31":"tag-slovakija","32":"tag-top-stories","33":"tag-topstories","34":"tag-zinas"},"share_on_mastodon":{"url":"","error":""},"_links":{"self":[{"href":"https:\/\/www.europesays.com\/lv\/wp-json\/wp\/v2\/posts\/28551","targetHints":{"allow":["GET"]}}],"collection":[{"href":"https:\/\/www.europesays.com\/lv\/wp-json\/wp\/v2\/posts"}],"about":[{"href":"https:\/\/www.europesays.com\/lv\/wp-json\/wp\/v2\/types\/post"}],"author":[{"embeddable":true,"href":"https:\/\/www.europesays.com\/lv\/wp-json\/wp\/v2\/users\/2"}],"replies":[{"embeddable":true,"href":"https:\/\/www.europesays.com\/lv\/wp-json\/wp\/v2\/comments?post=28551"}],"version-history":[{"count":0,"href":"https:\/\/www.europesays.com\/lv\/wp-json\/wp\/v2\/posts\/28551\/revisions"}],"wp:featuredmedia":[{"embeddable":true,"href":"https:\/\/www.europesays.com\/lv\/wp-json\/wp\/v2\/media\/28552"}],"wp:attachment":[{"href":"https:\/\/www.europesays.com\/lv\/wp-json\/wp\/v2\/media?parent=28551"}],"wp:term":[{"taxonomy":"category","embeddable":true,"href":"https:\/\/www.europesays.com\/lv\/wp-json\/wp\/v2\/categories?post=28551"},{"taxonomy":"post_tag","embeddable":true,"href":"https:\/\/www.europesays.com\/lv\/wp-json\/wp\/v2\/tags?post=28551"}],"curies":[{"name":"wp","href":"https:\/\/api.w.org\/{rel}","templated":true}]}}