{"id":285592,"date":"2026-09-04T10:01:10","date_gmt":"2026-09-04T10:01:10","guid":{"rendered":"https:\/\/www.europesays.com\/lv\/285592\/"},"modified":"2026-09-04T10:01:10","modified_gmt":"2026-09-04T10:01:10","slug":"tiesas-pedagogu-kurs-engure-pastradaja-25-seksuala-rakstura-noziegumus-pret-deviniem-berniem","status":"publish","type":"post","link":"https:\/\/www.europesays.com\/lv\/285592\/","title":{"rendered":"Ties\u0101s pedagogu, kur\u0161 Engur\u0113 pastr\u0101d\u0101ja 25 seksu\u0101la rakstura noziegumus pret devi\u0146iem b\u0113rniem"},"content":{"rendered":"<p>Pa\u0161laik personai piem\u0113roti dro\u0161\u012bbas l\u012bdzek\u013ci \u2013 aizliegums tuvoties noteiktai personai vai vietai un pien\u0101kums pazi\u0146ot par dz\u012bvesvietas mai\u0146u.<\/p>\n<p><a href=\"https:\/\/www.apollo.lv\/term\/564921\/prokuratura\" class=\"topicLink\" target=\"_blank\" rel=\"nofollow noopener\">Prokurat\u016bra<\/a> nor\u0101da, ka neviena persona netiek uzskat\u012bta par vain\u012bgu, kam\u0113r vi\u0146as vaina noziedz\u012bga nodar\u012bjuma izdar\u012b\u0161an\u0101 netiek konstat\u0113ta Krimin\u0101lprocesa likum\u0101 noteiktaj\u0101 k\u0101rt\u012bb\u0101.<\/p>\n<p>A\u0123ent\u016bra LETA jau zi\u0146oja, ka 2025. gada 20. novembr\u012b policij\u0101 tika sa\u0146emta inform\u0101cija par iesp\u0113jamu seksu\u0101lu vardarb\u012bbu pret mazgad\u012bgu personu Engur\u0113. K\u0101ds b\u0113rns tika inform\u0113jis savu t\u0113vu, ka skolas pulci\u0146a pasniedz\u0113js &#8211; k\u0101ds 1950. gad\u0101 dzimis v\u012brietis -, iesp\u0113jams, veicis seksu\u0101la rakstura darb\u012bbas pret mazgad\u012bgo personu.<\/p>\n<p>Policij\u0101 tika s\u0101kts krimin\u0101lprocess. Izmekl\u0113\u0161anas laik\u0101 procesu\u0101lais darbs veikts kopum\u0101 ar 50 person\u0101m, no kur\u0101m devi\u0146\u0101m tika saglab\u0101ts \u012bpa\u0161i aizsarg\u0101jamo cietu\u0161o personu statuss. Izmekl\u0113\u0161anas laik\u0101 atkl\u0101tas vair\u0101kas noziedz\u012bgu nodar\u012bjumu epizodes, kas izdar\u012btas laika posm\u0101 no 2023. gada apr\u012b\u013ca l\u012bdz 2025. gada novembrim.<\/p>\n<p>M\u0101c\u012bbu iest\u0101des direktors a\u0123ent\u016brai LETA iepriek\u0161 skaidroja, ka par notiku\u0161o policijai zi\u0146oju\u0161i vec\u0101ki.<\/p>\n","protected":false},"excerpt":{"rendered":"Pa\u0161laik personai piem\u0113roti dro\u0161\u012bbas l\u012bdzek\u013ci \u2013 aizliegums tuvoties noteiktai personai vai vietai un pien\u0101kums pazi\u0146ot par dz\u012bvesvietas mai\u0146u.&hellip;\n","protected":false},"author":2,"featured_media":285593,"comment_status":"","ping_status":"","sticky":false,"template":"","format":"standard","meta":{"footnotes":"","_share_on_mastodon":"0"},"categories":[12],"tags":[23,521,28,29,15706,32,33,22,30,31,35,39,38,36,37,34,40,20,20740,26,27,374,701,504,24,25,21],"class_list":["post-285592","post","type-post","status-publish","format-standard","has-post-thumbnail","category-latvija","tag-aktualitates","tag-berni","tag-breaking-news","tag-breakingnews","tag-engure","tag-featured-news","tag-featurednews","tag-headlines","tag-latest-news","tag-latestnews","tag-latvia","tag-latvian","tag-latviesu","tag-latviesu-valoda","tag-latviesuvaloda","tag-latvija","tag-lv","tag-news","tag-pedagogs","tag-popularakas-zinas","tag-popularakaszinas","tag-prokuratura","tag-seksuala-uzmaciba","tag-seksuala-vardarbiba","tag-top-stories","tag-topstories","tag-zinas"],"share_on_mastodon":{"url":"https:\/\/pubeurope.com\/@lv\/117212196523826458","error":""},"_links":{"self":[{"href":"https:\/\/www.europesays.com\/lv\/wp-json\/wp\/v2\/posts\/285592","targetHints":{"allow":["GET"]}}],"collection":[{"href":"https:\/\/www.europesays.com\/lv\/wp-json\/wp\/v2\/posts"}],"about":[{"href":"https:\/\/www.europesays.com\/lv\/wp-json\/wp\/v2\/types\/post"}],"author":[{"embeddable":true,"href":"https:\/\/www.europesays.com\/lv\/wp-json\/wp\/v2\/users\/2"}],"replies":[{"embeddable":true,"href":"https:\/\/www.europesays.com\/lv\/wp-json\/wp\/v2\/comments?post=285592"}],"version-history":[{"count":0,"href":"https:\/\/www.europesays.com\/lv\/wp-json\/wp\/v2\/posts\/285592\/revisions"}],"wp:featuredmedia":[{"embeddable":true,"href":"https:\/\/www.europesays.com\/lv\/wp-json\/wp\/v2\/media\/285593"}],"wp:attachment":[{"href":"https:\/\/www.europesays.com\/lv\/wp-json\/wp\/v2\/media?parent=285592"}],"wp:term":[{"taxonomy":"category","embeddable":true,"href":"https:\/\/www.europesays.com\/lv\/wp-json\/wp\/v2\/categories?post=285592"},{"taxonomy":"post_tag","embeddable":true,"href":"https:\/\/www.europesays.com\/lv\/wp-json\/wp\/v2\/tags?post=285592"}],"curies":[{"name":"wp","href":"https:\/\/api.w.org\/{rel}","templated":true}]}}